{"id":89871,"date":"2019-03-21T16:30:19","date_gmt":"2019-03-21T19:30:19","guid":{"rendered":"http:\/\/www.hoymercedes.com.ar\/principal\/?p=89871"},"modified":"2019-03-21T16:19:38","modified_gmt":"2019-03-21T19:19:38","slug":"ajb-y-cicop-promueven-unidad-de-accion-en-los-reclamos-salariales","status":"publish","type":"post","link":"https:\/\/www.hoymercedes.com.ar\/principal\/2019\/03\/21\/ajb-y-cicop-promueven-unidad-de-accion-en-los-reclamos-salariales\/","title":{"rendered":"AJB y Cicop promueven unidad de acci\u00f3n en los reclamos salariales"},"content":{"rendered":"\n<p>Ambos gremios mantuvieron una reuni\u00f3n en la cual analizaron la situaci\u00f3n en la provincia de Buenos Aires para avanzar en articulaciones con las protestas ante la gobernadora, Mar\u00eda Eugenia Vidal.<\/p>\n\n\n\n<p>Judiciales y m\u00e9dicos de la provincia de Buenos Aires se reunieron para unificar sus reclamos salariales de cara al gobierno provincial, en lo que ser\u00eda el primer paso de un amplia convocatoria a al resto de los sindicatos estatales.<\/p>\n\n\n\n<p>Seg\u00fan trascendi\u00f3, en Dicha reuni\u00f3n AJB y Cicop debatieron sobre la realidad que los trabajadores estatales vienen atravesando en la Provincia de Buenos Aires y realizaron un an\u00e1lisis de la situaci\u00f3n en materia de negociaci\u00f3n paritaria salarial, infraestructura y nombramiento de personal.<\/p>\n\n\n\n<p>Se manifestaron contundentemente al expresar que \u201cPromoveremos la unidad de acci\u00f3n con todos aquellos actores dispuestos a pelear por un Estado al servicio de la poblaci\u00f3n, reivindicando las pol\u00edticas sociales y condiciones dignas para los trabajadores\u201d, expresaron.<\/p>\n\n\n\n<p>Desde el sector judicial sostienen que \u201ces necesario generar estrategias de articulaci\u00f3n para afrontar los reclamos comunes con una mayor fortaleza y promover la realizaci\u00f3n de medidas de fuerza conjuntas con el resto de los sindicatos estatales, en reclamo de convocatoria a paritarias para todos los sectores del Estado provincial\u201d.<br>Por su parte, desde Cicop se\u00f1alaron que \u201cla falta de respuestas de las autoridades ante la grave crisis sanitaria en curso en la provincia de Buenos Aires resulta alarmante. No les bast\u00f3 con promover el presupuesto m\u00e1s bajo de la historia ni con profundizar las notables deficiencias de la etapa anterior.<\/p>\n\n\n\n<p>Prensa: AJB<\/p>\n","protected":false},"excerpt":{"rendered":"<p>Ambos gremios mantuvieron una reuni\u00f3n en la cual analizaron la situaci\u00f3n en la provincia de Buenos Aires para avanzar en &#8230; <a title=\"AJB y Cicop promueven unidad de acci\u00f3n en los reclamos salariales\" class=\"read-more\" href=\"https:\/\/www.hoymercedes.com.ar\/principal\/2019\/03\/21\/ajb-y-cicop-promueven-unidad-de-accion-en-los-reclamos-salariales\/\" aria-label=\"Leer m\u00e1s sobre AJB y Cicop promueven unidad de acci\u00f3n en los reclamos salariales\">Leer m\u00e1s<\/a><\/p>\n","protected":false},"author":1,"featured_media":89872,"comment_status":"closed","ping_status":"open","sticky":false,"template":"","format":"standard","meta":{"_monsterinsights_skip_tracking":false,"_monsterinsights_sitenote_active":false,"_monsterinsights_sitenote_note":"","_monsterinsights_sitenote_category":0,"jetpack_post_was_ever_published":false,"_jetpack_newsletter_access":"","_jetpack_dont_email_post_to_subs":false,"_jetpack_newsletter_tier_id":0,"_jetpack_memberships_contains_paywalled_content":false,"_jetpack_memberships_contains_paid_content":false,"footnotes":"","jetpack_publicize_message":"","jetpack_publicize_feature_enabled":true,"jetpack_social_post_already_shared":true,"jetpack_social_options":{"image_generator_settings":{"template":"highway","default_image_id":0,"font":"","enabled":false},"version":2},"_wpas_customize_per_network":false},"categories":[10563],"tags":[6439,8799,2194],"class_list":["post-89871","post","type-post","status-publish","format-standard","has-post-thumbnail","hentry","category-gremios-sindicatos","tag-cicop","tag-gremios","tag-paritarias","generate-columns","tablet-grid-50","mobile-grid-100","grid-parent","grid-50"],"jetpack_publicize_connections":[],"jetpack_featured_media_url":"https:\/\/www.hoymercedes.com.ar\/principal\/wp-content\/uploads\/2019\/03\/21-Mariano-Romano.-Secretario-General-AJB-Mercedes.jpeg","wps_subtitle":"Paritarias","jetpack_sharing_enabled":true,"_links":{"self":[{"href":"https:\/\/www.hoymercedes.com.ar\/principal\/wp-json\/wp\/v2\/posts\/89871","targetHints":{"allow":["GET"]}}],"collection":[{"href":"https:\/\/www.hoymercedes.com.ar\/principal\/wp-json\/wp\/v2\/posts"}],"about":[{"href":"https:\/\/www.hoymercedes.com.ar\/principal\/wp-json\/wp\/v2\/types\/post"}],"author":[{"embeddable":true,"href":"https:\/\/www.hoymercedes.com.ar\/principal\/wp-json\/wp\/v2\/users\/1"}],"replies":[{"embeddable":true,"href":"https:\/\/www.hoymercedes.com.ar\/principal\/wp-json\/wp\/v2\/comments?post=89871"}],"version-history":[{"count":0,"href":"https:\/\/www.hoymercedes.com.ar\/principal\/wp-json\/wp\/v2\/posts\/89871\/revisions"}],"wp:featuredmedia":[{"embeddable":true,"href":"https:\/\/www.hoymercedes.com.ar\/principal\/wp-json\/wp\/v2\/media\/89872"}],"wp:attachment":[{"href":"https:\/\/www.hoymercedes.com.ar\/principal\/wp-json\/wp\/v2\/media?parent=89871"}],"wp:term":[{"taxonomy":"category","embeddable":true,"href":"https:\/\/www.hoymercedes.com.ar\/principal\/wp-json\/wp\/v2\/categories?post=89871"},{"taxonomy":"post_tag","embeddable":true,"href":"https:\/\/www.hoymercedes.com.ar\/principal\/wp-json\/wp\/v2\/tags?post=89871"}],"curies":[{"name":"wp","href":"https:\/\/api.w.org\/{rel}","templated":true}]}}