{"id":89875,"date":"2019-03-24T11:45:42","date_gmt":"2019-03-24T14:45:42","guid":{"rendered":"http:\/\/www.hoymercedes.com.ar\/principal\/?p=89875"},"modified":"2019-03-24T10:33:48","modified_gmt":"2019-03-24T13:33:48","slug":"estudiantes-comenzo-con-los-trabajos-para-tener-su-cancha-de-9-de-piso-sintetico","status":"publish","type":"post","link":"https:\/\/www.hoymercedes.com.ar\/principal\/2019\/03\/24\/estudiantes-comenzo-con-los-trabajos-para-tener-su-cancha-de-9-de-piso-sintetico\/","title":{"rendered":"Estudiantes comenz\u00f3 con los trabajos para tener su cancha de 9 de piso sint\u00e9tico"},"content":{"rendered":"\n<p>En el predio Roberto Quintill\u00e1n del Club Estudiantes comenzaron los trabajos de remoci\u00f3n del actual c\u00e9sped de la cancha de 9 del Pincha para transformarla en una de sint\u00e9tico. Esto se puede llevar adelante gracias al aporte de privados que no impide que los futbol\u00edstas jueguen en ese campo ni entrenen.<\/p>\n\n\n\n<figure class=\"wp-block-image\"><img loading=\"lazy\" decoding=\"async\" width=\"960\" height=\"720\" data-attachment-id=\"89877\" data-permalink=\"https:\/\/www.hoymercedes.com.ar\/principal\/2019\/03\/24\/estudiantes-comenzo-con-los-trabajos-para-tener-su-cancha-de-9-de-piso-sintetico\/estudiantes-cancha-sintetica\/#main\" data-orig-file=\"https:\/\/www.hoymercedes.com.ar\/principal\/wp-content\/uploads\/2019\/03\/Estudiantes-cancha-sintetica.jpg\" data-orig-size=\"960,720\" data-comments-opened=\"0\" data-image-meta=\"{&quot;aperture&quot;:&quot;0&quot;,&quot;credit&quot;:&quot;&quot;,&quot;camera&quot;:&quot;&quot;,&quot;caption&quot;:&quot;&quot;,&quot;created_timestamp&quot;:&quot;0&quot;,&quot;copyright&quot;:&quot;&quot;,&quot;focal_length&quot;:&quot;0&quot;,&quot;iso&quot;:&quot;0&quot;,&quot;shutter_speed&quot;:&quot;0&quot;,&quot;title&quot;:&quot;&quot;,&quot;orientation&quot;:&quot;0&quot;}\" data-image-title=\"Estudiantes cancha sintetica\" data-image-description=\"\" data-image-caption=\"\" data-large-file=\"https:\/\/www.hoymercedes.com.ar\/principal\/wp-content\/uploads\/2019\/03\/Estudiantes-cancha-sintetica.jpg\" src=\"https:\/\/www.hoymercedes.com.ar\/principal\/wp-content\/uploads\/2019\/03\/Estudiantes-cancha-sintetica.jpg\" alt=\"\" class=\"wp-image-89877\" srcset=\"https:\/\/www.hoymercedes.com.ar\/principal\/wp-content\/uploads\/2019\/03\/Estudiantes-cancha-sintetica.jpg 960w, https:\/\/www.hoymercedes.com.ar\/principal\/wp-content\/uploads\/2019\/03\/Estudiantes-cancha-sintetica-150x113.jpg 150w, https:\/\/www.hoymercedes.com.ar\/principal\/wp-content\/uploads\/2019\/03\/Estudiantes-cancha-sintetica-630x473.jpg 630w, https:\/\/www.hoymercedes.com.ar\/principal\/wp-content\/uploads\/2019\/03\/Estudiantes-cancha-sintetica-320x240.jpg 320w, https:\/\/www.hoymercedes.com.ar\/principal\/wp-content\/uploads\/2019\/03\/Estudiantes-cancha-sintetica-100x75.jpg 100w\" sizes=\"auto, (max-width: 960px) 100vw, 960px\" \/><\/figure>\n\n\n\n<p>Una vez que se remueva el piso se colocar\u00e1 tosca para luego realizar la base en la que se pondr\u00e1 la alfombra verde. Adem\u00e1s, se nivelar\u00e1 el suelo y se mejorar\u00e1 la iluminaci\u00f3n. La idea es tambi\u00e9n poder alquilar la cancha para seguir recaudando fondos y ser\u00e1 habilitada en las pr\u00f3ximas semanas.<\/p>\n\n\n\n<p>Tambi\u00e9n se reanudaron los trabajos en el anexo que est\u00e1 frente al campo de deportes, aprovechando la tierra que se quita de la obra de la Avenida 2 para rellenar la futura cancha de once.<\/p>\n","protected":false},"excerpt":{"rendered":"<p>En el predio Roberto Quintill\u00e1n del Club Estudiantes comenzaron los trabajos de remoci\u00f3n del actual c\u00e9sped de la cancha de &#8230; <a title=\"Estudiantes comenz\u00f3 con los trabajos para tener su cancha de 9 de piso sint\u00e9tico\" class=\"read-more\" href=\"https:\/\/www.hoymercedes.com.ar\/principal\/2019\/03\/24\/estudiantes-comenzo-con-los-trabajos-para-tener-su-cancha-de-9-de-piso-sintetico\/\" aria-label=\"Leer m\u00e1s sobre Estudiantes comenz\u00f3 con los trabajos para tener su cancha de 9 de piso sint\u00e9tico\">Leer m\u00e1s<\/a><\/p>\n","protected":false},"author":1,"featured_media":89877,"comment_status":"closed","ping_status":"open","sticky":false,"template":"","format":"standard","meta":{"_monsterinsights_skip_tracking":false,"_monsterinsights_sitenote_active":false,"_monsterinsights_sitenote_note":"","_monsterinsights_sitenote_category":0,"jetpack_post_was_ever_published":false,"_jetpack_newsletter_access":"","_jetpack_dont_email_post_to_subs":false,"_jetpack_newsletter_tier_id":0,"_jetpack_memberships_contains_paywalled_content":false,"_jetpack_memberships_contains_paid_content":false,"footnotes":"","jetpack_publicize_message":"","jetpack_publicize_feature_enabled":true,"jetpack_social_post_already_shared":true,"jetpack_social_options":{"image_generator_settings":{"template":"highway","default_image_id":0,"font":"","enabled":false},"version":2},"_wpas_customize_per_network":false},"categories":[21],"tags":[3388],"class_list":["post-89875","post","type-post","status-publish","format-standard","has-post-thumbnail","hentry","category-deportes","tag-club-estudiantes","generate-columns","tablet-grid-50","mobile-grid-100","grid-parent","grid-50"],"jetpack_publicize_connections":[],"jetpack_featured_media_url":"https:\/\/www.hoymercedes.com.ar\/principal\/wp-content\/uploads\/2019\/03\/Estudiantes-cancha-sintetica.jpg","wps_subtitle":"F\u00fatbol Infantil","jetpack_sharing_enabled":true,"_links":{"self":[{"href":"https:\/\/www.hoymercedes.com.ar\/principal\/wp-json\/wp\/v2\/posts\/89875","targetHints":{"allow":["GET"]}}],"collection":[{"href":"https:\/\/www.hoymercedes.com.ar\/principal\/wp-json\/wp\/v2\/posts"}],"about":[{"href":"https:\/\/www.hoymercedes.com.ar\/principal\/wp-json\/wp\/v2\/types\/post"}],"author":[{"embeddable":true,"href":"https:\/\/www.hoymercedes.com.ar\/principal\/wp-json\/wp\/v2\/users\/1"}],"replies":[{"embeddable":true,"href":"https:\/\/www.hoymercedes.com.ar\/principal\/wp-json\/wp\/v2\/comments?post=89875"}],"version-history":[{"count":0,"href":"https:\/\/www.hoymercedes.com.ar\/principal\/wp-json\/wp\/v2\/posts\/89875\/revisions"}],"wp:featuredmedia":[{"embeddable":true,"href":"https:\/\/www.hoymercedes.com.ar\/principal\/wp-json\/wp\/v2\/media\/89877"}],"wp:attachment":[{"href":"https:\/\/www.hoymercedes.com.ar\/principal\/wp-json\/wp\/v2\/media?parent=89875"}],"wp:term":[{"taxonomy":"category","embeddable":true,"href":"https:\/\/www.hoymercedes.com.ar\/principal\/wp-json\/wp\/v2\/categories?post=89875"},{"taxonomy":"post_tag","embeddable":true,"href":"https:\/\/www.hoymercedes.com.ar\/principal\/wp-json\/wp\/v2\/tags?post=89875"}],"curies":[{"name":"wp","href":"https:\/\/api.w.org\/{rel}","templated":true}]}}