{"id":89880,"date":"2019-03-24T17:27:21","date_gmt":"2019-03-24T20:27:21","guid":{"rendered":"http:\/\/www.hoymercedes.com.ar\/principal\/?p=89880"},"modified":"2019-03-24T15:34:15","modified_gmt":"2019-03-24T18:34:15","slug":"en-el-kartodromo-de-buenos-aires-ezequiel-pais-fue-el-mejor","status":"publish","type":"post","link":"https:\/\/www.hoymercedes.com.ar\/principal\/2019\/03\/24\/en-el-kartodromo-de-buenos-aires-ezequiel-pais-fue-el-mejor\/","title":{"rendered":"En el kart\u00f3dromo de Buenos Aires, Ezequiel Pais fue el mejor"},"content":{"rendered":"\n<p>El fin de semana del 17 pasado el Auto Moto Club Lujan junto a la comisi\u00f3n de P.A.K.O. realizaron la primera fecha de la temporada anual de Pilotos Asociados Karting del Oeste, siendo una presentaci\u00f3n prometedora con m\u00e1s de un centenar de pilotos que formaron parte de este primer evento en las instalaciones del kart\u00f3dromo de la ciudad de Buenos Aires (CABA).<\/p>\n\n\n\n<figure class=\"wp-block-image\"><img loading=\"lazy\" decoding=\"async\" width=\"748\" height=\"512\" data-attachment-id=\"89881\" data-permalink=\"https:\/\/www.hoymercedes.com.ar\/principal\/2019\/03\/24\/en-el-kartodromo-de-buenos-aires-ezequiel-pais-fue-el-mejor\/pais-11\/#main\" data-orig-file=\"https:\/\/www.hoymercedes.com.ar\/principal\/wp-content\/uploads\/2019\/03\/Pais.jpg\" data-orig-size=\"748,512\" data-comments-opened=\"0\" data-image-meta=\"{&quot;aperture&quot;:&quot;16&quot;,&quot;credit&quot;:&quot;&quot;,&quot;camera&quot;:&quot;NIKON D750&quot;,&quot;caption&quot;:&quot;&quot;,&quot;created_timestamp&quot;:&quot;1552837298&quot;,&quot;copyright&quot;:&quot;&quot;,&quot;focal_length&quot;:&quot;270&quot;,&quot;iso&quot;:&quot;500&quot;,&quot;shutter_speed&quot;:&quot;0.0025&quot;,&quot;title&quot;:&quot;&quot;,&quot;orientation&quot;:&quot;1&quot;}\" data-image-title=\"Pais\" data-image-description=\"\" data-image-caption=\"\" data-large-file=\"https:\/\/www.hoymercedes.com.ar\/principal\/wp-content\/uploads\/2019\/03\/Pais.jpg\" src=\"https:\/\/www.hoymercedes.com.ar\/principal\/wp-content\/uploads\/2019\/03\/Pais.jpg\" alt=\"\" class=\"wp-image-89881\" srcset=\"https:\/\/www.hoymercedes.com.ar\/principal\/wp-content\/uploads\/2019\/03\/Pais.jpg 748w, https:\/\/www.hoymercedes.com.ar\/principal\/wp-content\/uploads\/2019\/03\/Pais-150x103.jpg 150w, https:\/\/www.hoymercedes.com.ar\/principal\/wp-content\/uploads\/2019\/03\/Pais-630x431.jpg 630w\" sizes=\"auto, (max-width: 748px) 100vw, 748px\" \/><\/figure>\n\n\n\n<p>En este promisorio comienzo de la temporada 2019 se realizaron varios cambios reglamentarios, organizativos y de difusi\u00f3n.<\/p>\n\n\n\n<p>En lo reglamentario se trabajo en abaratar costos para los pilotos en la parte de elementos de las distintas categor\u00edas.<\/p>\n\n\n\n<p>En lo organizativo se volvi\u00f3 a la vieja plataforma tradicional de clasificaciones, series y finales para todas las divisionales, dejando sin efecto las doble finales con grilla invertida.<\/p>\n\n\n\n<p>En la parte difusi\u00f3n por imagen se logr\u00f3 en esta fecha con gran sacrificio de parte de la producci\u00f3n de Boxes Kart TV y la comisi\u00f3n de PAKO la transmisi\u00f3n en vivo de todas las finales por el sistema streaming.\u00a0 \u00a0\u00a0<\/p>\n\n\n\n<p><strong>PAIS, MANTIENE LA CASA EN ORDEN<\/strong><\/p>\n\n\n\n<p>El Campe\u00f3n actual de la divisional&nbsp;<strong>150 4T<\/strong>, el piloto mercedino Ezequiel Pais sigue sin tener rivales, teniendo un fin de semana perfecto, fue el poleman en clasificaci\u00f3n, gan\u00f3 su serie y se llev\u00f3 una c\u00f3moda victoria en la final. Su coterr\u00e1neo Santiago Serrano fue el dominador de la segunda bater\u00eda.<\/p>\n\n\n\n<p>A Pais en la final lo escoltaron, el piloto de San A. de Areco, Jerem\u00edas Scialchi en el segundo lugar del podio luego de largar en el \u00faltimo lugar. Tercero fue el piloto de Cap. Sarmiento, Jairo Rossi.<\/p>\n\n\n\n<figure class=\"wp-block-image\"><img loading=\"lazy\" decoding=\"async\" width=\"748\" height=\"512\" data-attachment-id=\"89882\" data-permalink=\"https:\/\/www.hoymercedes.com.ar\/principal\/2019\/03\/24\/en-el-kartodromo-de-buenos-aires-ezequiel-pais-fue-el-mejor\/simionato-3\/#main\" data-orig-file=\"https:\/\/www.hoymercedes.com.ar\/principal\/wp-content\/uploads\/2019\/03\/Simionato.jpg\" data-orig-size=\"748,512\" data-comments-opened=\"0\" data-image-meta=\"{&quot;aperture&quot;:&quot;11&quot;,&quot;credit&quot;:&quot;&quot;,&quot;camera&quot;:&quot;NIKON D750&quot;,&quot;caption&quot;:&quot;&quot;,&quot;created_timestamp&quot;:&quot;1552838387&quot;,&quot;copyright&quot;:&quot;&quot;,&quot;focal_length&quot;:&quot;330&quot;,&quot;iso&quot;:&quot;500&quot;,&quot;shutter_speed&quot;:&quot;0.002&quot;,&quot;title&quot;:&quot;&quot;,&quot;orientation&quot;:&quot;1&quot;}\" data-image-title=\"Simionato\" data-image-description=\"\" data-image-caption=\"\" data-large-file=\"https:\/\/www.hoymercedes.com.ar\/principal\/wp-content\/uploads\/2019\/03\/Simionato.jpg\" src=\"https:\/\/www.hoymercedes.com.ar\/principal\/wp-content\/uploads\/2019\/03\/Simionato.jpg\" alt=\"\" class=\"wp-image-89882\" srcset=\"https:\/\/www.hoymercedes.com.ar\/principal\/wp-content\/uploads\/2019\/03\/Simionato.jpg 748w, https:\/\/www.hoymercedes.com.ar\/principal\/wp-content\/uploads\/2019\/03\/Simionato-150x103.jpg 150w, https:\/\/www.hoymercedes.com.ar\/principal\/wp-content\/uploads\/2019\/03\/Simionato-630x431.jpg 630w\" sizes=\"auto, (max-width: 748px) 100vw, 748px\" \/><\/figure>\n\n\n\n<p><strong>SIMIONATO FESTEJ\u00d3 EN LA T\u00c9CNICA<\/strong><\/p>\n\n\n\n<p>El piloto de Lujan, Francisco Andrada fue quien se qued\u00f3 con el \u201c1\u201d en la clase&nbsp;<strong>Mec\u00e1nica Nacional \u201cA\u201d<\/strong>&nbsp;luego de que el poleman Mart\u00edn C\u00f3rdoba cayera en la t\u00e9cnica.<\/p>\n\n\n\n<p>Andrada y Simionato se adue\u00f1aron de las series y este \u00faltimo se qued\u00f3 con la victoria en la final luego de 16 giros, sus escoltas fueron, la actual campeona, Valentina Funes en el segundo lugar. Tercero finaliz\u00f3 Santiago Ruiz.<\/p>\n\n\n\n<p>La pr\u00f3xima fecha del torneo ser\u00e1 los d\u00edas 13 y 14 de Abril en las instalaciones del kart\u00f3dromo de la ciudad de Zarate <\/p>\n","protected":false},"excerpt":{"rendered":"<p>El fin de semana del 17 pasado el Auto Moto Club Lujan junto a la comisi\u00f3n de P.A.K.O. realizaron la &#8230; <a title=\"En el kart\u00f3dromo de Buenos Aires, Ezequiel Pais fue el mejor\" class=\"read-more\" href=\"https:\/\/www.hoymercedes.com.ar\/principal\/2019\/03\/24\/en-el-kartodromo-de-buenos-aires-ezequiel-pais-fue-el-mejor\/\" aria-label=\"Leer m\u00e1s sobre En el kart\u00f3dromo de Buenos Aires, Ezequiel Pais fue el mejor\">Leer m\u00e1s<\/a><\/p>\n","protected":false},"author":1,"featured_media":89881,"comment_status":"closed","ping_status":"open","sticky":false,"template":"","format":"standard","meta":{"_monsterinsights_skip_tracking":false,"_monsterinsights_sitenote_active":false,"_monsterinsights_sitenote_note":"","_monsterinsights_sitenote_category":0,"jetpack_post_was_ever_published":false,"_jetpack_newsletter_access":"","_jetpack_dont_email_post_to_subs":false,"_jetpack_newsletter_tier_id":0,"_jetpack_memberships_contains_paywalled_content":false,"_jetpack_memberships_contains_paid_content":false,"footnotes":"","jetpack_publicize_message":"","jetpack_publicize_feature_enabled":true,"jetpack_social_post_already_shared":true,"jetpack_social_options":{"image_generator_settings":{"template":"highway","default_image_id":0,"font":"","enabled":false},"version":2},"_wpas_customize_per_network":false},"categories":[21],"tags":[9910,8721,13081],"class_list":["post-89880","post","type-post","status-publish","format-standard","has-post-thumbnail","hentry","category-deportes","tag-ezequiel-pais","tag-pako","tag-valentino-simionato","generate-columns","tablet-grid-50","mobile-grid-100","grid-parent","grid-50"],"jetpack_publicize_connections":[],"jetpack_featured_media_url":"https:\/\/www.hoymercedes.com.ar\/principal\/wp-content\/uploads\/2019\/03\/Pais.jpg","wps_subtitle":"Karting","jetpack_sharing_enabled":true,"_links":{"self":[{"href":"https:\/\/www.hoymercedes.com.ar\/principal\/wp-json\/wp\/v2\/posts\/89880","targetHints":{"allow":["GET"]}}],"collection":[{"href":"https:\/\/www.hoymercedes.com.ar\/principal\/wp-json\/wp\/v2\/posts"}],"about":[{"href":"https:\/\/www.hoymercedes.com.ar\/principal\/wp-json\/wp\/v2\/types\/post"}],"author":[{"embeddable":true,"href":"https:\/\/www.hoymercedes.com.ar\/principal\/wp-json\/wp\/v2\/users\/1"}],"replies":[{"embeddable":true,"href":"https:\/\/www.hoymercedes.com.ar\/principal\/wp-json\/wp\/v2\/comments?post=89880"}],"version-history":[{"count":0,"href":"https:\/\/www.hoymercedes.com.ar\/principal\/wp-json\/wp\/v2\/posts\/89880\/revisions"}],"wp:featuredmedia":[{"embeddable":true,"href":"https:\/\/www.hoymercedes.com.ar\/principal\/wp-json\/wp\/v2\/media\/89881"}],"wp:attachment":[{"href":"https:\/\/www.hoymercedes.com.ar\/principal\/wp-json\/wp\/v2\/media?parent=89880"}],"wp:term":[{"taxonomy":"category","embeddable":true,"href":"https:\/\/www.hoymercedes.com.ar\/principal\/wp-json\/wp\/v2\/categories?post=89880"},{"taxonomy":"post_tag","embeddable":true,"href":"https:\/\/www.hoymercedes.com.ar\/principal\/wp-json\/wp\/v2\/tags?post=89880"}],"curies":[{"name":"wp","href":"https:\/\/api.w.org\/{rel}","templated":true}]}}