{"id":8989,"date":"2011-11-09T16:46:50","date_gmt":"2011-11-09T16:46:50","guid":{"rendered":"http:\/\/www.hoymercedes.com.ar\/principal\/?p=8989"},"modified":"2011-11-11T12:34:49","modified_gmt":"2011-11-11T12:34:49","slug":"selva-junto-a-representantes-de-empresa-textil","status":"publish","type":"post","link":"https:\/\/www.hoymercedes.com.ar\/principal\/2011\/11\/09\/selva-junto-a-representantes-de-empresa-textil\/","title":{"rendered":"Selva junto a representantes de empresa textil"},"content":{"rendered":"<p><a href=\"https:\/\/www.hoymercedes.com.ar\/principal\/wp-content\/uploads\/2011\/11\/SelvaJuntoaTextiles.jpg\"><img loading=\"lazy\" decoding=\"async\" data-attachment-id=\"8991\" data-permalink=\"https:\/\/www.hoymercedes.com.ar\/principal\/2011\/11\/09\/selva-junto-a-representantes-de-empresa-textil\/selvajuntoatextiles\/#main\" data-orig-file=\"https:\/\/www.hoymercedes.com.ar\/principal\/wp-content\/uploads\/2011\/11\/SelvaJuntoaTextiles.jpg\" data-orig-size=\"640,273\" data-comments-opened=\"1\" data-image-meta=\"{&quot;aperture&quot;:&quot;4&quot;,&quot;credit&quot;:&quot;&quot;,&quot;camera&quot;:&quot;NIKON D50&quot;,&quot;caption&quot;:&quot;&quot;,&quot;created_timestamp&quot;:&quot;1320840044&quot;,&quot;copyright&quot;:&quot;&quot;,&quot;focal_length&quot;:&quot;28&quot;,&quot;iso&quot;:&quot;0&quot;,&quot;shutter_speed&quot;:&quot;0.016666666666667&quot;,&quot;title&quot;:&quot;&quot;}\" data-image-title=\"SelvaJuntoaTextiles\" data-image-description=\"\" data-image-caption=\"\" data-large-file=\"https:\/\/www.hoymercedes.com.ar\/principal\/wp-content\/uploads\/2011\/11\/SelvaJuntoaTextiles.jpg\" class=\"aligncenter size-full wp-image-8991\" title=\"SelvaJuntoaTextiles\" src=\"https:\/\/www.hoymercedes.com.ar\/principal\/wp-content\/uploads\/2011\/11\/SelvaJuntoaTextiles.jpg\" alt=\"\" width=\"640\" height=\"273\" srcset=\"https:\/\/www.hoymercedes.com.ar\/principal\/wp-content\/uploads\/2011\/11\/SelvaJuntoaTextiles.jpg 640w, https:\/\/www.hoymercedes.com.ar\/principal\/wp-content\/uploads\/2011\/11\/SelvaJuntoaTextiles-620x264.jpg 620w\" sizes=\"auto, (max-width: 640px) 100vw, 640px\" \/><\/a><\/p>\n<p>El Intendente Carlos Selva se junt\u00f3 esta ma\u00f1ana con los representantes de la firma Cuerdas y Cordones S. A., empresa ya radicada en la localidad de Ituzaingo con sucursal en Gowland.<\/p>\n<p>Julio Yaskulka, Presidente de la empresa, manifest\u00f3 la necesidad de trasladar la planta al sector Industrial Planificado de nuestra ciudad debido al gran crecimiento de la misma.<\/p>\n<p>Junto a Selva y al Sr.Yakulska estuvieron Oscar L\u00f3pez, Director de Planeamiento y Producci\u00f3n de la Municipalidad, y H\u00e9ctor Cirio, Representante de la OSETYA dialogando sobre la posibilidad de trasladar la fabrica, radicada en Ituzaingo a Mercedes.<\/p>\n<p>La empresa Cuerdas y Cordones S.A. trabaja aproximadamente con 100 operarios.<\/p>\n<p><span style=\"color: #888888;\">Fuente: MM<\/span><\/p>\n","protected":false},"excerpt":{"rendered":"<p>El Intendente Carlos Selva se junt\u00f3 esta ma\u00f1ana con los representantes de la firma Cuerdas y Cordones S. A., empresa &#8230; <a title=\"Selva junto a representantes de empresa textil\" class=\"read-more\" href=\"https:\/\/www.hoymercedes.com.ar\/principal\/2011\/11\/09\/selva-junto-a-representantes-de-empresa-textil\/\" aria-label=\"Leer m\u00e1s sobre Selva junto a representantes de empresa textil\">Leer m\u00e1s<\/a><\/p>\n","protected":false},"author":1,"featured_media":0,"comment_status":"open","ping_status":"open","sticky":false,"template":"","format":"standard","meta":{"_monsterinsights_skip_tracking":false,"_monsterinsights_sitenote_active":false,"_monsterinsights_sitenote_note":"","_monsterinsights_sitenote_category":0,"jetpack_post_was_ever_published":false,"_jetpack_newsletter_access":"","_jetpack_dont_email_post_to_subs":false,"_jetpack_newsletter_tier_id":0,"_jetpack_memberships_contains_paywalled_content":false,"_jetpack_memberships_contains_paid_content":false,"footnotes":"","jetpack_publicize_message":"","jetpack_publicize_feature_enabled":true,"jetpack_social_post_already_shared":false,"jetpack_social_options":{"image_generator_settings":{"template":"highway","default_image_id":0,"font":"","enabled":false},"version":2},"_wpas_customize_per_network":false},"categories":[30],"tags":[1574,1564],"class_list":["post-8989","post","type-post","status-publish","format-standard","hentry","category-municipio","tag-osetya","tag-selva-junto-a-representantes-de-empresa-textil","generate-columns","tablet-grid-50","mobile-grid-100","grid-parent","grid-50"],"jetpack_publicize_connections":[],"jetpack_featured_media_url":"","wps_subtitle":"","jetpack_sharing_enabled":true,"_links":{"self":[{"href":"https:\/\/www.hoymercedes.com.ar\/principal\/wp-json\/wp\/v2\/posts\/8989","targetHints":{"allow":["GET"]}}],"collection":[{"href":"https:\/\/www.hoymercedes.com.ar\/principal\/wp-json\/wp\/v2\/posts"}],"about":[{"href":"https:\/\/www.hoymercedes.com.ar\/principal\/wp-json\/wp\/v2\/types\/post"}],"author":[{"embeddable":true,"href":"https:\/\/www.hoymercedes.com.ar\/principal\/wp-json\/wp\/v2\/users\/1"}],"replies":[{"embeddable":true,"href":"https:\/\/www.hoymercedes.com.ar\/principal\/wp-json\/wp\/v2\/comments?post=8989"}],"version-history":[{"count":0,"href":"https:\/\/www.hoymercedes.com.ar\/principal\/wp-json\/wp\/v2\/posts\/8989\/revisions"}],"wp:attachment":[{"href":"https:\/\/www.hoymercedes.com.ar\/principal\/wp-json\/wp\/v2\/media?parent=8989"}],"wp:term":[{"taxonomy":"category","embeddable":true,"href":"https:\/\/www.hoymercedes.com.ar\/principal\/wp-json\/wp\/v2\/categories?post=8989"},{"taxonomy":"post_tag","embeddable":true,"href":"https:\/\/www.hoymercedes.com.ar\/principal\/wp-json\/wp\/v2\/tags?post=8989"}],"curies":[{"name":"wp","href":"https:\/\/api.w.org\/{rel}","templated":true}]}}