{"id":89898,"date":"2019-03-21T21:38:32","date_gmt":"2019-03-22T00:38:32","guid":{"rendered":"http:\/\/www.hoymercedes.com.ar\/principal\/?p=89898"},"modified":"2019-03-21T18:38:00","modified_gmt":"2019-03-21T21:38:00","slug":"tres-peliculas-para-el-finde-del-cine-mercedes","status":"publish","type":"post","link":"https:\/\/www.hoymercedes.com.ar\/principal\/2019\/03\/21\/tres-peliculas-para-el-finde-del-cine-mercedes\/","title":{"rendered":"Tres pel\u00edculas para el finde del Cine Mercedes"},"content":{"rendered":"\n<p>El Cine Mercedes presentar\u00e1 tres pel\u00edculas para el fin de semana que inicia el viernes 22 de marzo. Hasta el martes 26, la cartelera ofrece el estreno de la pel\u00edcula coproducci\u00f3n argentina chilena \u00abLa Misma Sangre\u00bb (funci\u00f3n 20 horas) y contin\u00faa con \u00abCapitana Marvel\u00bb (funci\u00f3n 22:30 horas). Para el s\u00e1bado 23 y domingo 24, \u00abMis Huellas a Casa\u00bb contin\u00faa para los m\u00e1s peque\u00f1os en la funci\u00f3n de las 18. <\/p>\n\n\n\n<figure class=\"wp-block-image\"><img loading=\"lazy\" decoding=\"async\" width=\"750\" height=\"370\" data-attachment-id=\"89899\" data-permalink=\"https:\/\/www.hoymercedes.com.ar\/principal\/2019\/03\/21\/tres-peliculas-para-el-finde-del-cine-mercedes\/21-cine-mercedes-3\/#main\" data-orig-file=\"https:\/\/www.hoymercedes.com.ar\/principal\/wp-content\/uploads\/2019\/03\/21-cine-mercedes.jpg\" data-orig-size=\"750,370\" data-comments-opened=\"0\" data-image-meta=\"{&quot;aperture&quot;:&quot;0&quot;,&quot;credit&quot;:&quot;&quot;,&quot;camera&quot;:&quot;&quot;,&quot;caption&quot;:&quot;&quot;,&quot;created_timestamp&quot;:&quot;0&quot;,&quot;copyright&quot;:&quot;&quot;,&quot;focal_length&quot;:&quot;0&quot;,&quot;iso&quot;:&quot;0&quot;,&quot;shutter_speed&quot;:&quot;0&quot;,&quot;title&quot;:&quot;&quot;,&quot;orientation&quot;:&quot;0&quot;}\" data-image-title=\"21 cine mercedes\" data-image-description=\"\" data-image-caption=\"\" data-large-file=\"https:\/\/www.hoymercedes.com.ar\/principal\/wp-content\/uploads\/2019\/03\/21-cine-mercedes.jpg\" src=\"https:\/\/www.hoymercedes.com.ar\/principal\/wp-content\/uploads\/2019\/03\/21-cine-mercedes.jpg\" alt=\"\" class=\"wp-image-89899\" srcset=\"https:\/\/www.hoymercedes.com.ar\/principal\/wp-content\/uploads\/2019\/03\/21-cine-mercedes.jpg 750w, https:\/\/www.hoymercedes.com.ar\/principal\/wp-content\/uploads\/2019\/03\/21-cine-mercedes-150x74.jpg 150w, https:\/\/www.hoymercedes.com.ar\/principal\/wp-content\/uploads\/2019\/03\/21-cine-mercedes-630x311.jpg 630w\" sizes=\"auto, (max-width: 750px) 100vw, 750px\" \/><\/figure>\n\n\n\n<p>\u00abLa Misma Sangre\u00bb (+16) Del viernes 22 al martes 26 de marzo. Funciones: 20:00 hs. (2D &#8211; castellano). Sinopsis: La misma sangre es un thiller que sigue a la familia de Carla (Dolores Fonzi), compuesta por sus padres y esposo, Santiago. Cuando la madre de Carla muere, en un supuesto accidente dom\u00e9stico, las alertas se encienden y Santiago comienza a sospechar que su suegro (el padre de Carla, interpretado por Oscar Martinez) puede haber tenido algo que ver. Direcci\u00f3n: Miguel Cohan. Actores: Oscar Mart\u00ednez, Dolores Fonzi. G\u00e9nero: Drama. Origen. Chile, Argentina. Duraci\u00f3n: 116 minutos. Calificaci\u00f3n: apta para mayores de 16 a\u00f1os. <\/p>\n\n\n\n<p>\u00abCapitana Marvel\u00bb (+13) Del viernes 22 al martes 26 de marzo. Funciones: 22:30 hs. (2D &#8211; castellano). Sinopsis: Primera entrega de Capitana Marvel, tambi\u00e9n conocida con el nombre de Carol Danvers (que est\u00e1 interpretada por Brie Larson). Esta pel\u00edcula contar\u00e1 los or\u00edgenes del personaje, del cual ya se hizo menci\u00f3n en la escena despu\u00e9s de los cr\u00e9ditos de Avengers: Infinity War. Carol Danvers cuenta con incre\u00edbles poderes: puede volar m\u00e1s r\u00e1pido que la velocidad del sonido, puede absorver energ\u00eda para ampliar su poder y cuenta con una gran fuerza y resistencia. Todos estos poderes la ayudar\u00e1n a enfrentarse a dos peligrosas razas alien\u00edgenas que amenazan a la Tierra. Direcci\u00f3n: Anna Boden, Ryan Fleck. Actores: Brie Larson, Jude Law, Samuel L. Jackson. G\u00e9nero: Comic, Aventuras. Origen: Estados Unidos. Duraci\u00f3n: 124 minutos. Calificaci\u00f3n: apta para mayores de 13 a\u00f1os.<\/p>\n\n\n\n<p>\u00abMis Huellas a Casa\u00bb (ATP) S\u00e1bado 23 y domingo 24 de marzo. Funciones: 18:00 hs. (2D &#8211; castellano) Sin\u00f3psis: Lucas (interpretado por Jonah Hauer-King) se encuentra a una perrita en la calle a qui\u00e9n adopta y llama Bella (voz de Bryce Dallas Howard). Un d\u00eda, persiguiendo una ardilla Bella se escapa de la casa y se pierde. La pel\u00edcula sigue la traves\u00eda que har\u00e1 el animal para regresar a su casa, atrevesando peligros y conociendo nuevos amigos. Direcci\u00f3n: Charles Martin Smith. Actores: Ashley Judd, Alexandra Shipp, Jonah Hauer-King. G\u00e9nero: Drama, Aventuras. Origen: Estados Unidos. Duraci\u00f3n: 96 minutos. Calificaci\u00f3n: Apta para todo p\u00fablico.<\/p>\n","protected":false},"excerpt":{"rendered":"<p>El Cine Mercedes presentar\u00e1 tres pel\u00edculas para el fin de semana que inicia el viernes 22 de marzo. Hasta el &#8230; <a title=\"Tres pel\u00edculas para el finde del Cine Mercedes\" class=\"read-more\" href=\"https:\/\/www.hoymercedes.com.ar\/principal\/2019\/03\/21\/tres-peliculas-para-el-finde-del-cine-mercedes\/\" aria-label=\"Leer m\u00e1s sobre Tres pel\u00edculas para el finde del Cine Mercedes\">Leer m\u00e1s<\/a><\/p>\n","protected":false},"author":1,"featured_media":89899,"comment_status":"closed","ping_status":"open","sticky":false,"template":"","format":"standard","meta":{"_monsterinsights_skip_tracking":false,"_monsterinsights_sitenote_active":false,"_monsterinsights_sitenote_note":"","_monsterinsights_sitenote_category":0,"jetpack_post_was_ever_published":false,"_jetpack_newsletter_access":"","_jetpack_dont_email_post_to_subs":false,"_jetpack_newsletter_tier_id":0,"_jetpack_memberships_contains_paywalled_content":false,"_jetpack_memberships_contains_paid_content":false,"footnotes":"","jetpack_publicize_message":"","jetpack_publicize_feature_enabled":true,"jetpack_social_post_already_shared":true,"jetpack_social_options":{"image_generator_settings":{"template":"highway","default_image_id":0,"font":"","enabled":false},"version":2},"_wpas_customize_per_network":false},"categories":[104],"tags":[8770,12589],"class_list":["post-89898","post","type-post","status-publish","format-standard","has-post-thumbnail","hentry","category-cultura","tag-cartelera","tag-cine-mercedina","generate-columns","tablet-grid-50","mobile-grid-100","grid-parent","grid-50"],"jetpack_publicize_connections":[],"jetpack_featured_media_url":"https:\/\/www.hoymercedes.com.ar\/principal\/wp-content\/uploads\/2019\/03\/21-cine-mercedes.jpg","wps_subtitle":"Cartelera local","jetpack_sharing_enabled":true,"_links":{"self":[{"href":"https:\/\/www.hoymercedes.com.ar\/principal\/wp-json\/wp\/v2\/posts\/89898","targetHints":{"allow":["GET"]}}],"collection":[{"href":"https:\/\/www.hoymercedes.com.ar\/principal\/wp-json\/wp\/v2\/posts"}],"about":[{"href":"https:\/\/www.hoymercedes.com.ar\/principal\/wp-json\/wp\/v2\/types\/post"}],"author":[{"embeddable":true,"href":"https:\/\/www.hoymercedes.com.ar\/principal\/wp-json\/wp\/v2\/users\/1"}],"replies":[{"embeddable":true,"href":"https:\/\/www.hoymercedes.com.ar\/principal\/wp-json\/wp\/v2\/comments?post=89898"}],"version-history":[{"count":0,"href":"https:\/\/www.hoymercedes.com.ar\/principal\/wp-json\/wp\/v2\/posts\/89898\/revisions"}],"wp:featuredmedia":[{"embeddable":true,"href":"https:\/\/www.hoymercedes.com.ar\/principal\/wp-json\/wp\/v2\/media\/89899"}],"wp:attachment":[{"href":"https:\/\/www.hoymercedes.com.ar\/principal\/wp-json\/wp\/v2\/media?parent=89898"}],"wp:term":[{"taxonomy":"category","embeddable":true,"href":"https:\/\/www.hoymercedes.com.ar\/principal\/wp-json\/wp\/v2\/categories?post=89898"},{"taxonomy":"post_tag","embeddable":true,"href":"https:\/\/www.hoymercedes.com.ar\/principal\/wp-json\/wp\/v2\/tags?post=89898"}],"curies":[{"name":"wp","href":"https:\/\/api.w.org\/{rel}","templated":true}]}}