{"id":89902,"date":"2019-03-21T19:20:04","date_gmt":"2019-03-21T22:20:04","guid":{"rendered":"http:\/\/www.hoymercedes.com.ar\/principal\/?p=89902"},"modified":"2019-03-21T18:41:21","modified_gmt":"2019-03-21T21:41:21","slug":"vecinos-autoconvocados-contra-el-peaje-haran-uso-de-la-banca-participativa","status":"publish","type":"post","link":"https:\/\/www.hoymercedes.com.ar\/principal\/2019\/03\/21\/vecinos-autoconvocados-contra-el-peaje-haran-uso-de-la-banca-participativa\/","title":{"rendered":"Vecinos autoconvocados contra el peaje har\u00e1n uso de la banca participativa"},"content":{"rendered":"\n<p>En la sesi\u00f3n ordinaria prevista para el d\u00eda lunes 25 de marzo, los vecinos representados por Marcelo Su\u00e1rez, tomar\u00e1n la palabra en el Concejo Deliberante haciendo uso de la banca participativa. Ante los legisladores locales expresar\u00e1n los puntos clave de su reclamo por las cabinas instaladas en Olivera-Gowland.<\/p>\n\n\n\n<p>Desde hace\nvarios a\u00f1os los vecinos autoconvocados contra el peaje vienen reclamando por\nlas cabinas instaladas a metros del l\u00edmite entre Mercedes y Luj\u00e1n. Reclamo que\nse intensific\u00f3 en los \u00faltimos meses ante la quita de derechos para los vecinos\nde Mercedes, el aumento de la tarifa y la cancelaci\u00f3n de la ayuda al Hospital\nDubarry y a los Bomberos Voluntarios para la asistencia ante siniestros viales\nen la ruta. <\/p>\n\n\n\n<p>Los \u00faltimos\nmeses, los vecinos mantuvieron un encuentro con representantes de Vialidad\nNacional, reclamaron en el peaje para que los usuarios del peaje conociesen la\nproblem\u00e1tica y este jueves 21 de marzo se reunieron con el bloque de concejales\nde Cambiemos para solicitar la pronta intervenci\u00f3n del espacio pol\u00edtico ante el\ngobierno nacional. <\/p>\n\n\n\n<p>M\u00e1s all\u00e1 de\nestas acciones de reclamo, los vecinos autoconvocados contra el peaje\nsolicitaron a la presidencia del Concejo Deliberante de Mercedes el uso de la\nbanca participativa para la sesi\u00f3n del 25 de marzo, 19 horas. Quien hablar\u00e1 en\nnombre de los vecinos ser\u00e1 Marcelo Su\u00e1rez. La idea de los vecinos es hacer\np\u00fablica ante el cuerpo legislativo en su totalidad las principales cuestiones\ndel reclamo de ellos y enfatizar en la representaci\u00f3n pol\u00edtica en los diferentes\nestamentos que tienen que responder a esos reclamos. &nbsp;&nbsp;<\/p>\n","protected":false},"excerpt":{"rendered":"<p>En la sesi\u00f3n ordinaria prevista para el d\u00eda lunes 25 de marzo, los vecinos representados por Marcelo Su\u00e1rez, tomar\u00e1n la &#8230; <a title=\"Vecinos autoconvocados contra el peaje har\u00e1n uso de la banca participativa\" class=\"read-more\" href=\"https:\/\/www.hoymercedes.com.ar\/principal\/2019\/03\/21\/vecinos-autoconvocados-contra-el-peaje-haran-uso-de-la-banca-participativa\/\" aria-label=\"Leer m\u00e1s sobre Vecinos autoconvocados contra el peaje har\u00e1n uso de la banca participativa\">Leer m\u00e1s<\/a><\/p>\n","protected":false},"author":1,"featured_media":89077,"comment_status":"closed","ping_status":"open","sticky":false,"template":"","format":"standard","meta":{"_monsterinsights_skip_tracking":false,"_monsterinsights_sitenote_active":false,"_monsterinsights_sitenote_note":"","_monsterinsights_sitenote_category":0,"jetpack_post_was_ever_published":false,"_jetpack_newsletter_access":"","_jetpack_dont_email_post_to_subs":false,"_jetpack_newsletter_tier_id":0,"_jetpack_memberships_contains_paywalled_content":false,"_jetpack_memberships_contains_paid_content":false,"footnotes":"","jetpack_publicize_message":"","jetpack_publicize_feature_enabled":true,"jetpack_social_post_already_shared":true,"jetpack_social_options":{"image_generator_settings":{"template":"highway","default_image_id":0,"font":"","enabled":false},"version":2},"_wpas_customize_per_network":false},"categories":[8],"tags":[6372,236,15,7279,5319,9036],"class_list":["post-89902","post","type-post","status-publish","format-standard","has-post-thumbnail","hentry","category-sociedad","tag-banca-participativa","tag-concejo-deliberante","tag-hcd","tag-peaje","tag-politica-2","tag-vecinos","generate-columns","tablet-grid-50","mobile-grid-100","grid-parent","grid-50"],"jetpack_publicize_connections":[],"jetpack_featured_media_url":"https:\/\/www.hoymercedes.com.ar\/principal\/wp-content\/uploads\/2019\/03\/protesta-peaje-5.3.19.jpg","wps_subtitle":"Para la sesi\u00f3n del 25 de marzo","jetpack_sharing_enabled":true,"_links":{"self":[{"href":"https:\/\/www.hoymercedes.com.ar\/principal\/wp-json\/wp\/v2\/posts\/89902","targetHints":{"allow":["GET"]}}],"collection":[{"href":"https:\/\/www.hoymercedes.com.ar\/principal\/wp-json\/wp\/v2\/posts"}],"about":[{"href":"https:\/\/www.hoymercedes.com.ar\/principal\/wp-json\/wp\/v2\/types\/post"}],"author":[{"embeddable":true,"href":"https:\/\/www.hoymercedes.com.ar\/principal\/wp-json\/wp\/v2\/users\/1"}],"replies":[{"embeddable":true,"href":"https:\/\/www.hoymercedes.com.ar\/principal\/wp-json\/wp\/v2\/comments?post=89902"}],"version-history":[{"count":0,"href":"https:\/\/www.hoymercedes.com.ar\/principal\/wp-json\/wp\/v2\/posts\/89902\/revisions"}],"wp:featuredmedia":[{"embeddable":true,"href":"https:\/\/www.hoymercedes.com.ar\/principal\/wp-json\/wp\/v2\/media\/89077"}],"wp:attachment":[{"href":"https:\/\/www.hoymercedes.com.ar\/principal\/wp-json\/wp\/v2\/media?parent=89902"}],"wp:term":[{"taxonomy":"category","embeddable":true,"href":"https:\/\/www.hoymercedes.com.ar\/principal\/wp-json\/wp\/v2\/categories?post=89902"},{"taxonomy":"post_tag","embeddable":true,"href":"https:\/\/www.hoymercedes.com.ar\/principal\/wp-json\/wp\/v2\/tags?post=89902"}],"curies":[{"name":"wp","href":"https:\/\/api.w.org\/{rel}","templated":true}]}}