{"id":89913,"date":"2019-03-22T13:39:06","date_gmt":"2019-03-22T16:39:06","guid":{"rendered":"http:\/\/www.hoymercedes.com.ar\/principal\/?p=89913"},"modified":"2019-03-22T09:16:49","modified_gmt":"2019-03-22T12:16:49","slug":"todo-listo-para-un-gran-show-de-hernan-casciari-gratis-en-la-trocha","status":"publish","type":"post","link":"https:\/\/www.hoymercedes.com.ar\/principal\/2019\/03\/22\/todo-listo-para-un-gran-show-de-hernan-casciari-gratis-en-la-trocha\/","title":{"rendered":"Todo listo para un gran show de Hern\u00e1n Casciari gratis en La Trocha"},"content":{"rendered":"\n<figure class=\"wp-block-image\"><img loading=\"lazy\" decoding=\"async\" width=\"710\" height=\"362\" data-attachment-id=\"86627\" data-permalink=\"https:\/\/www.hoymercedes.com.ar\/principal\/2019\/01\/08\/hernan-casciari-ya-narra-cuentos-en-la-medianoche-de-telefe-video\/casciari-2\/#main\" data-orig-file=\"https:\/\/www.hoymercedes.com.ar\/principal\/wp-content\/uploads\/2019\/01\/Casciari.jpg\" data-orig-size=\"710,362\" data-comments-opened=\"0\" data-image-meta=\"{&quot;aperture&quot;:&quot;0&quot;,&quot;credit&quot;:&quot;&quot;,&quot;camera&quot;:&quot;&quot;,&quot;caption&quot;:&quot;&quot;,&quot;created_timestamp&quot;:&quot;0&quot;,&quot;copyright&quot;:&quot;&quot;,&quot;focal_length&quot;:&quot;0&quot;,&quot;iso&quot;:&quot;0&quot;,&quot;shutter_speed&quot;:&quot;0&quot;,&quot;title&quot;:&quot;&quot;,&quot;orientation&quot;:&quot;0&quot;}\" data-image-title=\"Casciari\" data-image-description=\"\" data-image-caption=\"\" data-large-file=\"https:\/\/www.hoymercedes.com.ar\/principal\/wp-content\/uploads\/2019\/01\/Casciari.jpg\" src=\"https:\/\/www.hoymercedes.com.ar\/principal\/wp-content\/uploads\/2019\/01\/Casciari.jpg\" alt=\"\" class=\"wp-image-86627\" srcset=\"https:\/\/www.hoymercedes.com.ar\/principal\/wp-content\/uploads\/2019\/01\/Casciari.jpg 710w, https:\/\/www.hoymercedes.com.ar\/principal\/wp-content\/uploads\/2019\/01\/Casciari-150x76.jpg 150w, https:\/\/www.hoymercedes.com.ar\/principal\/wp-content\/uploads\/2019\/01\/Casciari-630x321.jpg 630w\" sizes=\"auto, (max-width: 710px) 100vw, 710px\" \/><figcaption>Hernan Casciari<\/figcaption><\/figure>\n\n\n\n<p>El pr\u00f3ximo s\u00e1bado el mercedino Hern\u00e1n\nCasciari se presentar\u00e1 en Mercedes con un espect\u00e1culo libre para todas las\nfamilias mercedinas. Ser\u00e1 en La Trocha desde las 18.00hs. La oportunidad\npermitir\u00e1 disfrutar del show denominado \u201cCuentos del pueblo que me recontra mil\npari\u00f3\u201d.<\/p>\n\n\n\n<p>El autor solicita que, m\u00e1s all\u00e1\nque sea gratis y de libre acceso, se realice en lo posible una pre inscripci\u00f3n\nen: <a href=\"https:\/\/www.eventbrite.com.ar\/e\/hernan-casciari-en-mercedes-cuentos-del-pueblo-que-me-recontra-mil-pario-tickets-56585576984\" target=\"_blank\" rel=\"noopener\">https:\/\/www.eventbrite.com.ar\/e\/hernan-casciari-en-mercedes-cuentos-del-pueblo-que-me-recontra-mil-pario-tickets-56585576984<\/a>\ncon el objetivo de poder dimensionar de la mejor manera posible el marco de la\njornada.<\/p>\n\n\n\n<p>Casciari cuenta que \u201cMuchos de\nlos personajes originales de estos cuentos estar\u00e1n en las butacas garantizando\nla veracidad de cada cuento\u201d siendo sin duda muy atractivo para todos los\nmercedinos. <\/p>\n\n\n\n<p>Adem\u00e1s se invita a que lleven los vecinos su reposera, el equipo de mate y muchas ganas de o\u00edr cuentos, re\u00edrse y disfrutar. <\/p>\n\n\n\n<figure class=\"wp-block-embed-youtube wp-block-embed is-type-video is-provider-youtube wp-embed-aspect-16-9 wp-has-aspect-ratio\"><div class=\"wp-block-embed__wrapper\">\n<span class=\"embed-youtube\" style=\"text-align:center; display: block;\"><iframe loading=\"lazy\" class=\"youtube-player\" width=\"1200\" height=\"675\" src=\"https:\/\/www.youtube.com\/embed\/P9tws0aK1vw?version=3&#038;rel=1&#038;showsearch=0&#038;showinfo=1&#038;iv_load_policy=1&#038;fs=1&#038;hl=es-ES&#038;autohide=2&#038;wmode=transparent\" allowfullscreen=\"true\" style=\"border:0;\" sandbox=\"allow-scripts allow-same-origin allow-popups allow-presentation allow-popups-to-escape-sandbox\"><\/iframe><\/span>\n<\/div><\/figure>\n","protected":false},"excerpt":{"rendered":"<p>El pr\u00f3ximo s\u00e1bado el mercedino Hern\u00e1n Casciari se presentar\u00e1 en Mercedes con un espect\u00e1culo libre para todas las familias mercedinas. &#8230; <a title=\"Todo listo para un gran show de Hern\u00e1n Casciari gratis en La Trocha\" class=\"read-more\" href=\"https:\/\/www.hoymercedes.com.ar\/principal\/2019\/03\/22\/todo-listo-para-un-gran-show-de-hernan-casciari-gratis-en-la-trocha\/\" aria-label=\"Leer m\u00e1s sobre Todo listo para un gran show de Hern\u00e1n Casciari gratis en La Trocha\">Leer m\u00e1s<\/a><\/p>\n","protected":false},"author":1,"featured_media":89431,"comment_status":"closed","ping_status":"open","sticky":false,"template":"","format":"standard","meta":{"_monsterinsights_skip_tracking":false,"_monsterinsights_sitenote_active":false,"_monsterinsights_sitenote_note":"","_monsterinsights_sitenote_category":0,"jetpack_post_was_ever_published":false,"_jetpack_newsletter_access":"","_jetpack_dont_email_post_to_subs":false,"_jetpack_newsletter_tier_id":0,"_jetpack_memberships_contains_paywalled_content":false,"_jetpack_memberships_contains_paid_content":false,"footnotes":"","jetpack_publicize_message":"","jetpack_publicize_feature_enabled":true,"jetpack_social_post_already_shared":true,"jetpack_social_options":{"image_generator_settings":{"template":"highway","default_image_id":0,"font":"","enabled":false},"version":2},"_wpas_customize_per_network":false},"categories":[104],"tags":[7805,309,3959,73],"class_list":["post-89913","post","type-post","status-publish","format-standard","has-post-thumbnail","hentry","category-cultura","tag-cultura","tag-hernan-casciari","tag-la-trocha","tag-literatura","generate-columns","tablet-grid-50","mobile-grid-100","grid-parent","grid-50"],"jetpack_publicize_connections":[],"jetpack_featured_media_url":"https:\/\/www.hoymercedes.com.ar\/principal\/wp-content\/uploads\/2019\/03\/13-casciari.jpg","wps_subtitle":"Libre y gratuito","jetpack_sharing_enabled":true,"_links":{"self":[{"href":"https:\/\/www.hoymercedes.com.ar\/principal\/wp-json\/wp\/v2\/posts\/89913","targetHints":{"allow":["GET"]}}],"collection":[{"href":"https:\/\/www.hoymercedes.com.ar\/principal\/wp-json\/wp\/v2\/posts"}],"about":[{"href":"https:\/\/www.hoymercedes.com.ar\/principal\/wp-json\/wp\/v2\/types\/post"}],"author":[{"embeddable":true,"href":"https:\/\/www.hoymercedes.com.ar\/principal\/wp-json\/wp\/v2\/users\/1"}],"replies":[{"embeddable":true,"href":"https:\/\/www.hoymercedes.com.ar\/principal\/wp-json\/wp\/v2\/comments?post=89913"}],"version-history":[{"count":0,"href":"https:\/\/www.hoymercedes.com.ar\/principal\/wp-json\/wp\/v2\/posts\/89913\/revisions"}],"wp:featuredmedia":[{"embeddable":true,"href":"https:\/\/www.hoymercedes.com.ar\/principal\/wp-json\/wp\/v2\/media\/89431"}],"wp:attachment":[{"href":"https:\/\/www.hoymercedes.com.ar\/principal\/wp-json\/wp\/v2\/media?parent=89913"}],"wp:term":[{"taxonomy":"category","embeddable":true,"href":"https:\/\/www.hoymercedes.com.ar\/principal\/wp-json\/wp\/v2\/categories?post=89913"},{"taxonomy":"post_tag","embeddable":true,"href":"https:\/\/www.hoymercedes.com.ar\/principal\/wp-json\/wp\/v2\/tags?post=89913"}],"curies":[{"name":"wp","href":"https:\/\/api.w.org\/{rel}","templated":true}]}}