{"id":89935,"date":"2019-03-22T09:46:54","date_gmt":"2019-03-22T12:46:54","guid":{"rendered":"http:\/\/www.hoymercedes.com.ar\/principal\/?p=89935"},"modified":"2019-03-22T09:25:14","modified_gmt":"2019-03-22T12:25:14","slug":"proteccion-civil-brindo-nueva-capacitacion-en-rcp-y-dea","status":"publish","type":"post","link":"https:\/\/www.hoymercedes.com.ar\/principal\/2019\/03\/22\/proteccion-civil-brindo-nueva-capacitacion-en-rcp-y-dea\/","title":{"rendered":"Protecci\u00f3n Civil brind\u00f3 nueva capacitaci\u00f3n en RCP y DEA"},"content":{"rendered":"\n<p>El \u00e1rea municipal de Protecci\u00f3n Civil realiz\u00f3 un nuevo curso de RCP (reanimaci\u00f3n cardiopulmonar) y uso DEA (desfibrilador externo autom\u00e1tico) en el ex Instituto Unzu\u00e9 (Av. 47 y 26). De esta capacitaci\u00f3n participaron 218 vecinos, todos de manera gratuita.<\/p>\n\n\n\n<figure class=\"wp-block-image\"><img loading=\"lazy\" decoding=\"async\" width=\"750\" height=\"500\" data-attachment-id=\"89937\" data-permalink=\"https:\/\/www.hoymercedes.com.ar\/principal\/2019\/03\/22\/proteccion-civil-brindo-nueva-capacitacion-en-rcp-y-dea\/22-capacitacion-pc-2-2\/#main\" data-orig-file=\"https:\/\/www.hoymercedes.com.ar\/principal\/wp-content\/uploads\/2019\/03\/22-Capacitacion-PC-2.jpeg\" data-orig-size=\"750,500\" data-comments-opened=\"0\" data-image-meta=\"{&quot;aperture&quot;:&quot;0&quot;,&quot;credit&quot;:&quot;&quot;,&quot;camera&quot;:&quot;&quot;,&quot;caption&quot;:&quot;&quot;,&quot;created_timestamp&quot;:&quot;0&quot;,&quot;copyright&quot;:&quot;&quot;,&quot;focal_length&quot;:&quot;0&quot;,&quot;iso&quot;:&quot;0&quot;,&quot;shutter_speed&quot;:&quot;0&quot;,&quot;title&quot;:&quot;&quot;,&quot;orientation&quot;:&quot;0&quot;}\" data-image-title=\"22 Capacitacion-PC-2\" data-image-description=\"\" data-image-caption=\"\" data-large-file=\"https:\/\/www.hoymercedes.com.ar\/principal\/wp-content\/uploads\/2019\/03\/22-Capacitacion-PC-2.jpeg\" src=\"https:\/\/www.hoymercedes.com.ar\/principal\/wp-content\/uploads\/2019\/03\/22-Capacitacion-PC-2.jpeg\" alt=\"\" class=\"wp-image-89937\" srcset=\"https:\/\/www.hoymercedes.com.ar\/principal\/wp-content\/uploads\/2019\/03\/22-Capacitacion-PC-2.jpeg 750w, https:\/\/www.hoymercedes.com.ar\/principal\/wp-content\/uploads\/2019\/03\/22-Capacitacion-PC-2-150x100.jpeg 150w, https:\/\/www.hoymercedes.com.ar\/principal\/wp-content\/uploads\/2019\/03\/22-Capacitacion-PC-2-630x420.jpeg 630w, https:\/\/www.hoymercedes.com.ar\/principal\/wp-content\/uploads\/2019\/03\/22-Capacitacion-PC-2-720x480.jpeg 720w, https:\/\/www.hoymercedes.com.ar\/principal\/wp-content\/uploads\/2019\/03\/22-Capacitacion-PC-2-360x240.jpeg 360w\" sizes=\"auto, (max-width: 750px) 100vw, 750px\" \/><\/figure>\n\n\n\n<p>Durante dos horas todos los participantes se vieron totalmente comprometidos con esta jornada, que una vez m\u00e1s, fue un \u00e9xito. El curso consisti\u00f3 de una parte te\u00f3rica y otra pr\u00e1ctica, donde se cont\u00f3 con todos los elementos necesarios que despejaron las dudas de los all\u00ed presentes. Adem\u00e1s, del mismo participaron todos los voluntarios y personal de protecci\u00f3n civil. &nbsp;<\/p>\n\n\n\n<p>Esteban Chal\u00e1, director de Protecci\u00f3n Civil de la Municipalidad de Mercedes afirm\u00f3 que \u201cel objetivo de esta importante campa\u00f1a es que los vecinos de nuestra ciudad puedan tener los conocimientos b\u00e1sicos sobre estas t\u00e9cnicas que pueden llegar, inclusive, a salvar vidas\u201d<\/p>\n\n\n\n<p>Asimismo, se\u00f1al\u00f3 \u201ctuvimos una gran cantidad de inscriptos, todos con muy buena voluntad y con muchas ganas de participar\u201d<\/p>\n\n\n\n<figure class=\"wp-block-image\"><img loading=\"lazy\" decoding=\"async\" width=\"750\" height=\"433\" data-attachment-id=\"89936\" data-permalink=\"https:\/\/www.hoymercedes.com.ar\/principal\/2019\/03\/22\/proteccion-civil-brindo-nueva-capacitacion-en-rcp-y-dea\/22-capacitacion-pc-2\/#main\" data-orig-file=\"https:\/\/www.hoymercedes.com.ar\/principal\/wp-content\/uploads\/2019\/03\/22-Capacitacion-PC.2.jpeg\" data-orig-size=\"750,433\" data-comments-opened=\"0\" data-image-meta=\"{&quot;aperture&quot;:&quot;0&quot;,&quot;credit&quot;:&quot;&quot;,&quot;camera&quot;:&quot;&quot;,&quot;caption&quot;:&quot;&quot;,&quot;created_timestamp&quot;:&quot;0&quot;,&quot;copyright&quot;:&quot;&quot;,&quot;focal_length&quot;:&quot;0&quot;,&quot;iso&quot;:&quot;0&quot;,&quot;shutter_speed&quot;:&quot;0&quot;,&quot;title&quot;:&quot;&quot;,&quot;orientation&quot;:&quot;0&quot;}\" data-image-title=\"22 Capacitacion-PC.2\" data-image-description=\"\" data-image-caption=\"\" data-large-file=\"https:\/\/www.hoymercedes.com.ar\/principal\/wp-content\/uploads\/2019\/03\/22-Capacitacion-PC.2.jpeg\" src=\"https:\/\/www.hoymercedes.com.ar\/principal\/wp-content\/uploads\/2019\/03\/22-Capacitacion-PC.2.jpeg\" alt=\"\" class=\"wp-image-89936\" srcset=\"https:\/\/www.hoymercedes.com.ar\/principal\/wp-content\/uploads\/2019\/03\/22-Capacitacion-PC.2.jpeg 750w, https:\/\/www.hoymercedes.com.ar\/principal\/wp-content\/uploads\/2019\/03\/22-Capacitacion-PC.2-150x87.jpeg 150w, https:\/\/www.hoymercedes.com.ar\/principal\/wp-content\/uploads\/2019\/03\/22-Capacitacion-PC.2-630x364.jpeg 630w\" sizes=\"auto, (max-width: 750px) 100vw, 750px\" \/><\/figure>\n\n\n\n<p><\/p>\n","protected":false},"excerpt":{"rendered":"<p>El \u00e1rea municipal de Protecci\u00f3n Civil realiz\u00f3 un nuevo curso de RCP (reanimaci\u00f3n cardiopulmonar) y uso DEA (desfibrilador externo autom\u00e1tico) &#8230; <a title=\"Protecci\u00f3n Civil brind\u00f3 nueva capacitaci\u00f3n en RCP y DEA\" class=\"read-more\" href=\"https:\/\/www.hoymercedes.com.ar\/principal\/2019\/03\/22\/proteccion-civil-brindo-nueva-capacitacion-en-rcp-y-dea\/\" aria-label=\"Leer m\u00e1s sobre Protecci\u00f3n Civil brind\u00f3 nueva capacitaci\u00f3n en RCP y DEA\">Leer m\u00e1s<\/a><\/p>\n","protected":false},"author":1,"featured_media":89937,"comment_status":"closed","ping_status":"open","sticky":false,"template":"","format":"standard","meta":{"_monsterinsights_skip_tracking":false,"_monsterinsights_sitenote_active":false,"_monsterinsights_sitenote_note":"","_monsterinsights_sitenote_category":0,"jetpack_post_was_ever_published":false,"_jetpack_newsletter_access":"","_jetpack_dont_email_post_to_subs":false,"_jetpack_newsletter_tier_id":0,"_jetpack_memberships_contains_paywalled_content":false,"_jetpack_memberships_contains_paid_content":false,"footnotes":"","jetpack_publicize_message":"","jetpack_publicize_feature_enabled":true,"jetpack_social_post_already_shared":true,"jetpack_social_options":{"image_generator_settings":{"template":"highway","default_image_id":0,"font":"","enabled":false},"version":2},"_wpas_customize_per_network":false},"categories":[30],"tags":[244,9122,9774],"class_list":["post-89935","post","type-post","status-publish","format-standard","has-post-thumbnail","hentry","category-municipio","tag-municipio-2","tag-proteccion-civil","tag-rcp","generate-columns","tablet-grid-50","mobile-grid-100","grid-parent","grid-50"],"jetpack_publicize_connections":[],"jetpack_featured_media_url":"https:\/\/www.hoymercedes.com.ar\/principal\/wp-content\/uploads\/2019\/03\/22-Capacitacion-PC-2.jpeg","wps_subtitle":"","jetpack_sharing_enabled":true,"_links":{"self":[{"href":"https:\/\/www.hoymercedes.com.ar\/principal\/wp-json\/wp\/v2\/posts\/89935","targetHints":{"allow":["GET"]}}],"collection":[{"href":"https:\/\/www.hoymercedes.com.ar\/principal\/wp-json\/wp\/v2\/posts"}],"about":[{"href":"https:\/\/www.hoymercedes.com.ar\/principal\/wp-json\/wp\/v2\/types\/post"}],"author":[{"embeddable":true,"href":"https:\/\/www.hoymercedes.com.ar\/principal\/wp-json\/wp\/v2\/users\/1"}],"replies":[{"embeddable":true,"href":"https:\/\/www.hoymercedes.com.ar\/principal\/wp-json\/wp\/v2\/comments?post=89935"}],"version-history":[{"count":0,"href":"https:\/\/www.hoymercedes.com.ar\/principal\/wp-json\/wp\/v2\/posts\/89935\/revisions"}],"wp:featuredmedia":[{"embeddable":true,"href":"https:\/\/www.hoymercedes.com.ar\/principal\/wp-json\/wp\/v2\/media\/89937"}],"wp:attachment":[{"href":"https:\/\/www.hoymercedes.com.ar\/principal\/wp-json\/wp\/v2\/media?parent=89935"}],"wp:term":[{"taxonomy":"category","embeddable":true,"href":"https:\/\/www.hoymercedes.com.ar\/principal\/wp-json\/wp\/v2\/categories?post=89935"},{"taxonomy":"post_tag","embeddable":true,"href":"https:\/\/www.hoymercedes.com.ar\/principal\/wp-json\/wp\/v2\/tags?post=89935"}],"curies":[{"name":"wp","href":"https:\/\/api.w.org\/{rel}","templated":true}]}}