{"id":89939,"date":"2019-03-22T12:10:28","date_gmt":"2019-03-22T15:10:28","guid":{"rendered":"http:\/\/www.hoymercedes.com.ar\/principal\/?p=89939"},"modified":"2019-03-22T15:43:09","modified_gmt":"2019-03-22T18:43:09","slug":"juventud-municipal-dara-informacion-sobre-el-uso-responsable-de-la-tecnologia-en-las-escuelas","status":"publish","type":"post","link":"https:\/\/www.hoymercedes.com.ar\/principal\/2019\/03\/22\/juventud-municipal-dara-informacion-sobre-el-uso-responsable-de-la-tecnologia-en-las-escuelas\/","title":{"rendered":"Juventud Municipal dar\u00e1 informaci\u00f3n sobre el uso responsable de la tecnolog\u00eda en las escuelas"},"content":{"rendered":"\n<p>El \u00e1rea de Juventud de la Municipalidad de Mercedes, dependiente de la Secretar\u00eda de Desarrollo social, atendiendo la problem\u00e1tica de los usos de la tecnolog\u00eda en la adolescencia, brindar\u00e1 informaci\u00f3n sobre esta tem\u00e1tica en diferentes establecimientos educativos de nuestra ciudad. Es la primera etapa de un plan ambicioso que incluir\u00e1 nuevas planificaciones y acciones con otras dependencias, instituciones y miradas inter disciplinarias.<\/p>\n\n\n\n<figure class=\"wp-block-image\"><img loading=\"lazy\" decoding=\"async\" width=\"1024\" height=\"503\" data-attachment-id=\"89940\" data-permalink=\"https:\/\/www.hoymercedes.com.ar\/principal\/2019\/03\/22\/juventud-municipal-dara-informacion-sobre-el-uso-responsable-de-la-tecnologia-en-las-escuelas\/22-uso-celulares\/#main\" data-orig-file=\"https:\/\/www.hoymercedes.com.ar\/principal\/wp-content\/uploads\/2019\/03\/22-uso-celulares.jpg\" data-orig-size=\"1140,560\" data-comments-opened=\"0\" data-image-meta=\"{&quot;aperture&quot;:&quot;0&quot;,&quot;credit&quot;:&quot;&quot;,&quot;camera&quot;:&quot;&quot;,&quot;caption&quot;:&quot;&quot;,&quot;created_timestamp&quot;:&quot;0&quot;,&quot;copyright&quot;:&quot;&quot;,&quot;focal_length&quot;:&quot;0&quot;,&quot;iso&quot;:&quot;0&quot;,&quot;shutter_speed&quot;:&quot;0&quot;,&quot;title&quot;:&quot;&quot;,&quot;orientation&quot;:&quot;0&quot;}\" data-image-title=\"22 uso celulares\" data-image-description=\"\" data-image-caption=\"\" data-large-file=\"https:\/\/www.hoymercedes.com.ar\/principal\/wp-content\/uploads\/2019\/03\/22-uso-celulares-1024x503.jpg\" src=\"https:\/\/www.hoymercedes.com.ar\/principal\/wp-content\/uploads\/2019\/03\/22-uso-celulares-1024x503.jpg\" alt=\"\" class=\"wp-image-89940\" srcset=\"https:\/\/www.hoymercedes.com.ar\/principal\/wp-content\/uploads\/2019\/03\/22-uso-celulares-1024x503.jpg 1024w, https:\/\/www.hoymercedes.com.ar\/principal\/wp-content\/uploads\/2019\/03\/22-uso-celulares-150x74.jpg 150w, https:\/\/www.hoymercedes.com.ar\/principal\/wp-content\/uploads\/2019\/03\/22-uso-celulares-630x309.jpg 630w, https:\/\/www.hoymercedes.com.ar\/principal\/wp-content\/uploads\/2019\/03\/22-uso-celulares.jpg 1140w\" sizes=\"auto, (max-width: 1024px) 100vw, 1024px\" \/><\/figure>\n\n\n\n<p>Asimismo, es importante destacar que los integrantes del \u00e1rea, previamente, se capacitaron en el \u201cUso Responsable de la Tecnolog\u00eda\u201d con el objetivo de trabajar en las escuelas secundarias durante todo el a\u00f1o.<\/p>\n\n\n\n<p>La tecnolog\u00eda nos atraviesa en todos los \u00f3rdenes, por lo que se despierta la alarma de c\u00f3mo usarlas correctamente y darle una funci\u00f3n que vaya m\u00e1s all\u00e1 del entretenimiento.<\/p>\n\n\n\n<p>El psic\u00f3logo Nahuel Asinsten ser\u00e1 el encargado de abordar esta tem\u00e1tica con los j\u00f3venes en nuestra Ciudad. Los temas ser\u00e1n la Identidad en la red y huella digital, consumo de informaci\u00f3n y redes, maltrato en la web, privacidad y consentimiento.<\/p>\n\n\n\n<p>La Coordinadora de Juventud, Eugenia Codega expres\u00f3: \u00abEs muy importante reflexionar con los j\u00f3venes, acercarle informaci\u00f3n, tomando conciencia del uso responsable de las tecnolog\u00edas, de los cuidados, a modo de prevenir da\u00f1os que afecten su vida cotidiana\u00bb.<\/p>\n","protected":false},"excerpt":{"rendered":"<p>El \u00e1rea de Juventud de la Municipalidad de Mercedes, dependiente de la Secretar\u00eda de Desarrollo social, atendiendo la problem\u00e1tica de &#8230; <a title=\"Juventud Municipal dar\u00e1 informaci\u00f3n sobre el uso responsable de la tecnolog\u00eda en las escuelas\" class=\"read-more\" href=\"https:\/\/www.hoymercedes.com.ar\/principal\/2019\/03\/22\/juventud-municipal-dara-informacion-sobre-el-uso-responsable-de-la-tecnologia-en-las-escuelas\/\" aria-label=\"Leer m\u00e1s sobre Juventud Municipal dar\u00e1 informaci\u00f3n sobre el uso responsable de la tecnolog\u00eda en las escuelas\">Leer m\u00e1s<\/a><\/p>\n","protected":false},"author":1,"featured_media":89940,"comment_status":"closed","ping_status":"open","sticky":false,"template":"","format":"standard","meta":{"_monsterinsights_skip_tracking":false,"_monsterinsights_sitenote_active":false,"_monsterinsights_sitenote_note":"","_monsterinsights_sitenote_category":0,"jetpack_post_was_ever_published":false,"_jetpack_newsletter_access":"","_jetpack_dont_email_post_to_subs":false,"_jetpack_newsletter_tier_id":0,"_jetpack_memberships_contains_paywalled_content":false,"_jetpack_memberships_contains_paid_content":false,"footnotes":"","jetpack_publicize_message":"","jetpack_publicize_feature_enabled":true,"jetpack_social_post_already_shared":true,"jetpack_social_options":{"image_generator_settings":{"template":"highway","default_image_id":0,"font":"","enabled":false},"version":2},"_wpas_customize_per_network":false},"categories":[30],"tags":[47,2252,244],"class_list":["post-89939","post","type-post","status-publish","format-standard","has-post-thumbnail","hentry","category-municipio","tag-educacion-2","tag-juventud","tag-municipio-2","generate-columns","tablet-grid-50","mobile-grid-100","grid-parent","grid-50"],"jetpack_publicize_connections":[],"jetpack_featured_media_url":"https:\/\/www.hoymercedes.com.ar\/principal\/wp-content\/uploads\/2019\/03\/22-uso-celulares.jpg","wps_subtitle":"","jetpack_sharing_enabled":true,"_links":{"self":[{"href":"https:\/\/www.hoymercedes.com.ar\/principal\/wp-json\/wp\/v2\/posts\/89939","targetHints":{"allow":["GET"]}}],"collection":[{"href":"https:\/\/www.hoymercedes.com.ar\/principal\/wp-json\/wp\/v2\/posts"}],"about":[{"href":"https:\/\/www.hoymercedes.com.ar\/principal\/wp-json\/wp\/v2\/types\/post"}],"author":[{"embeddable":true,"href":"https:\/\/www.hoymercedes.com.ar\/principal\/wp-json\/wp\/v2\/users\/1"}],"replies":[{"embeddable":true,"href":"https:\/\/www.hoymercedes.com.ar\/principal\/wp-json\/wp\/v2\/comments?post=89939"}],"version-history":[{"count":0,"href":"https:\/\/www.hoymercedes.com.ar\/principal\/wp-json\/wp\/v2\/posts\/89939\/revisions"}],"wp:featuredmedia":[{"embeddable":true,"href":"https:\/\/www.hoymercedes.com.ar\/principal\/wp-json\/wp\/v2\/media\/89940"}],"wp:attachment":[{"href":"https:\/\/www.hoymercedes.com.ar\/principal\/wp-json\/wp\/v2\/media?parent=89939"}],"wp:term":[{"taxonomy":"category","embeddable":true,"href":"https:\/\/www.hoymercedes.com.ar\/principal\/wp-json\/wp\/v2\/categories?post=89939"},{"taxonomy":"post_tag","embeddable":true,"href":"https:\/\/www.hoymercedes.com.ar\/principal\/wp-json\/wp\/v2\/tags?post=89939"}],"curies":[{"name":"wp","href":"https:\/\/api.w.org\/{rel}","templated":true}]}}