{"id":8995,"date":"2011-11-10T11:23:53","date_gmt":"2011-11-10T11:23:53","guid":{"rendered":"http:\/\/www.hoymercedes.com.ar\/principal\/?p=8995"},"modified":"2011-11-10T11:23:53","modified_gmt":"2011-11-10T11:23:53","slug":"en-poco-tiempo-se-ejecutara-el-programa-911-escuela-en-nuestra-ciudad","status":"publish","type":"post","link":"https:\/\/www.hoymercedes.com.ar\/principal\/2011\/11\/10\/en-poco-tiempo-se-ejecutara-el-programa-911-escuela-en-nuestra-ciudad\/","title":{"rendered":"En poco tiempo se ejecutar\u00e1 el Programa 911 Escuela en nuestra ciudad"},"content":{"rendered":"<p>El presidente del consejo Escolar, Oscar Filipin sostuvo ayer que ya estaba todo listo para poder comenzar a efectuar las compras de las alarmas que se van a utilizar dentro del programa de seguridad que puso en marcha en gobierno de la Provincia de Buenos Aires bajo la denominaci\u00f3n de Plan 911 Escuelas que consiste en colocar en totalidad de los establecimientos educativos de la ciudad que dependen de la \u00f3rbita de la Direcci\u00f3n general de Cultura y Educaci\u00f3n de la Provincia una alarma de seguridad conectada al sistema de emergencia 911.<\/p>\n<p>Sostuvo \u201cya tenemos en nuestro poder los pliegos de condiciones para poder ordenar las compras a las empresas que se han adherido al Programa 911 Escuelas que lleva adelante el gobierno de Daniel Scioli.<\/p>\n<p>Ustedes recordar\u00e1n que hace tiempo estuvimos en la ciudad de La Plata cuando justamente el gobernador hac\u00eda el anuncio oficial y firmaba con los diferentes distritos de la provincia los convenios correspondientes.<\/p>\n<p>Cada establecimiento educativo que depende del estado bonaerense va a contar con un alarma de tres sensores que ser\u00e1n distribuidos en su colocaci\u00f3n es los sectores m\u00e1s preocupantes del mismo quedando abierta la posibilidad para por ejemplo a trav\u00e9s de las Cooperadoras se puedan ir incorporando gradualmente los que se estimen necesarios para contar con una mayor seguridad.<\/p>\n<p>Este sistema estar\u00e1 directamente conectado al 911 por lo cual ser\u00e1 desde el propio gobierno bonaerense la implementaci\u00f3n del sistema de monitoreo de dichas alarmas que por cierto adem\u00e1s estar\u00e1n conectadas a un sistema de emergencias sanitaria.<\/p>\n<p>Ahora vamos a esperar que desde cada uno de los establecimientos beneficiados con el alcance de este Programa se nos haga conocer cuales son las que eligen dentro de la oferta que reitero nos puedan efectuar las empresas que hayan firmado oportunamente el convenio de adhesi\u00f3n con la Gobernaci\u00f3n para entonces una vez realizada la compra comenzar con la colocaci\u00f3n respectiva\u201d.<\/p>\n<p><strong>Las diferentes obras en ejecuci\u00f3n en Mercedes<\/strong><\/p>\n<p>Posteriormente Filipin se refiri\u00f3 a la situaci\u00f3n en que se encuentran las diferente sobras programadas en establecimientos de nuestra ciudad sosteniendo \u201ctanto en la Escuela Media 1 donde se est\u00e1 construyendo en estos momentos el SUM para luego en otro sector del predio de la avenida 47 comenzar con las dos nuevas aulas programadas, como en la Escuela Media 3 (Colegio Nacional) donde se estar\u00e1 efectuando la reparaci\u00f3n integral de los techos y cielo rasos, las obras van bastante adelantadas y perfectamente encuadradas dentro de los plazos establecidos en los pliegos de licitaci\u00f3n.<\/p>\n<p>Tambi\u00e9n se han comenzado las tareas de ampliaci\u00f3n y remodelaci\u00f3n en la Escuela 20 de Gowland y marchan muy bien, pero lamentablemente con relaci\u00f3n a la vivienda de la Jefatura de Inspecci\u00f3n en la calle 14, tenemos que decir que la empresa que se adjudic\u00f3 el llamado a licitaci\u00f3n finalmente ha desistido de concretar la obra por lo cual hay que volver a repetir todo el proceso licitatorio lo cual demandar\u00e1 un periodo de tiempo adicional al que se ten\u00eda previsto.<\/p>\n<p>Con relaci\u00f3n a la Escuela de Educaci\u00f3n T\u00e9cnica 1, es decir nuestra querida Industrial, aun est\u00e1 vigente el periodo para la compra de los pliegos de condiciones para concretar la obra por lo cual calculo que para alrededor del 20 de este mes ya vamos atener alguna novedad con el agregado que tambi\u00e9n se va a construir, tanto en dicha Escuela como en la de Ense\u00f1anza Agraria un nuevo galp\u00f3n para guardar parte de las herramientas que se utilizan a diario.<\/p>\n<p>Una vez abiertos los sobres ya se sabe que hay que concretar una serie de tr\u00e1mites administrativos para poder hacer la adjudicaci\u00f3n definitiva de los trabajos por lo cual pensamos que hasta los primeros d\u00eda de enero no tendremos una novedad concreta acerca del momento en que comenzar\u00e1n las obras.<\/p>\n<p>Tambi\u00e9n hay novedades con relaci\u00f3n al CEPT 4 en el que se ha llamado a licitaci\u00f3n para hacer determinas ampliaciones como por ejemplo la construcci\u00f3n de nuevas bater\u00edas de sanitarios, en estos momentos los diferentes sobres conteniendo las propuestas se encuentran en la Unidad Ejecutora Provincial que est\u00e1 analizando cada una de las ofertas presentadas para determinar cual realmente es la m\u00e1s conveniente y tras la adjudicaci\u00f3n poder firmar el contrato de obra respectivo.<\/p>\n<p>De esta manera podr\u00edamos decir que al menos en nuestra ciudad todo sigue en marcha sin ninguna clase de inconvenientes prepar\u00e1ndonos para encarar con buenos resultados el \u00faltimo segmento educativo de este 2011 y en el mes de enero retomar las actividades con lo que hasta el momento ha sido el Programa Escuela de Verano que se organiza desde la provincia del cual hasta el momento no hemos recibido ninguna clase de informaci\u00f3n oficial, pero ocurre que aun falta m\u00e1s de un mes y medio para su implementaci\u00f3n\u201d.<\/p>\n","protected":false},"excerpt":{"rendered":"<p>El presidente del consejo Escolar, Oscar Filipin sostuvo ayer que ya estaba todo listo para poder comenzar a efectuar las &#8230; <a title=\"En poco tiempo se ejecutar\u00e1 el Programa 911 Escuela en nuestra ciudad\" class=\"read-more\" href=\"https:\/\/www.hoymercedes.com.ar\/principal\/2011\/11\/10\/en-poco-tiempo-se-ejecutara-el-programa-911-escuela-en-nuestra-ciudad\/\" aria-label=\"Leer m\u00e1s sobre En poco tiempo se ejecutar\u00e1 el Programa 911 Escuela en nuestra ciudad\">Leer m\u00e1s<\/a><\/p>\n","protected":false},"author":1,"featured_media":0,"comment_status":"open","ping_status":"open","sticky":false,"template":"","format":"standard","meta":{"_monsterinsights_skip_tracking":false,"_monsterinsights_sitenote_active":false,"_monsterinsights_sitenote_note":"","_monsterinsights_sitenote_category":0,"jetpack_post_was_ever_published":false,"_jetpack_newsletter_access":"","_jetpack_dont_email_post_to_subs":false,"_jetpack_newsletter_tier_id":0,"_jetpack_memberships_contains_paywalled_content":false,"_jetpack_memberships_contains_paid_content":false,"footnotes":"","jetpack_publicize_message":"","jetpack_publicize_feature_enabled":true,"jetpack_social_post_already_shared":false,"jetpack_social_options":{"image_generator_settings":{"template":"highway","default_image_id":0,"font":"","enabled":false},"version":2},"_wpas_customize_per_network":false},"categories":[8],"tags":[499],"class_list":["post-8995","post","type-post","status-publish","format-standard","hentry","category-sociedad","tag-499","generate-columns","tablet-grid-50","mobile-grid-100","grid-parent","grid-50"],"jetpack_publicize_connections":[],"jetpack_featured_media_url":"","wps_subtitle":"","jetpack_sharing_enabled":true,"_links":{"self":[{"href":"https:\/\/www.hoymercedes.com.ar\/principal\/wp-json\/wp\/v2\/posts\/8995","targetHints":{"allow":["GET"]}}],"collection":[{"href":"https:\/\/www.hoymercedes.com.ar\/principal\/wp-json\/wp\/v2\/posts"}],"about":[{"href":"https:\/\/www.hoymercedes.com.ar\/principal\/wp-json\/wp\/v2\/types\/post"}],"author":[{"embeddable":true,"href":"https:\/\/www.hoymercedes.com.ar\/principal\/wp-json\/wp\/v2\/users\/1"}],"replies":[{"embeddable":true,"href":"https:\/\/www.hoymercedes.com.ar\/principal\/wp-json\/wp\/v2\/comments?post=8995"}],"version-history":[{"count":0,"href":"https:\/\/www.hoymercedes.com.ar\/principal\/wp-json\/wp\/v2\/posts\/8995\/revisions"}],"wp:attachment":[{"href":"https:\/\/www.hoymercedes.com.ar\/principal\/wp-json\/wp\/v2\/media?parent=8995"}],"wp:term":[{"taxonomy":"category","embeddable":true,"href":"https:\/\/www.hoymercedes.com.ar\/principal\/wp-json\/wp\/v2\/categories?post=8995"},{"taxonomy":"post_tag","embeddable":true,"href":"https:\/\/www.hoymercedes.com.ar\/principal\/wp-json\/wp\/v2\/tags?post=8995"}],"curies":[{"name":"wp","href":"https:\/\/api.w.org\/{rel}","templated":true}]}}