{"id":89956,"date":"2019-03-22T18:05:58","date_gmt":"2019-03-22T21:05:58","guid":{"rendered":"http:\/\/www.hoymercedes.com.ar\/principal\/?p=89956"},"modified":"2019-03-22T17:13:55","modified_gmt":"2019-03-22T20:13:55","slug":"eden-suspendera-el-servicio-el-domingo-entre-calles-1-39-32-y-40","status":"publish","type":"post","link":"https:\/\/www.hoymercedes.com.ar\/principal\/2019\/03\/22\/eden-suspendera-el-servicio-el-domingo-entre-calles-1-39-32-y-40\/","title":{"rendered":"Eden suspender\u00e1 el servicio el domingo entre calles 1, 39, 32 y 40"},"content":{"rendered":"\n<p>EDEN informa que, con el objetivo de brindar cada d\u00eda un mejor servicio, el d\u00eda domingo 24 de marzo se realizar\u00e1n trabajos desde calle 1 a 39, de 32 a 40 y en las zonas del Juzgado Federal y Escuela Nacional.<br><\/p>\n\n\n\n<p>Para poder realizar estas mejoras y como medida de seguridad, es necesario interrumpir el suministro en la zona mientras se trabaja en la red el\u00e9ctrica. Por eso se suspender\u00e1 el servicio de forma moment\u00e1nea de 7 a 11 hs.<br><\/p>\n\n\n\n<p>En caso de presentarse condiciones clim\u00e1ticas adversas, las actividades ser\u00e1n reprogramadas.<br><\/p>\n\n\n\n<p>Fuente: Prensa EDEN<\/p>\n","protected":false},"excerpt":{"rendered":"<p>EDEN informa que, con el objetivo de brindar cada d\u00eda un mejor servicio, el d\u00eda domingo 24 de marzo se &#8230; <a title=\"Eden suspender\u00e1 el servicio el domingo entre calles 1, 39, 32 y 40\" class=\"read-more\" href=\"https:\/\/www.hoymercedes.com.ar\/principal\/2019\/03\/22\/eden-suspendera-el-servicio-el-domingo-entre-calles-1-39-32-y-40\/\" aria-label=\"Leer m\u00e1s sobre Eden suspender\u00e1 el servicio el domingo entre calles 1, 39, 32 y 40\">Leer m\u00e1s<\/a><\/p>\n","protected":false},"author":1,"featured_media":46617,"comment_status":"closed","ping_status":"open","sticky":false,"template":"","format":"standard","meta":{"_monsterinsights_skip_tracking":false,"_monsterinsights_sitenote_active":false,"_monsterinsights_sitenote_note":"","_monsterinsights_sitenote_category":0,"jetpack_post_was_ever_published":false,"_jetpack_newsletter_access":"","_jetpack_dont_email_post_to_subs":false,"_jetpack_newsletter_tier_id":0,"_jetpack_memberships_contains_paywalled_content":false,"_jetpack_memberships_contains_paid_content":false,"footnotes":"","jetpack_publicize_message":"","jetpack_publicize_feature_enabled":true,"jetpack_social_post_already_shared":true,"jetpack_social_options":{"image_generator_settings":{"template":"highway","default_image_id":0,"font":"","enabled":false},"version":2},"_wpas_customize_per_network":false},"categories":[11],"tags":[14672,1023],"class_list":["post-89956","post","type-post","status-publish","format-standard","has-post-thumbnail","hentry","category-ciudad","tag-corte-de-luz-programado","tag-eden","generate-columns","tablet-grid-50","mobile-grid-100","grid-parent","grid-50"],"jetpack_publicize_connections":[],"jetpack_featured_media_url":"https:\/\/www.hoymercedes.com.ar\/principal\/wp-content\/uploads\/2015\/12\/eden.jpg","wps_subtitle":"En horas de la ma\u00f1ana","jetpack_sharing_enabled":true,"_links":{"self":[{"href":"https:\/\/www.hoymercedes.com.ar\/principal\/wp-json\/wp\/v2\/posts\/89956","targetHints":{"allow":["GET"]}}],"collection":[{"href":"https:\/\/www.hoymercedes.com.ar\/principal\/wp-json\/wp\/v2\/posts"}],"about":[{"href":"https:\/\/www.hoymercedes.com.ar\/principal\/wp-json\/wp\/v2\/types\/post"}],"author":[{"embeddable":true,"href":"https:\/\/www.hoymercedes.com.ar\/principal\/wp-json\/wp\/v2\/users\/1"}],"replies":[{"embeddable":true,"href":"https:\/\/www.hoymercedes.com.ar\/principal\/wp-json\/wp\/v2\/comments?post=89956"}],"version-history":[{"count":0,"href":"https:\/\/www.hoymercedes.com.ar\/principal\/wp-json\/wp\/v2\/posts\/89956\/revisions"}],"wp:featuredmedia":[{"embeddable":true,"href":"https:\/\/www.hoymercedes.com.ar\/principal\/wp-json\/wp\/v2\/media\/46617"}],"wp:attachment":[{"href":"https:\/\/www.hoymercedes.com.ar\/principal\/wp-json\/wp\/v2\/media?parent=89956"}],"wp:term":[{"taxonomy":"category","embeddable":true,"href":"https:\/\/www.hoymercedes.com.ar\/principal\/wp-json\/wp\/v2\/categories?post=89956"},{"taxonomy":"post_tag","embeddable":true,"href":"https:\/\/www.hoymercedes.com.ar\/principal\/wp-json\/wp\/v2\/tags?post=89956"}],"curies":[{"name":"wp","href":"https:\/\/api.w.org\/{rel}","templated":true}]}}