{"id":89959,"date":"2019-03-22T18:34:00","date_gmt":"2019-03-22T21:34:00","guid":{"rendered":"http:\/\/www.hoymercedes.com.ar\/principal\/?p=89959"},"modified":"2019-03-22T17:37:40","modified_gmt":"2019-03-22T20:37:40","slug":"se-realizo-el-primer-sorteo-de-terrenos-municipales-del-banco-de-tierras","status":"publish","type":"post","link":"https:\/\/www.hoymercedes.com.ar\/principal\/2019\/03\/22\/se-realizo-el-primer-sorteo-de-terrenos-municipales-del-banco-de-tierras\/","title":{"rendered":"Se realiz\u00f3 el primer sorteo de terrenos municipales del Banco de Tierras"},"content":{"rendered":"\n<p>Son 68 los primeros\nbeneficiarios de los 2176 inscriptos. Dos de los terrenos fueron sorteados\nentre los integrantes del cuerpo de Bomberos Voluntarios y otros seis fueron\npara las fuerzas de seguridad bonaerense, que tambi\u00e9n estaban inscriptos en el\nlistado general. Una cifra similar se sorte\u00f3 para beneficiarios suplentes.&nbsp;La\nn\u00f3mina de beneficiarios se dar\u00e1 a conocer con la publicaci\u00f3n del acta del\nEscribano Giannini. <\/p>\n\n\n\n<figure class=\"wp-block-image\"><img loading=\"lazy\" decoding=\"async\" width=\"750\" height=\"500\" data-attachment-id=\"89961\" data-permalink=\"https:\/\/www.hoymercedes.com.ar\/principal\/2019\/03\/22\/se-realizo-el-primer-sorteo-de-terrenos-municipales-del-banco-de-tierras\/22-mi-terreno2\/#main\" data-orig-file=\"https:\/\/www.hoymercedes.com.ar\/principal\/wp-content\/uploads\/2019\/03\/22-mi-terreno2.jpg\" data-orig-size=\"750,500\" data-comments-opened=\"0\" data-image-meta=\"{&quot;aperture&quot;:&quot;2&quot;,&quot;credit&quot;:&quot;&quot;,&quot;camera&quot;:&quot;Moto G (5S) Plus&quot;,&quot;caption&quot;:&quot;&quot;,&quot;created_timestamp&quot;:&quot;1553250231&quot;,&quot;copyright&quot;:&quot;&quot;,&quot;focal_length&quot;:&quot;3.59&quot;,&quot;iso&quot;:&quot;191&quot;,&quot;shutter_speed&quot;:&quot;0.066666666666667&quot;,&quot;title&quot;:&quot;&quot;,&quot;orientation&quot;:&quot;1&quot;}\" data-image-title=\"22 mi terreno2\" data-image-description=\"\" data-image-caption=\"\" data-large-file=\"https:\/\/www.hoymercedes.com.ar\/principal\/wp-content\/uploads\/2019\/03\/22-mi-terreno2.jpg\" src=\"https:\/\/www.hoymercedes.com.ar\/principal\/wp-content\/uploads\/2019\/03\/22-mi-terreno2.jpg\" alt=\"\" class=\"wp-image-89961\" srcset=\"https:\/\/www.hoymercedes.com.ar\/principal\/wp-content\/uploads\/2019\/03\/22-mi-terreno2.jpg 750w, https:\/\/www.hoymercedes.com.ar\/principal\/wp-content\/uploads\/2019\/03\/22-mi-terreno2-150x100.jpg 150w, https:\/\/www.hoymercedes.com.ar\/principal\/wp-content\/uploads\/2019\/03\/22-mi-terreno2-630x420.jpg 630w, https:\/\/www.hoymercedes.com.ar\/principal\/wp-content\/uploads\/2019\/03\/22-mi-terreno2-720x480.jpg 720w, https:\/\/www.hoymercedes.com.ar\/principal\/wp-content\/uploads\/2019\/03\/22-mi-terreno2-360x240.jpg 360w\" sizes=\"auto, (max-width: 750px) 100vw, 750px\" \/><\/figure>\n\n\n\n<p>Pasada la media ma\u00f1ana\nde este viernes 22 de marzo, se inici\u00f3 el primer sorteo de los terrenos\nmunicipal entre m\u00e1s de dos mil inscriptos. Las palabras de bienvenida estuvieron\na cargo del Director de Tierras, el abogado Javier Guevara y del Jefe Comunal\nJuan Ignacio Ustarroz que en su discurso inicial anunci\u00f3 que planean sortear en\ntotal 800 terrenos en todo el a\u00f1o y explic\u00f3 que el valor del pago de cada cuota\ndel terreno ser\u00e1 de acuerdo a la valuaci\u00f3n fiscal del espacio asignado y asegur\u00f3\nque la tasa de inter\u00e9s inicial ser\u00e1 de 2% anual.&nbsp;<\/p>\n\n\n\n<p>El sorteo p\u00fablico se\nrealiz\u00f3 ante el escribano Juan Pablo Giannini y la fiscalizaci\u00f3n de\nrepresentantes del \u00e1rea de tierras municipales. Pasadas las palabras\niniciarles, Guevara dio cuenta de las condiciones del sorteo, mientras que Valeria\nIlarraz explic\u00f3 que de acuerdo al orden sorteado podr\u00e1n los beneficiarios\nelegir los terrenos propuestos as\u00ed como los suplentes ser\u00e1n de acuerdo al orden\nsorteado.<\/p>\n\n\n\n<p>El sorteo comenz\u00f3 con\nlos listados especiales. Primeros se sortearon los dos terrenos para los Bomberos\nVoluntarios inscriptos (hab\u00eda 17 anotados) y luego para los integrantes de las\nfuerzas de seguridad bonaerense sortearon seis terrenos m\u00e1s (los inscriptos\neran 338). Tanto para bomberos como para las fuerzas de seguridad, sortearon a\nlos suplentes de cada listado. <\/p>\n\n\n\n<p>Finalmente iniciaron\nel sorteo de los 60 titulares y 60 suplentes del listado general del cual\ntambi\u00e9n participaban los bomberos y los polic\u00edas que no salieron sorteados como\ntitulares en sus listados. Algunos de los beneficiarios sorteados se\nencontraban presentes. Es as\u00ed que se vieron varias caras de alegr\u00eda entre ellos\ny algunos aplausos entusiasmados. <\/p>\n\n\n\n<p>Pasadas las dos de la\ntarde se termin\u00f3 de sortear y el \u00e1rea de Tierras de la comuna explic\u00f3 que el escribano\nGiannini har\u00eda el acta correspondiente para luego hacer la publicaci\u00f3n\ndefinitiva del listado de los beneficiarios y hacer las comunicaciones\ncorrespondientes. <\/p>\n\n\n\n<p>No obstante, el martes pr\u00f3ximo se publicar\u00e1 el listado en los medios de comunicaci\u00f3n gr\u00e1fico. Con la n\u00f3mina de los beneficiarios, habr\u00e1 10 d\u00edas h\u00e1biles para presentar las oposiciones de parte de alg\u00fan vecino &#8211; con reserva de identidad &#8211; que denuncie que alguno de los sorteados ya tiene un terreno o una casa. El \u00e1rea de Tierras analizar\u00e1 la denuncia y actuar\u00e1 de acuerdo a la situaci\u00f3n. <\/p>\n\n\n\n<figure class=\"wp-block-image\"><img loading=\"lazy\" decoding=\"async\" width=\"750\" height=\"500\" data-attachment-id=\"89960\" data-permalink=\"https:\/\/www.hoymercedes.com.ar\/principal\/2019\/03\/22\/se-realizo-el-primer-sorteo-de-terrenos-municipales-del-banco-de-tierras\/22-mi-terreno\/#main\" data-orig-file=\"https:\/\/www.hoymercedes.com.ar\/principal\/wp-content\/uploads\/2019\/03\/22-mi-terreno.jpg\" data-orig-size=\"750,500\" data-comments-opened=\"0\" data-image-meta=\"{&quot;aperture&quot;:&quot;2&quot;,&quot;credit&quot;:&quot;&quot;,&quot;camera&quot;:&quot;Moto G (5S) Plus&quot;,&quot;caption&quot;:&quot;&quot;,&quot;created_timestamp&quot;:&quot;1553251228&quot;,&quot;copyright&quot;:&quot;&quot;,&quot;focal_length&quot;:&quot;3.59&quot;,&quot;iso&quot;:&quot;111&quot;,&quot;shutter_speed&quot;:&quot;0.058823529411765&quot;,&quot;title&quot;:&quot;&quot;,&quot;orientation&quot;:&quot;1&quot;}\" data-image-title=\"22 mi terreno\" data-image-description=\"\" data-image-caption=\"\" data-large-file=\"https:\/\/www.hoymercedes.com.ar\/principal\/wp-content\/uploads\/2019\/03\/22-mi-terreno.jpg\" src=\"https:\/\/www.hoymercedes.com.ar\/principal\/wp-content\/uploads\/2019\/03\/22-mi-terreno.jpg\" alt=\"\" class=\"wp-image-89960\" srcset=\"https:\/\/www.hoymercedes.com.ar\/principal\/wp-content\/uploads\/2019\/03\/22-mi-terreno.jpg 750w, https:\/\/www.hoymercedes.com.ar\/principal\/wp-content\/uploads\/2019\/03\/22-mi-terreno-150x100.jpg 150w, https:\/\/www.hoymercedes.com.ar\/principal\/wp-content\/uploads\/2019\/03\/22-mi-terreno-630x420.jpg 630w, https:\/\/www.hoymercedes.com.ar\/principal\/wp-content\/uploads\/2019\/03\/22-mi-terreno-720x480.jpg 720w, https:\/\/www.hoymercedes.com.ar\/principal\/wp-content\/uploads\/2019\/03\/22-mi-terreno-360x240.jpg 360w\" sizes=\"auto, (max-width: 750px) 100vw, 750px\" \/><\/figure>\n","protected":false},"excerpt":{"rendered":"<p>Son 68 los primeros beneficiarios de los 2176 inscriptos. Dos de los terrenos fueron sorteados entre los integrantes del cuerpo &#8230; <a title=\"Se realiz\u00f3 el primer sorteo de terrenos municipales del Banco de Tierras\" class=\"read-more\" href=\"https:\/\/www.hoymercedes.com.ar\/principal\/2019\/03\/22\/se-realizo-el-primer-sorteo-de-terrenos-municipales-del-banco-de-tierras\/\" aria-label=\"Leer m\u00e1s sobre Se realiz\u00f3 el primer sorteo de terrenos municipales del Banco de Tierras\">Leer m\u00e1s<\/a><\/p>\n","protected":false},"author":1,"featured_media":89960,"comment_status":"closed","ping_status":"open","sticky":false,"template":"","format":"standard","meta":{"_monsterinsights_skip_tracking":false,"_monsterinsights_sitenote_active":false,"_monsterinsights_sitenote_note":"","_monsterinsights_sitenote_category":0,"jetpack_post_was_ever_published":false,"_jetpack_newsletter_access":"","_jetpack_dont_email_post_to_subs":false,"_jetpack_newsletter_tier_id":0,"_jetpack_memberships_contains_paywalled_content":false,"_jetpack_memberships_contains_paid_content":false,"footnotes":"","jetpack_publicize_message":"","jetpack_publicize_feature_enabled":true,"jetpack_social_post_already_shared":true,"jetpack_social_options":{"image_generator_settings":{"template":"highway","default_image_id":0,"font":"","enabled":false},"version":2},"_wpas_customize_per_network":false},"categories":[30],"tags":[14675,14241,244,9097],"class_list":["post-89959","post","type-post","status-publish","format-standard","has-post-thumbnail","hentry","category-municipio","tag-departamento-de-tierras","tag-mi-terreno","tag-municipio-2","tag-sorteo","generate-columns","tablet-grid-50","mobile-grid-100","grid-parent","grid-50"],"jetpack_publicize_connections":[],"jetpack_featured_media_url":"https:\/\/www.hoymercedes.com.ar\/principal\/wp-content\/uploads\/2019\/03\/22-mi-terreno.jpg","wps_subtitle":"Durante la ma\u00f1ana del viernes 22","jetpack_sharing_enabled":true,"_links":{"self":[{"href":"https:\/\/www.hoymercedes.com.ar\/principal\/wp-json\/wp\/v2\/posts\/89959","targetHints":{"allow":["GET"]}}],"collection":[{"href":"https:\/\/www.hoymercedes.com.ar\/principal\/wp-json\/wp\/v2\/posts"}],"about":[{"href":"https:\/\/www.hoymercedes.com.ar\/principal\/wp-json\/wp\/v2\/types\/post"}],"author":[{"embeddable":true,"href":"https:\/\/www.hoymercedes.com.ar\/principal\/wp-json\/wp\/v2\/users\/1"}],"replies":[{"embeddable":true,"href":"https:\/\/www.hoymercedes.com.ar\/principal\/wp-json\/wp\/v2\/comments?post=89959"}],"version-history":[{"count":0,"href":"https:\/\/www.hoymercedes.com.ar\/principal\/wp-json\/wp\/v2\/posts\/89959\/revisions"}],"wp:featuredmedia":[{"embeddable":true,"href":"https:\/\/www.hoymercedes.com.ar\/principal\/wp-json\/wp\/v2\/media\/89960"}],"wp:attachment":[{"href":"https:\/\/www.hoymercedes.com.ar\/principal\/wp-json\/wp\/v2\/media?parent=89959"}],"wp:term":[{"taxonomy":"category","embeddable":true,"href":"https:\/\/www.hoymercedes.com.ar\/principal\/wp-json\/wp\/v2\/categories?post=89959"},{"taxonomy":"post_tag","embeddable":true,"href":"https:\/\/www.hoymercedes.com.ar\/principal\/wp-json\/wp\/v2\/tags?post=89959"}],"curies":[{"name":"wp","href":"https:\/\/api.w.org\/{rel}","templated":true}]}}