{"id":89968,"date":"2019-03-24T10:27:56","date_gmt":"2019-03-24T13:27:56","guid":{"rendered":"http:\/\/www.hoymercedes.com.ar\/principal\/?p=89968"},"modified":"2019-03-23T11:37:32","modified_gmt":"2019-03-23T14:37:32","slug":"creditos-uva-selva-pide-frenar-las-ejecuciones","status":"publish","type":"post","link":"https:\/\/www.hoymercedes.com.ar\/principal\/2019\/03\/24\/creditos-uva-selva-pide-frenar-las-ejecuciones\/","title":{"rendered":"Cr\u00e9ditos UVA: Selva pide \u201cfrenar las ejecuciones\u201d"},"content":{"rendered":"\n<p>El importante y sostenido crecimiento que tienen las cuotas de los cr\u00e9ditos hipotecarios basados en el sistema UVA preocupa en varios sectores y esta problem\u00e1tica ha llegado a la C\u00e1mara de Diputados de la Naci\u00f3n. Es as\u00ed que el legislador del Frente Renovador, Carlos Selva, se manifest\u00f3 en el contexto de este debate expresando la necesidad de que se ponga un tope.<\/p>\n\n\n\n<p>Seg\u00fan Selva, \u201chay m\u00e1s de 100 mil familias que hoy ven opacado el sue\u00f1o de la casa propia en virtud de que los cr\u00e9ditos UVA se volvieron impagables, ya que desde el Estado no obtienen una soluci\u00f3n\u201d.<\/p>\n\n\n\n<p>\u201cLa situaci\u00f3n es urgente y amerita la emergencia, y sobre todo frenar las ejecuciones. No puede ser que el Estado, que hoy subsidia a empresas de energ\u00eda, haga o\u00eddos sordos y no d\u00e9 una soluci\u00f3n a quienes fueron motivados por el mismo Gobierno para acceder a los pr\u00e9stamos UVA que hoy se tornaron usurarios\u201d, afirm\u00f3 en declaraciones a la agencia Nova.<\/p>\n\n\n\n<p>La iniciativa del Frente Renovador apunta a que las cuotas de los pr\u00e9stamos no superen el coeficiente salarial, aunque creen que lo prioritario es que el Poder Ejecutivo suspenda las ejecuciones que comenzaron a darse hace algunos meses por falta de pago de los cr\u00e9ditos.<\/p>\n\n\n\n<p>Fuente: Carlos Selva web<\/p>\n","protected":false},"excerpt":{"rendered":"<p>El importante y sostenido crecimiento que tienen las cuotas de los cr\u00e9ditos hipotecarios basados en el sistema UVA preocupa en &#8230; <a title=\"Cr\u00e9ditos UVA: Selva pide \u201cfrenar las ejecuciones\u201d\" class=\"read-more\" href=\"https:\/\/www.hoymercedes.com.ar\/principal\/2019\/03\/24\/creditos-uva-selva-pide-frenar-las-ejecuciones\/\" aria-label=\"Leer m\u00e1s sobre Cr\u00e9ditos UVA: Selva pide \u201cfrenar las ejecuciones\u201d\">Leer m\u00e1s<\/a><\/p>\n","protected":false},"author":1,"featured_media":89986,"comment_status":"closed","ping_status":"open","sticky":false,"template":"","format":"standard","meta":{"_monsterinsights_skip_tracking":false,"_monsterinsights_sitenote_active":false,"_monsterinsights_sitenote_note":"","_monsterinsights_sitenote_category":0,"jetpack_post_was_ever_published":false,"_jetpack_newsletter_access":"","_jetpack_dont_email_post_to_subs":false,"_jetpack_newsletter_tier_id":0,"_jetpack_memberships_contains_paywalled_content":false,"_jetpack_memberships_contains_paid_content":false,"footnotes":"","jetpack_publicize_message":"","jetpack_publicize_feature_enabled":true,"jetpack_social_post_already_shared":true,"jetpack_social_options":{"image_generator_settings":{"template":"highway","default_image_id":0,"font":"","enabled":false},"version":2},"_wpas_customize_per_network":false},"categories":[5210],"tags":[39,14676,14199],"class_list":["post-89968","post","type-post","status-publish","format-standard","has-post-thumbnail","hentry","category-politica-nacional","tag-carlos-selva","tag-creditos-uva","tag-politica","generate-columns","tablet-grid-50","mobile-grid-100","grid-parent","grid-50"],"jetpack_publicize_connections":[],"jetpack_featured_media_url":"https:\/\/www.hoymercedes.com.ar\/principal\/wp-content\/uploads\/2019\/03\/24-selva-uvA-FOTO.jpg","wps_subtitle":"","jetpack_sharing_enabled":true,"_links":{"self":[{"href":"https:\/\/www.hoymercedes.com.ar\/principal\/wp-json\/wp\/v2\/posts\/89968","targetHints":{"allow":["GET"]}}],"collection":[{"href":"https:\/\/www.hoymercedes.com.ar\/principal\/wp-json\/wp\/v2\/posts"}],"about":[{"href":"https:\/\/www.hoymercedes.com.ar\/principal\/wp-json\/wp\/v2\/types\/post"}],"author":[{"embeddable":true,"href":"https:\/\/www.hoymercedes.com.ar\/principal\/wp-json\/wp\/v2\/users\/1"}],"replies":[{"embeddable":true,"href":"https:\/\/www.hoymercedes.com.ar\/principal\/wp-json\/wp\/v2\/comments?post=89968"}],"version-history":[{"count":0,"href":"https:\/\/www.hoymercedes.com.ar\/principal\/wp-json\/wp\/v2\/posts\/89968\/revisions"}],"wp:featuredmedia":[{"embeddable":true,"href":"https:\/\/www.hoymercedes.com.ar\/principal\/wp-json\/wp\/v2\/media\/89986"}],"wp:attachment":[{"href":"https:\/\/www.hoymercedes.com.ar\/principal\/wp-json\/wp\/v2\/media?parent=89968"}],"wp:term":[{"taxonomy":"category","embeddable":true,"href":"https:\/\/www.hoymercedes.com.ar\/principal\/wp-json\/wp\/v2\/categories?post=89968"},{"taxonomy":"post_tag","embeddable":true,"href":"https:\/\/www.hoymercedes.com.ar\/principal\/wp-json\/wp\/v2\/tags?post=89968"}],"curies":[{"name":"wp","href":"https:\/\/api.w.org\/{rel}","templated":true}]}}