{"id":90001,"date":"2019-03-25T10:15:14","date_gmt":"2019-03-25T13:15:14","guid":{"rendered":"http:\/\/www.hoymercedes.com.ar\/principal\/?p=90001"},"modified":"2019-03-25T08:41:51","modified_gmt":"2019-03-25T11:41:51","slug":"habra-una-pena-solidaria-para-los-veteranos-de-malvinas","status":"publish","type":"post","link":"https:\/\/www.hoymercedes.com.ar\/principal\/2019\/03\/25\/habra-una-pena-solidaria-para-los-veteranos-de-malvinas\/","title":{"rendered":"Habr\u00e1 una pe\u00f1a solidaria para los Veteranos de Malvinas"},"content":{"rendered":"\n<p>La noche previa al D\u00eda del Veterano de la guerra en Islas Malvinas, se estar\u00e1 realizando una pe\u00f1a solidaria para los Veteranos. El objetivo es aportar a la mano de obra para construcci\u00f3n de la \u201cCasa del Veterano\u201d.  En conjunto con los \u201cAmigos Pe\u00f1eros\u201d y la Municipalidad de Mercedes, en la noche del 1\u00b0 de abril, los Veteranos de la Guerra de Islas Malvinas har\u00e1n una vigilia en la que participar\u00e1n artistas locales. <\/p>\n\n\n\n<figure class=\"wp-block-image\"><img loading=\"lazy\" decoding=\"async\" width=\"750\" height=\"500\" data-attachment-id=\"90006\" data-permalink=\"https:\/\/www.hoymercedes.com.ar\/principal\/2019\/03\/23\/jorge-beto-altieri-y-su-casco-de-malvinas-estaran-en-mercedes\/23-malvinas-peneros\/#main\" data-orig-file=\"https:\/\/www.hoymercedes.com.ar\/principal\/wp-content\/uploads\/2019\/03\/23-malvinas-pe\u00f1eros.jpg\" data-orig-size=\"750,500\" data-comments-opened=\"0\" data-image-meta=\"{&quot;aperture&quot;:&quot;2&quot;,&quot;credit&quot;:&quot;&quot;,&quot;camera&quot;:&quot;Moto G (5S) Plus&quot;,&quot;caption&quot;:&quot;&quot;,&quot;created_timestamp&quot;:&quot;1553253183&quot;,&quot;copyright&quot;:&quot;&quot;,&quot;focal_length&quot;:&quot;3.59&quot;,&quot;iso&quot;:&quot;790&quot;,&quot;shutter_speed&quot;:&quot;0.05&quot;,&quot;title&quot;:&quot;&quot;,&quot;orientation&quot;:&quot;1&quot;}\" data-image-title=\"23 malvinas pe\u00f1eros\" data-image-description=\"\" data-image-caption=\"\" data-large-file=\"https:\/\/www.hoymercedes.com.ar\/principal\/wp-content\/uploads\/2019\/03\/23-malvinas-pe\u00f1eros.jpg\" src=\"https:\/\/www.hoymercedes.com.ar\/principal\/wp-content\/uploads\/2019\/03\/23-malvinas-pe\u00f1eros.jpg\" alt=\"\" class=\"wp-image-90006\" srcset=\"https:\/\/www.hoymercedes.com.ar\/principal\/wp-content\/uploads\/2019\/03\/23-malvinas-pe\u00f1eros.jpg 750w, https:\/\/www.hoymercedes.com.ar\/principal\/wp-content\/uploads\/2019\/03\/23-malvinas-pe\u00f1eros-150x100.jpg 150w, https:\/\/www.hoymercedes.com.ar\/principal\/wp-content\/uploads\/2019\/03\/23-malvinas-pe\u00f1eros-630x420.jpg 630w, https:\/\/www.hoymercedes.com.ar\/principal\/wp-content\/uploads\/2019\/03\/23-malvinas-pe\u00f1eros-720x480.jpg 720w, https:\/\/www.hoymercedes.com.ar\/principal\/wp-content\/uploads\/2019\/03\/23-malvinas-pe\u00f1eros-360x240.jpg 360w\" sizes=\"auto, (max-width: 750px) 100vw, 750px\" \/><\/figure>\n\n\n\n<p>Con el fin de hacer extensiva la invitaci\u00f3n, d\u00edas atr\u00e1s se llev\u00f3 adelante una conferencia de prensa de la cual participaron el Intendente Juan Ustarroz, los Veteranos de Malvinas y los Amigos Pe\u00f1eros. El objetivo era anunciar la realizaci\u00f3n de una pe\u00f1a solidaria para la recaudaci\u00f3n de fondos que tendr\u00e1n como fin la construcci\u00f3n de la casa de los Veteranos. <\/p>\n\n\n\n<p>La Pe\u00f1a tendr\u00e1 folclore en el Centro Cultural La Trocha pero tambi\u00e9n participar\u00e1 la comisi\u00f3n de bandas de rock. Permitir\u00e1 darle un marco musical a la Vigilia para la entonaci\u00f3n del Himno  a la cero horas del 2 de abril. <\/p>\n\n\n\n<p>Desde la hora 21 del 1\u00b0 de abril se iniciar\u00e1n las actividades en el espacio cultural ferroviario. El bono contribuci\u00f3n ser\u00e1 de $50 y permitir\u00e1 colaborar con la mano de obra de la Casa de los Veteranos.<\/p>\n","protected":false},"excerpt":{"rendered":"<p>La noche previa al D\u00eda del Veterano de la guerra en Islas Malvinas, se estar\u00e1 realizando una pe\u00f1a solidaria para &#8230; <a title=\"Habr\u00e1 una pe\u00f1a solidaria para los Veteranos de Malvinas\" class=\"read-more\" href=\"https:\/\/www.hoymercedes.com.ar\/principal\/2019\/03\/25\/habra-una-pena-solidaria-para-los-veteranos-de-malvinas\/\" aria-label=\"Leer m\u00e1s sobre Habr\u00e1 una pe\u00f1a solidaria para los Veteranos de Malvinas\">Leer m\u00e1s<\/a><\/p>\n","protected":false},"author":1,"featured_media":90006,"comment_status":"closed","ping_status":"open","sticky":false,"template":"","format":"standard","meta":{"_monsterinsights_skip_tracking":false,"_monsterinsights_sitenote_active":false,"_monsterinsights_sitenote_note":"","_monsterinsights_sitenote_category":0,"jetpack_post_was_ever_published":false,"_jetpack_newsletter_access":"","_jetpack_dont_email_post_to_subs":false,"_jetpack_newsletter_tier_id":0,"_jetpack_memberships_contains_paywalled_content":false,"_jetpack_memberships_contains_paid_content":false,"footnotes":"","jetpack_publicize_message":"","jetpack_publicize_feature_enabled":true,"jetpack_social_post_already_shared":true,"jetpack_social_options":{"image_generator_settings":{"template":"highway","default_image_id":0,"font":"","enabled":false},"version":2},"_wpas_customize_per_network":false},"categories":[8],"tags":[14698,10138],"class_list":["post-90001","post","type-post","status-publish","format-standard","has-post-thumbnail","hentry","category-sociedad","tag-dia-del-veterano-de-malvinas","tag-pena-solidaria","generate-columns","tablet-grid-50","mobile-grid-100","grid-parent","grid-50"],"jetpack_publicize_connections":[],"jetpack_featured_media_url":"https:\/\/www.hoymercedes.com.ar\/principal\/wp-content\/uploads\/2019\/03\/23-malvinas-pe\u00f1eros.jpg","wps_subtitle":"","jetpack_sharing_enabled":true,"_links":{"self":[{"href":"https:\/\/www.hoymercedes.com.ar\/principal\/wp-json\/wp\/v2\/posts\/90001","targetHints":{"allow":["GET"]}}],"collection":[{"href":"https:\/\/www.hoymercedes.com.ar\/principal\/wp-json\/wp\/v2\/posts"}],"about":[{"href":"https:\/\/www.hoymercedes.com.ar\/principal\/wp-json\/wp\/v2\/types\/post"}],"author":[{"embeddable":true,"href":"https:\/\/www.hoymercedes.com.ar\/principal\/wp-json\/wp\/v2\/users\/1"}],"replies":[{"embeddable":true,"href":"https:\/\/www.hoymercedes.com.ar\/principal\/wp-json\/wp\/v2\/comments?post=90001"}],"version-history":[{"count":0,"href":"https:\/\/www.hoymercedes.com.ar\/principal\/wp-json\/wp\/v2\/posts\/90001\/revisions"}],"wp:featuredmedia":[{"embeddable":true,"href":"https:\/\/www.hoymercedes.com.ar\/principal\/wp-json\/wp\/v2\/media\/90006"}],"wp:attachment":[{"href":"https:\/\/www.hoymercedes.com.ar\/principal\/wp-json\/wp\/v2\/media?parent=90001"}],"wp:term":[{"taxonomy":"category","embeddable":true,"href":"https:\/\/www.hoymercedes.com.ar\/principal\/wp-json\/wp\/v2\/categories?post=90001"},{"taxonomy":"post_tag","embeddable":true,"href":"https:\/\/www.hoymercedes.com.ar\/principal\/wp-json\/wp\/v2\/tags?post=90001"}],"curies":[{"name":"wp","href":"https:\/\/api.w.org\/{rel}","templated":true}]}}