{"id":90021,"date":"2019-03-23T20:11:09","date_gmt":"2019-03-23T23:11:09","guid":{"rendered":"http:\/\/www.hoymercedes.com.ar\/principal\/?p=90021"},"modified":"2019-03-23T20:11:15","modified_gmt":"2019-03-23T23:11:15","slug":"club-mercedes-cayo-en-bragado-pero-todavia-depende-de-si-mismo","status":"publish","type":"post","link":"https:\/\/www.hoymercedes.com.ar\/principal\/2019\/03\/23\/club-mercedes-cayo-en-bragado-pero-todavia-depende-de-si-mismo\/","title":{"rendered":"Club Mercedes cay\u00f3 en Bragado pero todav\u00eda depende de s\u00ed mismo"},"content":{"rendered":"\n<p>En el Complejo Deportivo Municipal de Bragado, el\nBlanquinegro perdi\u00f3 2 a 1 ante Bragado Club y se complic\u00f3 en el objetivo de la\nclasificaci\u00f3n. Ahora deber\u00e1 vencer a Trocha en la \u00faltima fecha para no esperar\notros resultados. Dardo Sosa marc\u00f3 los goles locales y sobre el final del\nprimer tiempo, Francisco Bomaggio puso el transitorio empate.<\/p>\n\n\n\n<p>Fue un partido de tr\u00e1mite abierto, de ida y vuelta, donde\nlos dos sab\u00edan que se jugaban mucho de cara al futuro, ya que una derrota los\npod\u00eda dejar tambaleando a una fecha del final. El \u201cmereci\u00f3metro\u201d, apenas fue\npara los locales en un encuentro muy parejo.<\/p>\n\n\n\n<p>Comenz\u00f3 intentando dominar Bragado, poblando la cancha en el\nmediocampo, pero Mercedes estuvo muy atento y sus defensores cortaban todo tipo\nde posibilidades. Sin embargo, costaba armar la contra y el primer cuarto de\nhora pr\u00e1cticamente no tuvo situaciones de peligro, salvo un corner ol\u00edmpico que\nsac\u00f3 bien Ben\u00edtez y un cabezazo de Franco Rodr\u00edguez que se fue apenas desviado.<\/p>\n\n\n\n<p>Si bien Mercedes lo controlaba, tras un lateral, Dardo Sosa\nhizo un sombrero con el taco a Rodr\u00edguez dentro del \u00e1rea y qued\u00f3 mano a mano con\nBen\u00edtez. El volante bragadense acomod\u00f3 bien el cuerpo para rematar al segundo\npalo del arquero y poner el 1 a 0 cuando iban 18 minutos de juego.<\/p>\n\n\n\n<p>A partir de ah\u00ed, Mercedes entr\u00f3 en una confusi\u00f3n en la que\ndej\u00f3 de tener la pelota y cuando la recuperaba, la entregaba mal en mitad de\ncancha. Entonces, empezaron a aparecer las situaciones para que Bragado lo\nliquide: primero Disario abajo del arco despu\u00e9s de una apilada de Gerardo Sosa\ny despu\u00e9s un remate de Dardo Sosa que Ben\u00edtez sac\u00f3 con el pie en la l\u00ednea. Mercedes,\nsin embargo, tuvo su chance reci\u00e9n a los 36, cuando Parra remat\u00f3 al arco, la\npelota super\u00f3 a Ramos y Lawler no pudo convertir. Entonces, Mercedes supo que\npod\u00eda y fue a buscarlo, sin generar demasiadas situaciones, hasta que a los 45,\nJuanicotena la abri\u00f3 bien para Parra, que dud\u00f3 entre rematar o dar un pase.\nFinalmente decidi\u00f3 enviar el centro a Contardi, que la baj\u00f3 para un Lawler que\nno la esperaba. La pelota la sac\u00f3 la defensa y le queda fuera del \u00e1rea a\nBomaggio, que remat\u00f3 violento al segundo palo para poner el 1 a 1.<\/p>\n\n\n\n<p>En el segundo tiempo, Mercedes comenz\u00f3 con la impronta con\nla que termin\u00f3 el primero, pero Bragado fue el que tuvo la primera chance. Tras\nuna mala salida de Benitez, la defensa la dej\u00f3 cerca del \u00e1rea grande, la domin\u00f3\nOrellano, pero la tir\u00f3 por arriba del travesa\u00f1o y despu\u00e9s el propio Orellano\npor arriba del arquero.<\/p>\n\n\n\n<p>Mercedes tuvo su gran chance a los 22, cuando Franco Gatti\nremat\u00f3 al palo luego de una buena asistencia de Parra. En la jugada siguiente,\ntras otro lateral, se duerme la defensa Blanquinegra, Dardo Sosa entr\u00f3 al \u00e1rea\ncon pelota dominada y remat\u00f3 violento hacia donde estaba un Ben\u00edtez a quien la\npelota se le escap\u00f3 entre las piernas y se meti\u00f3 al arco. En un buen momento de\nMercedes, lleg\u00f3 el gol de Bragado.<\/p>\n\n\n\n<p>A partir de ah\u00ed, Mercedes ya no tuvo casi situaciones,\nBragado se par\u00f3 de contra y dos veces Dardo Sosa qued\u00f3 mano a mano con Ben\u00edtez\ny en otra oportunidad Gerardo Sosa, pero el arquero en esta respondi\u00f3 bien.\nPara el final qued\u00f3 un cabezazo de Minetti que contuvo Ramos.<\/p>\n\n\n\n<p>Con este resultado, y sin saber lo que pase entre El Front\u00f3n\ny Trocha, Mercedes se volvi\u00f3 a la ciudad sabiendo que en la Zona 4, Mitre de\nSan Pedro y General Rojo deber\u00e1n jugar entre s\u00ed y eso los har\u00e1 perder puntos de\ncara a la clasificaci\u00f3n por el tercer puesto, por lo que, de ganar el pr\u00f3ximo\nfin de semana, tendr\u00e1 su pase asegurado a octavos de final.<\/p>\n\n\n\n<p>Bragado Club 2: Claudio Ramos, Franco Lizarraga, N\u00e9stor\nPeracca, Diego Andersen, Facundo Tessoro, Agust\u00edn Raban, Gerardo Lousa, Ramiro\nDisario, Manuel Montiel, Ger\u00f3nimo Sosa, Dardo Sosa. Suplentes: Franco Rocca,\nAlbano Coronel, Mart\u00edn Precelle, Juan Citate, Ariel Reyes, Raul Orellano, Diego\nHerrera. DT: Guillermo P\u00e9rez.<\/p>\n\n\n\n<p>Club Mercedes 1: Gast\u00f3n Ben\u00edtez, Juan Pedro Gatti, Gast\u00f3n\nGodoy, Joaqu\u00edn Parra, Nicol\u00e1s Contardi, Franco Rodr\u00edguez, Franco Gatti,\nCristian Barrientos, Luis Lawler, Agust\u00edn Juanicotena, Francisco Bomaggio.\nSuplentes: Juan Francisco Bidone, Lucas Picone, Juan Bautista Bidone, Nicol\u00e1s\nMinetti, Solano Espil, Leandro Filipini, Santiago Vizio. DT: Walter D\u00edaz<\/p>\n\n\n\n<p>Goles en el 1T: A los 18\u00b4 Dardo Sosa para Bragado Club. A\nlos 45\u00b4 Francisco Bomaggio para Mercedes<\/p>\n\n\n\n<p>Goles en el 2T: A los 21\u00b4 Dardo Sosa para Bragado Club.<\/p>\n\n\n\n<p>Amonestados: Dardo Sosa, Agust\u00edn Raban en Bragado. Gast\u00f3n\nGodoy, Franco Rodr\u00edguez y Juan Pedro Gatti en Mercedes.<\/p>\n\n\n\n<p>Cambios: Orellano por Montiel; Citate por Tessoro y Coronel\npor Lousa en Bragado. Vizio por Junicotena; Espil por Franco Gatti y Minetti\npor Godoy en Club Mercedes.<\/p>\n\n\n\n<p>Arbitro: Joel Rivero Ratto (Jun\u00edn).<\/p>\n\n\n\n<p>Asistentes: Mat\u00edas Bogado y Santiago Schmoll (Jun\u00edn).<\/p>\n\n\n\n<div class=\"wp-block-image\"><figure class=\"aligncenter\"><img loading=\"lazy\" decoding=\"async\" width=\"526\" height=\"286\" data-attachment-id=\"90022\" data-permalink=\"https:\/\/www.hoymercedes.com.ar\/principal\/2019\/03\/23\/club-mercedes-cayo-en-bragado-pero-todavia-depende-de-si-mismo\/regional-2\/#main\" data-orig-file=\"https:\/\/www.hoymercedes.com.ar\/principal\/wp-content\/uploads\/2019\/03\/Regional.png\" data-orig-size=\"526,286\" data-comments-opened=\"0\" data-image-meta=\"{&quot;aperture&quot;:&quot;0&quot;,&quot;credit&quot;:&quot;&quot;,&quot;camera&quot;:&quot;&quot;,&quot;caption&quot;:&quot;&quot;,&quot;created_timestamp&quot;:&quot;0&quot;,&quot;copyright&quot;:&quot;&quot;,&quot;focal_length&quot;:&quot;0&quot;,&quot;iso&quot;:&quot;0&quot;,&quot;shutter_speed&quot;:&quot;0&quot;,&quot;title&quot;:&quot;&quot;,&quot;orientation&quot;:&quot;0&quot;}\" data-image-title=\"Regional\" data-image-description=\"\" data-image-caption=\"\" data-large-file=\"https:\/\/www.hoymercedes.com.ar\/principal\/wp-content\/uploads\/2019\/03\/Regional.png\" src=\"https:\/\/www.hoymercedes.com.ar\/principal\/wp-content\/uploads\/2019\/03\/Regional.png\" alt=\"\" class=\"wp-image-90022\" srcset=\"https:\/\/www.hoymercedes.com.ar\/principal\/wp-content\/uploads\/2019\/03\/Regional.png 526w, https:\/\/www.hoymercedes.com.ar\/principal\/wp-content\/uploads\/2019\/03\/Regional-150x82.png 150w\" sizes=\"auto, (max-width: 526px) 100vw, 526px\" \/><\/figure><\/div>\n","protected":false},"excerpt":{"rendered":"<p>En el Complejo Deportivo Municipal de Bragado, el Blanquinegro perdi\u00f3 2 a 1 ante Bragado Club y se complic\u00f3 en &#8230; <a title=\"Club Mercedes cay\u00f3 en Bragado pero todav\u00eda depende de s\u00ed mismo\" class=\"read-more\" href=\"https:\/\/www.hoymercedes.com.ar\/principal\/2019\/03\/23\/club-mercedes-cayo-en-bragado-pero-todavia-depende-de-si-mismo\/\" aria-label=\"Leer m\u00e1s sobre Club Mercedes cay\u00f3 en Bragado pero todav\u00eda depende de s\u00ed mismo\">Leer m\u00e1s<\/a><\/p>\n","protected":false},"author":1,"featured_media":90022,"comment_status":"closed","ping_status":"open","sticky":false,"template":"","format":"standard","meta":{"_monsterinsights_skip_tracking":false,"_monsterinsights_sitenote_active":false,"_monsterinsights_sitenote_note":"","_monsterinsights_sitenote_category":0,"jetpack_post_was_ever_published":false,"_jetpack_newsletter_access":"","_jetpack_dont_email_post_to_subs":false,"_jetpack_newsletter_tier_id":0,"_jetpack_memberships_contains_paywalled_content":false,"_jetpack_memberships_contains_paid_content":false,"footnotes":"","jetpack_publicize_message":"","jetpack_publicize_feature_enabled":true,"jetpack_social_post_already_shared":true,"jetpack_social_options":{"image_generator_settings":{"template":"highway","default_image_id":0,"font":"","enabled":false},"version":2},"_wpas_customize_per_network":false},"categories":[21],"tags":[],"class_list":["post-90021","post","type-post","status-publish","format-standard","has-post-thumbnail","hentry","category-deportes","generate-columns","tablet-grid-50","mobile-grid-100","grid-parent","grid-50"],"jetpack_publicize_connections":[],"jetpack_featured_media_url":"https:\/\/www.hoymercedes.com.ar\/principal\/wp-content\/uploads\/2019\/03\/Regional.png","wps_subtitle":"Regional Amateur","jetpack_sharing_enabled":true,"_links":{"self":[{"href":"https:\/\/www.hoymercedes.com.ar\/principal\/wp-json\/wp\/v2\/posts\/90021","targetHints":{"allow":["GET"]}}],"collection":[{"href":"https:\/\/www.hoymercedes.com.ar\/principal\/wp-json\/wp\/v2\/posts"}],"about":[{"href":"https:\/\/www.hoymercedes.com.ar\/principal\/wp-json\/wp\/v2\/types\/post"}],"author":[{"embeddable":true,"href":"https:\/\/www.hoymercedes.com.ar\/principal\/wp-json\/wp\/v2\/users\/1"}],"replies":[{"embeddable":true,"href":"https:\/\/www.hoymercedes.com.ar\/principal\/wp-json\/wp\/v2\/comments?post=90021"}],"version-history":[{"count":0,"href":"https:\/\/www.hoymercedes.com.ar\/principal\/wp-json\/wp\/v2\/posts\/90021\/revisions"}],"wp:featuredmedia":[{"embeddable":true,"href":"https:\/\/www.hoymercedes.com.ar\/principal\/wp-json\/wp\/v2\/media\/90022"}],"wp:attachment":[{"href":"https:\/\/www.hoymercedes.com.ar\/principal\/wp-json\/wp\/v2\/media?parent=90021"}],"wp:term":[{"taxonomy":"category","embeddable":true,"href":"https:\/\/www.hoymercedes.com.ar\/principal\/wp-json\/wp\/v2\/categories?post=90021"},{"taxonomy":"post_tag","embeddable":true,"href":"https:\/\/www.hoymercedes.com.ar\/principal\/wp-json\/wp\/v2\/tags?post=90021"}],"curies":[{"name":"wp","href":"https:\/\/api.w.org\/{rel}","templated":true}]}}