{"id":90034,"date":"2019-03-24T14:22:18","date_gmt":"2019-03-24T17:22:18","guid":{"rendered":"http:\/\/www.hoymercedes.com.ar\/principal\/?p=90034"},"modified":"2019-03-25T15:31:57","modified_gmt":"2019-03-25T18:31:57","slug":"vamos-creciendo-e-industrial-pintaron-un-camino-de-la-memoria","status":"publish","type":"post","link":"https:\/\/www.hoymercedes.com.ar\/principal\/2019\/03\/24\/vamos-creciendo-e-industrial-pintaron-un-camino-de-la-memoria\/","title":{"rendered":"Vamos Creciendo e Industrial pintaron un Camino de la Memoria"},"content":{"rendered":"\n<p>Durante la ma\u00f1ana del \u00faltimo viernes, anticipando el D\u00eda de la Memoria, la Verdad y la Justicia de este 24 de marzo, dos instituciones educativas que distan de media cuadra armaron un proyecto conjunto. La Escuela de Educaci\u00f3n Especial \u201cVamos Creciendo\u201d y la Escuela de Ense\u00f1anza T\u00e9cnica N\u00b0 1 pintaron a lo largo de la calle 4 entre 29 y 31 un Camino de la Memoria. <\/p>\n\n\n\n<figure class=\"wp-block-image\"><img loading=\"lazy\" decoding=\"async\" width=\"750\" height=\"500\" data-attachment-id=\"90036\" data-permalink=\"https:\/\/www.hoymercedes.com.ar\/principal\/2019\/03\/24\/vamos-creciendo-e-industrial-pintaron-un-camino-de-la-memoria\/24-vamos-creciendo-2\/#main\" data-orig-file=\"https:\/\/www.hoymercedes.com.ar\/principal\/wp-content\/uploads\/2019\/03\/24-vamos-creciendo-2.jpg\" data-orig-size=\"750,500\" data-comments-opened=\"0\" data-image-meta=\"{&quot;aperture&quot;:&quot;0&quot;,&quot;credit&quot;:&quot;&quot;,&quot;camera&quot;:&quot;&quot;,&quot;caption&quot;:&quot;&quot;,&quot;created_timestamp&quot;:&quot;0&quot;,&quot;copyright&quot;:&quot;&quot;,&quot;focal_length&quot;:&quot;0&quot;,&quot;iso&quot;:&quot;0&quot;,&quot;shutter_speed&quot;:&quot;0&quot;,&quot;title&quot;:&quot;&quot;,&quot;orientation&quot;:&quot;0&quot;}\" data-image-title=\"24 vamos creciendo 2\" data-image-description=\"\" data-image-caption=\"\" data-large-file=\"https:\/\/www.hoymercedes.com.ar\/principal\/wp-content\/uploads\/2019\/03\/24-vamos-creciendo-2.jpg\" src=\"https:\/\/www.hoymercedes.com.ar\/principal\/wp-content\/uploads\/2019\/03\/24-vamos-creciendo-2.jpg\" alt=\"\" class=\"wp-image-90036\" srcset=\"https:\/\/www.hoymercedes.com.ar\/principal\/wp-content\/uploads\/2019\/03\/24-vamos-creciendo-2.jpg 750w, https:\/\/www.hoymercedes.com.ar\/principal\/wp-content\/uploads\/2019\/03\/24-vamos-creciendo-2-150x100.jpg 150w, https:\/\/www.hoymercedes.com.ar\/principal\/wp-content\/uploads\/2019\/03\/24-vamos-creciendo-2-630x420.jpg 630w, https:\/\/www.hoymercedes.com.ar\/principal\/wp-content\/uploads\/2019\/03\/24-vamos-creciendo-2-720x480.jpg 720w, https:\/\/www.hoymercedes.com.ar\/principal\/wp-content\/uploads\/2019\/03\/24-vamos-creciendo-2-360x240.jpg 360w\" sizes=\"auto, (max-width: 750px) 100vw, 750px\" \/><\/figure>\n\n\n\n<p>El proyecto\nse ide\u00f3 en la instituci\u00f3n educativa especial para los alumnos del primer ciclo\ntitularon \u201cVamos Creciendo en el Camino de la Memoria\u201d con el objetivo de\npintar la calle con palabras referidas a valores, t\u00e9rminos y significaciones\nque est\u00e1n trabajando en la comunidad educativa. El proyecto se extendi\u00f3 a los\nprimeros a\u00f1os del ciclo b\u00e1sico de la escuela t\u00e9cnica en busca de la inclusi\u00f3n\nde los alumnos de una y otra comunidad educativa. <\/p>\n\n\n\n<p>La\ndirectora de Vamos Creciendo, Elena Sequeira, explic\u00f3 las pinturas se hicieron\nen el marco del acto protocolar de la instituci\u00f3n de educaci\u00f3n especial por el\nD\u00eda de la Memoria, momento emotivo en donde los alumnos de ambas escuelas\ncantaron el Himno Nacional Argentino con Lengua de Se\u00f1as Argentinas. Las\npalabras de la directora invitaron a los presentes a preguntarse y reflexionar\nsobre los hechos de la historia argentina que comenzaron el 24 de marzo de 1976\nhasta la vuelta de la democracia. <\/p>\n\n\n\n<p>\u201cHacer una reflexi\u00f3n para que esos hechos no vuelvan a suceder y que el Nunca M\u00e1s se cristalice en esta \u00e9poca. Por eso trabajamos sobre los valores con los chicos. Valores como el respeto al otro, respeto a la vida, la democracia, la solidaridad, la justicia, los derechos humanos, no a la discriminaci\u00f3n, el derecho a la inclusi\u00f3n. Valores que siempre trabajamos con nuestros alumnos y que ahora sumamos a los alumnos de otros establecimientos. C\u00f3mo hacer hoy para no olvidar lo que sucedi\u00f3 y mirar al futuro\u201d, cont\u00f3 la directora tras el acto protocolar realizado en la ma\u00f1ana del viernes pasado. <\/p>\n\n\n\n<figure class=\"wp-block-image\"><img loading=\"lazy\" decoding=\"async\" width=\"750\" height=\"499\" data-attachment-id=\"90035\" data-permalink=\"https:\/\/www.hoymercedes.com.ar\/principal\/2019\/03\/24\/vamos-creciendo-e-industrial-pintaron-un-camino-de-la-memoria\/24-vamos-creciendo-1\/#main\" data-orig-file=\"https:\/\/www.hoymercedes.com.ar\/principal\/wp-content\/uploads\/2019\/03\/24-vamos-creciendo-1.jpg\" data-orig-size=\"750,499\" data-comments-opened=\"0\" data-image-meta=\"{&quot;aperture&quot;:&quot;0&quot;,&quot;credit&quot;:&quot;&quot;,&quot;camera&quot;:&quot;&quot;,&quot;caption&quot;:&quot;&quot;,&quot;created_timestamp&quot;:&quot;0&quot;,&quot;copyright&quot;:&quot;&quot;,&quot;focal_length&quot;:&quot;0&quot;,&quot;iso&quot;:&quot;0&quot;,&quot;shutter_speed&quot;:&quot;0&quot;,&quot;title&quot;:&quot;&quot;,&quot;orientation&quot;:&quot;0&quot;}\" data-image-title=\"24 vamos creciendo 1\" data-image-description=\"\" data-image-caption=\"\" data-large-file=\"https:\/\/www.hoymercedes.com.ar\/principal\/wp-content\/uploads\/2019\/03\/24-vamos-creciendo-1.jpg\" src=\"https:\/\/www.hoymercedes.com.ar\/principal\/wp-content\/uploads\/2019\/03\/24-vamos-creciendo-1.jpg\" alt=\"\" class=\"wp-image-90035\" srcset=\"https:\/\/www.hoymercedes.com.ar\/principal\/wp-content\/uploads\/2019\/03\/24-vamos-creciendo-1.jpg 750w, https:\/\/www.hoymercedes.com.ar\/principal\/wp-content\/uploads\/2019\/03\/24-vamos-creciendo-1-150x100.jpg 150w, https:\/\/www.hoymercedes.com.ar\/principal\/wp-content\/uploads\/2019\/03\/24-vamos-creciendo-1-630x419.jpg 630w, https:\/\/www.hoymercedes.com.ar\/principal\/wp-content\/uploads\/2019\/03\/24-vamos-creciendo-1-720x480.jpg 720w, https:\/\/www.hoymercedes.com.ar\/principal\/wp-content\/uploads\/2019\/03\/24-vamos-creciendo-1-360x240.jpg 360w\" sizes=\"auto, (max-width: 750px) 100vw, 750px\" \/><\/figure>\n","protected":false},"excerpt":{"rendered":"<p>Durante la ma\u00f1ana del \u00faltimo viernes, anticipando el D\u00eda de la Memoria, la Verdad y la Justicia de este 24 &#8230; <a title=\"Vamos Creciendo e Industrial pintaron un Camino de la Memoria\" class=\"read-more\" href=\"https:\/\/www.hoymercedes.com.ar\/principal\/2019\/03\/24\/vamos-creciendo-e-industrial-pintaron-un-camino-de-la-memoria\/\" aria-label=\"Leer m\u00e1s sobre Vamos Creciendo e Industrial pintaron un Camino de la Memoria\">Leer m\u00e1s<\/a><\/p>\n","protected":false},"author":1,"featured_media":90035,"comment_status":"closed","ping_status":"open","sticky":false,"template":"","format":"standard","meta":{"_monsterinsights_skip_tracking":false,"_monsterinsights_sitenote_active":false,"_monsterinsights_sitenote_note":"","_monsterinsights_sitenote_category":0,"jetpack_post_was_ever_published":false,"_jetpack_newsletter_access":"","_jetpack_dont_email_post_to_subs":false,"_jetpack_newsletter_tier_id":0,"_jetpack_memberships_contains_paywalled_content":false,"_jetpack_memberships_contains_paid_content":false,"footnotes":"","jetpack_publicize_message":"","jetpack_publicize_feature_enabled":true,"jetpack_social_post_already_shared":true,"jetpack_social_options":{"image_generator_settings":{"template":"highway","default_image_id":0,"font":"","enabled":false},"version":2},"_wpas_customize_per_network":false},"categories":[23],"tags":[8718,14265,12541,3971],"class_list":["post-90034","post","type-post","status-publish","format-standard","has-post-thumbnail","hentry","category-educacion","tag-dia-de-la-memoria","tag-educacion","tag-eet-n-1","tag-vamos-creciendo","generate-columns","tablet-grid-50","mobile-grid-100","grid-parent","grid-50"],"jetpack_publicize_connections":[],"jetpack_featured_media_url":"https:\/\/www.hoymercedes.com.ar\/principal\/wp-content\/uploads\/2019\/03\/24-vamos-creciendo-1.jpg","wps_subtitle":"Durante la ma\u00f1ana del viernes","jetpack_sharing_enabled":true,"_links":{"self":[{"href":"https:\/\/www.hoymercedes.com.ar\/principal\/wp-json\/wp\/v2\/posts\/90034","targetHints":{"allow":["GET"]}}],"collection":[{"href":"https:\/\/www.hoymercedes.com.ar\/principal\/wp-json\/wp\/v2\/posts"}],"about":[{"href":"https:\/\/www.hoymercedes.com.ar\/principal\/wp-json\/wp\/v2\/types\/post"}],"author":[{"embeddable":true,"href":"https:\/\/www.hoymercedes.com.ar\/principal\/wp-json\/wp\/v2\/users\/1"}],"replies":[{"embeddable":true,"href":"https:\/\/www.hoymercedes.com.ar\/principal\/wp-json\/wp\/v2\/comments?post=90034"}],"version-history":[{"count":0,"href":"https:\/\/www.hoymercedes.com.ar\/principal\/wp-json\/wp\/v2\/posts\/90034\/revisions"}],"wp:featuredmedia":[{"embeddable":true,"href":"https:\/\/www.hoymercedes.com.ar\/principal\/wp-json\/wp\/v2\/media\/90035"}],"wp:attachment":[{"href":"https:\/\/www.hoymercedes.com.ar\/principal\/wp-json\/wp\/v2\/media?parent=90034"}],"wp:term":[{"taxonomy":"category","embeddable":true,"href":"https:\/\/www.hoymercedes.com.ar\/principal\/wp-json\/wp\/v2\/categories?post=90034"},{"taxonomy":"post_tag","embeddable":true,"href":"https:\/\/www.hoymercedes.com.ar\/principal\/wp-json\/wp\/v2\/tags?post=90034"}],"curies":[{"name":"wp","href":"https:\/\/api.w.org\/{rel}","templated":true}]}}