{"id":90039,"date":"2019-03-24T15:27:45","date_gmt":"2019-03-24T18:27:45","guid":{"rendered":"http:\/\/www.hoymercedes.com.ar\/principal\/?p=90039"},"modified":"2019-03-24T15:30:09","modified_gmt":"2019-03-24T18:30:09","slug":"el-fronton-vencio-a-trocha-y-es-el-primer-clasificado-de-la-zona-1","status":"publish","type":"post","link":"https:\/\/www.hoymercedes.com.ar\/principal\/2019\/03\/24\/el-fronton-vencio-a-trocha-y-es-el-primer-clasificado-de-la-zona-1\/","title":{"rendered":"El Front\u00f3n venci\u00f3 a Trocha y es el primer clasificado de la Zona 1"},"content":{"rendered":"\n<p>En cancha de la Liga Mercedina se jug\u00f3 el segundo partido de la ante\u00faltima fecha de la Zona 1 de la Regi\u00f3n Pampeana Norte del torneo Regional Amateur y El Front\u00f3n culmin\u00f3 su participaci\u00f3n con el objetivo cumplido: la clasificaci\u00f3n a octavos de final tras golear a Trocha por 3 a 0.<\/p>\n\n\n\n<figure class=\"wp-block-image\"><img loading=\"lazy\" decoding=\"async\" width=\"620\" height=\"264\" data-attachment-id=\"90044\" data-permalink=\"https:\/\/www.hoymercedes.com.ar\/principal\/2019\/03\/24\/el-fronton-vencio-a-trocha-y-es-el-primer-clasificado-de-la-zona-1\/trocha-0-el-fronton-3-2\/#main\" data-orig-file=\"https:\/\/www.hoymercedes.com.ar\/principal\/wp-content\/uploads\/2019\/03\/Trocha-0-El-Fronton-3-1.jpg\" data-orig-size=\"620,264\" data-comments-opened=\"0\" data-image-meta=\"{&quot;aperture&quot;:&quot;0&quot;,&quot;credit&quot;:&quot;&quot;,&quot;camera&quot;:&quot;&quot;,&quot;caption&quot;:&quot;&quot;,&quot;created_timestamp&quot;:&quot;0&quot;,&quot;copyright&quot;:&quot;&quot;,&quot;focal_length&quot;:&quot;0&quot;,&quot;iso&quot;:&quot;0&quot;,&quot;shutter_speed&quot;:&quot;0&quot;,&quot;title&quot;:&quot;&quot;,&quot;orientation&quot;:&quot;0&quot;}\" data-image-title=\"Trocha 0 El Fronton 3\" data-image-description=\"\" data-image-caption=\"\" data-large-file=\"https:\/\/www.hoymercedes.com.ar\/principal\/wp-content\/uploads\/2019\/03\/Trocha-0-El-Fronton-3-1.jpg\" src=\"https:\/\/www.hoymercedes.com.ar\/principal\/wp-content\/uploads\/2019\/03\/Trocha-0-El-Fronton-3-1.jpg\" alt=\"\" class=\"wp-image-90044\" srcset=\"https:\/\/www.hoymercedes.com.ar\/principal\/wp-content\/uploads\/2019\/03\/Trocha-0-El-Fronton-3-1.jpg 620w, https:\/\/www.hoymercedes.com.ar\/principal\/wp-content\/uploads\/2019\/03\/Trocha-0-El-Fronton-3-1-150x64.jpg 150w\" sizes=\"auto, (max-width: 620px) 100vw, 620px\" \/><\/figure>\n\n\n\n<p>A los 10\u2032 cuando Marcelo Gonz\u00e1lez recogi\u00f3 un bal\u00f3n en mitad de cancha, el cual lo traslad\u00f3 hasta dentro del \u00e1rea rival, y cuando qued\u00f3 s\u00f3lo frente a Bavastro, Gonz\u00e1lez le cedi\u00f3 la pelota a Pedro Gussoni, que entraba solo por la izquierda, que solamente tuvo que empujar la pelota al fondo del arco, para empezar a acariciar la clasificaci\u00f3n. <\/p>\n\n\n\n<p>En el segundo tiempo, El Front\u00f3n sigui\u00f3 dominando el juego. A los 10\u2032 Paolacci habilit\u00f3 a Alarc\u00f3n quien le gano las espaldas a Uviz y cuando sali\u00f3 Bavastro, el torito habilit\u00f3 a Gussoni que nuevamente ingresaba solo por izquierda, para anotar el segundo para el Front\u00f3n.<\/p>\n\n\n\n<p>A los 35\u2032 Marcelo Gonz\u00e1lez habilit\u00f3 a Alarcon quien con un fuerte remate anoto el tercero para su equipo. <\/p>\n\n\n\n<p>Trocha 0: Francisco Bavastro, Emanuel Gonzalez, Leandro Dizeo, Agustin  Uviz, Ignacio Brazuna, Jonathan Niz, Pablo Montuori, Javier Rosales,  Solano Bonamino, Maximiliano Castro Ballesteros y Geronimo Mirata.  Suplentes: Pablo Leguizamon, Gonzalo Jaime, Facundo Cardozoy Diego Castro. DT: Juan Ignacio Menendez <\/p>\n\n\n\n<p>Cambios: Ricardo Ojeda x Gonzalez, Maximiliano Becerra x Niz, Julian PAdula x Rosales. <\/p>\n\n\n\n<p>Fronton 3: Matias Caputo, Nicolas Roldan, Aldo Pissinis, Nicolas Randazzo, Gabriel Barrientos, Oscar Zapata, Federico Grosso, Pedro Gussoni, Marcelo Gonzalez, Julian Alarcon y Matias Paolacci. Suplentes: Mateo Valli, Blas Tallarico, Ramiro Soria, Carlos Schefer. DT: German Stopiello <\/p>\n\n\n\n<p>Cambios: Francisco Tallarico x Barrientos, Daniel Busca x Pissinis, Gaston Lozano x Grosso.<\/p>\n\n\n\n<p>Arbitro: Javier Mihura<\/p>\n\n\n\n<p>Asistentes: Mariano Marcelo y German Gauna<\/p>\n\n\n\n<figure class=\"wp-block-image\"><img loading=\"lazy\" decoding=\"async\" width=\"526\" height=\"152\" data-attachment-id=\"90045\" data-permalink=\"https:\/\/www.hoymercedes.com.ar\/principal\/2019\/03\/24\/el-fronton-vencio-a-trocha-y-es-el-primer-clasificado-de-la-zona-1\/regional-4\/#main\" data-orig-file=\"https:\/\/www.hoymercedes.com.ar\/principal\/wp-content\/uploads\/2019\/03\/Regional-2.png\" data-orig-size=\"526,152\" data-comments-opened=\"0\" data-image-meta=\"{&quot;aperture&quot;:&quot;0&quot;,&quot;credit&quot;:&quot;&quot;,&quot;camera&quot;:&quot;&quot;,&quot;caption&quot;:&quot;&quot;,&quot;created_timestamp&quot;:&quot;0&quot;,&quot;copyright&quot;:&quot;&quot;,&quot;focal_length&quot;:&quot;0&quot;,&quot;iso&quot;:&quot;0&quot;,&quot;shutter_speed&quot;:&quot;0&quot;,&quot;title&quot;:&quot;&quot;,&quot;orientation&quot;:&quot;0&quot;}\" data-image-title=\"Regional\" data-image-description=\"\" data-image-caption=\"\" data-large-file=\"https:\/\/www.hoymercedes.com.ar\/principal\/wp-content\/uploads\/2019\/03\/Regional-2.png\" src=\"https:\/\/www.hoymercedes.com.ar\/principal\/wp-content\/uploads\/2019\/03\/Regional-2.png\" alt=\"\" class=\"wp-image-90045\" srcset=\"https:\/\/www.hoymercedes.com.ar\/principal\/wp-content\/uploads\/2019\/03\/Regional-2.png 526w, https:\/\/www.hoymercedes.com.ar\/principal\/wp-content\/uploads\/2019\/03\/Regional-2-150x43.png 150w\" sizes=\"auto, (max-width: 526px) 100vw, 526px\" \/><\/figure>\n\n\n\n<p>Proxima fecha<\/p>\n\n\n\n<p>Sportsman vs Bragado<\/p>\n\n\n\n<p>Mercedes vs Trocha (S\u00e1bado 19.00 &#8211; Horario tentativo)<\/p>\n\n\n\n<p>Libre: Fronton<\/p>\n","protected":false},"excerpt":{"rendered":"<p>En cancha de la Liga Mercedina se jug\u00f3 el segundo partido de la ante\u00faltima fecha de la Zona 1 de &#8230; <a title=\"El Front\u00f3n venci\u00f3 a Trocha y es el primer clasificado de la Zona 1\" class=\"read-more\" href=\"https:\/\/www.hoymercedes.com.ar\/principal\/2019\/03\/24\/el-fronton-vencio-a-trocha-y-es-el-primer-clasificado-de-la-zona-1\/\" aria-label=\"Leer m\u00e1s sobre El Front\u00f3n venci\u00f3 a Trocha y es el primer clasificado de la Zona 1\">Leer m\u00e1s<\/a><\/p>\n","protected":false},"author":1,"featured_media":90041,"comment_status":"closed","ping_status":"open","sticky":false,"template":"","format":"standard","meta":{"_monsterinsights_skip_tracking":false,"_monsterinsights_sitenote_active":false,"_monsterinsights_sitenote_note":"","_monsterinsights_sitenote_category":0,"jetpack_post_was_ever_published":false,"_jetpack_newsletter_access":"","_jetpack_dont_email_post_to_subs":false,"_jetpack_newsletter_tier_id":0,"_jetpack_memberships_contains_paywalled_content":false,"_jetpack_memberships_contains_paid_content":false,"footnotes":"","jetpack_publicize_message":"","jetpack_publicize_feature_enabled":true,"jetpack_social_post_already_shared":true,"jetpack_social_options":{"image_generator_settings":{"template":"highway","default_image_id":0,"font":"","enabled":false},"version":2},"_wpas_customize_per_network":false},"categories":[21],"tags":[1812,1379],"class_list":["post-90039","post","type-post","status-publish","format-standard","has-post-thumbnail","hentry","category-deportes","tag-el-fronton","tag-trocha","generate-columns","tablet-grid-50","mobile-grid-100","grid-parent","grid-50"],"jetpack_publicize_connections":[],"jetpack_featured_media_url":"https:\/\/www.hoymercedes.com.ar\/principal\/wp-content\/uploads\/2019\/03\/Trocha-0-El-Fronton-3.jpg","wps_subtitle":"Regional Amateur","jetpack_sharing_enabled":true,"_links":{"self":[{"href":"https:\/\/www.hoymercedes.com.ar\/principal\/wp-json\/wp\/v2\/posts\/90039","targetHints":{"allow":["GET"]}}],"collection":[{"href":"https:\/\/www.hoymercedes.com.ar\/principal\/wp-json\/wp\/v2\/posts"}],"about":[{"href":"https:\/\/www.hoymercedes.com.ar\/principal\/wp-json\/wp\/v2\/types\/post"}],"author":[{"embeddable":true,"href":"https:\/\/www.hoymercedes.com.ar\/principal\/wp-json\/wp\/v2\/users\/1"}],"replies":[{"embeddable":true,"href":"https:\/\/www.hoymercedes.com.ar\/principal\/wp-json\/wp\/v2\/comments?post=90039"}],"version-history":[{"count":0,"href":"https:\/\/www.hoymercedes.com.ar\/principal\/wp-json\/wp\/v2\/posts\/90039\/revisions"}],"wp:featuredmedia":[{"embeddable":true,"href":"https:\/\/www.hoymercedes.com.ar\/principal\/wp-json\/wp\/v2\/media\/90041"}],"wp:attachment":[{"href":"https:\/\/www.hoymercedes.com.ar\/principal\/wp-json\/wp\/v2\/media?parent=90039"}],"wp:term":[{"taxonomy":"category","embeddable":true,"href":"https:\/\/www.hoymercedes.com.ar\/principal\/wp-json\/wp\/v2\/categories?post=90039"},{"taxonomy":"post_tag","embeddable":true,"href":"https:\/\/www.hoymercedes.com.ar\/principal\/wp-json\/wp\/v2\/tags?post=90039"}],"curies":[{"name":"wp","href":"https:\/\/api.w.org\/{rel}","templated":true}]}}