{"id":9004,"date":"2011-11-10T11:27:51","date_gmt":"2011-11-10T11:27:51","guid":{"rendered":"http:\/\/www.hoymercedes.com.ar\/principal\/?p=9004"},"modified":"2011-11-10T11:27:51","modified_gmt":"2011-11-10T11:27:51","slug":"pena-de-la-fiesta-del-durazno-en-gendarmeria","status":"publish","type":"post","link":"https:\/\/www.hoymercedes.com.ar\/principal\/2011\/11\/10\/pena-de-la-fiesta-del-durazno-en-gendarmeria\/","title":{"rendered":"Pe\u00f1a de la Fiesta del Durazno en Gendarmer\u00eda"},"content":{"rendered":"<p>Los integrantes del Grupo Pe\u00f1a Oficial Fiesta Nacional del Durazno, confirmaron que el 19 de este mes en las instalaciones del Centro de Formaci\u00f3n perteneciente a Gendarmer\u00eda Nacional ubicado en 2 y 29 se llevara a cabo la anuncia Pe\u00f1a Folcl\u00f3rica previa al desarrollo en el mes de diciembre de la edici\u00f3n 2011 de la Fiesta Nacional de Durazno y al mismo tiempo que el pr\u00f3ximo fin de semana, se llevara a cabo un evento especial en la Plaza San Mart\u00edn.<\/p>\n<p>El grupo integrado pon un significativo numero de vecinos de nuestra ciudad, varios de ellos productores de duraznos, viene trabajando desde hace m\u00e1s de un mes apar poder concretar esta gran Pe\u00f1a en gendarmer\u00eda para la cual en las pr\u00f3ximas horas ya se podr\u00e1n en venta las entradas y las mesas anticipadas, manifestando Susana Casta\u00f1eto con relaci\u00f3n a estas \u00faltimas \u201clas mesas lamentablemente son limitadas porque debido a que se trata de una Pe\u00f1a bailable necesitamos la mayor cantidad de espacio posible para que justamente los diferentes grupos puedan llevar a cabo sus bailes, as\u00ed que siguieron que no se duerman a la hora de pretender reservar alguna\u201d<\/p>\n<p>Se anticipo que la Pe\u00f1a del 19 va a contar con la participaci\u00f3n de un importante n\u00famero de grupos mercedinos ya sean conjuntos musicales o grupos de danzas que presentar\u00e1n sus respectivos programas y el aporte adem\u00e1s de dos conjuntos que no son de nuestra ciudad.<\/p>\n<p>Pero Susana Casta\u00f1eto fue mucho m\u00e1s all\u00e1 del tradicional informe relacionado con la promoci\u00f3n de la Pe\u00f1a ya que dej\u00f3 flotando una sorpresa que seg\u00fan sus palabra \u201c la vamos a develar cuando llegue las doce de la noche, me compromet\u00ed oficialmente a no dar otro topo de informaci\u00f3n as\u00ed que pido no me pregunten nada en especial\u201d.<\/p>\n<p>En la pe\u00f1a, que tendr\u00e1 una cantina con precios populares, se podr\u00e1 consumir el \u201cchancho asado a la ca\u00f1a\u201d y entre los participantes ya han confirmado Gringo y Orlando, Las Voces del Tren de la localidad de Libertad (Merlo), Almas de mi Pueblo, Ra\u00edces Mercedinas, Jorgelina Garc\u00eda, Mat\u00edas Croce Guarco, agitando Pa\u00f1uelos, Sombra y Luz (San Andr\u00e9s de Giles), Grupo Carpas de Salta, Nicol\u00e1s Aloisio y los Hermanos Arizmendi. Se supo que una de las personas encargadas de animar el evento ser\u00e1 una ex Reina Nacional del durazno que hace poco tiempo concluy\u00f3 su reinado<\/p>\n<p>La entradas y las mesas se pueden reservar telef\u00f3nicamente al 15 582151<\/p>\n<p>Posteriormente manifestaron \u201cpor otra parte este viernes 11 y el s\u00e1bado 12 vamos a estar compartiendo la Gran Feria de Artesanos y Micro emprendedores de nuestra ciudad quienes estar\u00e1n ofreciendo todo lo que ellos realizan realmente muy bien y al mismo tiempo estaremos promocionado tal como se efectu\u00f3 en su oportunidad con la del Salame la Fiesta Nacional del Durazno y al mismo tiempo estaremos colaborando y acompa\u00f1ando la realizaci\u00f3n 2011 del Pre Cosqu\u00edn en nuestra ciudad.<\/p>\n<p>Creo que es una interesante propuesta para compartir todos juntos un fin de semana fuera de lo com\u00fan con mucha m\u00fasica y muchos regalos\u201d<\/p>\n","protected":false},"excerpt":{"rendered":"<p>Los integrantes del Grupo Pe\u00f1a Oficial Fiesta Nacional del Durazno, confirmaron que el 19 de este mes en las instalaciones &#8230; <a title=\"Pe\u00f1a de la Fiesta del Durazno en Gendarmer\u00eda\" class=\"read-more\" href=\"https:\/\/www.hoymercedes.com.ar\/principal\/2011\/11\/10\/pena-de-la-fiesta-del-durazno-en-gendarmeria\/\" aria-label=\"Leer m\u00e1s sobre Pe\u00f1a de la Fiesta del Durazno en Gendarmer\u00eda\">Leer m\u00e1s<\/a><\/p>\n","protected":false},"author":1,"featured_media":0,"comment_status":"open","ping_status":"open","sticky":false,"template":"","format":"standard","meta":{"_monsterinsights_skip_tracking":false,"_monsterinsights_sitenote_active":false,"_monsterinsights_sitenote_note":"","_monsterinsights_sitenote_category":0,"jetpack_post_was_ever_published":false,"_jetpack_newsletter_access":"","_jetpack_dont_email_post_to_subs":false,"_jetpack_newsletter_tier_id":0,"_jetpack_memberships_contains_paywalled_content":false,"_jetpack_memberships_contains_paid_content":false,"footnotes":"","jetpack_publicize_message":"","jetpack_publicize_feature_enabled":true,"jetpack_social_post_already_shared":false,"jetpack_social_options":{"image_generator_settings":{"template":"highway","default_image_id":0,"font":"","enabled":false},"version":2},"_wpas_customize_per_network":false},"categories":[8],"tags":[208],"class_list":["post-9004","post","type-post","status-publish","format-standard","hentry","category-sociedad","tag-fiesta-del-durazno","generate-columns","tablet-grid-50","mobile-grid-100","grid-parent","grid-50"],"jetpack_publicize_connections":[],"jetpack_featured_media_url":"","wps_subtitle":"","jetpack_sharing_enabled":true,"_links":{"self":[{"href":"https:\/\/www.hoymercedes.com.ar\/principal\/wp-json\/wp\/v2\/posts\/9004","targetHints":{"allow":["GET"]}}],"collection":[{"href":"https:\/\/www.hoymercedes.com.ar\/principal\/wp-json\/wp\/v2\/posts"}],"about":[{"href":"https:\/\/www.hoymercedes.com.ar\/principal\/wp-json\/wp\/v2\/types\/post"}],"author":[{"embeddable":true,"href":"https:\/\/www.hoymercedes.com.ar\/principal\/wp-json\/wp\/v2\/users\/1"}],"replies":[{"embeddable":true,"href":"https:\/\/www.hoymercedes.com.ar\/principal\/wp-json\/wp\/v2\/comments?post=9004"}],"version-history":[{"count":0,"href":"https:\/\/www.hoymercedes.com.ar\/principal\/wp-json\/wp\/v2\/posts\/9004\/revisions"}],"wp:attachment":[{"href":"https:\/\/www.hoymercedes.com.ar\/principal\/wp-json\/wp\/v2\/media?parent=9004"}],"wp:term":[{"taxonomy":"category","embeddable":true,"href":"https:\/\/www.hoymercedes.com.ar\/principal\/wp-json\/wp\/v2\/categories?post=9004"},{"taxonomy":"post_tag","embeddable":true,"href":"https:\/\/www.hoymercedes.com.ar\/principal\/wp-json\/wp\/v2\/tags?post=9004"}],"curies":[{"name":"wp","href":"https:\/\/api.w.org\/{rel}","templated":true}]}}