{"id":90048,"date":"2019-03-24T16:33:21","date_gmt":"2019-03-24T19:33:21","guid":{"rendered":"http:\/\/www.hoymercedes.com.ar\/principal\/?p=90048"},"modified":"2019-03-24T15:39:22","modified_gmt":"2019-03-24T18:39:22","slug":"jornada-recreativa-y-familias-por-el-dia-mundial-del-sindrome-de-down","status":"publish","type":"post","link":"https:\/\/www.hoymercedes.com.ar\/principal\/2019\/03\/24\/jornada-recreativa-y-familias-por-el-dia-mundial-del-sindrome-de-down\/","title":{"rendered":"Jornada recreativa y familias por el D\u00eda Mundial del S\u00edndrome de Down"},"content":{"rendered":"\n<p>Este lunes\n25 de marzo, a partir de la hora 10, en el predio del ex Instituto Unzu\u00e9, la Direcci\u00f3n\nde Discapacidad y familiares de personas con s\u00edndrome de down, llevar\u00e1n\nadelante una jornada recreativa y familiar en donde proponen pintar pa\u00f1uelos\npor la inclusi\u00f3n. <\/p>\n\n\n\n<p>En el marco\nde la conmemoraci\u00f3n por el D\u00eda Mundial del S\u00edndrome de Down \u2013 acontecido el\npasado 21 de marzo \u2013 se realizar\u00e1 este lunes una jornada familiar para\ncompartir y conocer sobre el s\u00edndrome de down. Una jornada recreativa para\ncompartir y \u201cponerse en el lugar del otro\u201d. <\/p>\n\n\n\n<p>La\nDirectora de Discapacidad Municipal, Tatiana L\u00f3pez, cont\u00f3 que este a\u00f1o se\nunieron a la campa\u00f1a nacional de la organizaci\u00f3n ASDRA para utilizar a lo largo\nde la semana y en especial el mismo d\u00eda 21 de marzo, una media diferente a la\notra bajo los lemas \u201cSomos diferentes pero iguales a la vez\u201d y \u201cAliados por la\nInclusi\u00f3n\u201d. <\/p>\n\n\n\n<figure class=\"wp-block-image\"><img loading=\"lazy\" decoding=\"async\" width=\"750\" height=\"750\" data-attachment-id=\"90049\" data-permalink=\"https:\/\/www.hoymercedes.com.ar\/principal\/2019\/03\/24\/jornada-recreativa-y-familias-por-el-dia-mundial-del-sindrome-de-down\/24-discapacidad\/#main\" data-orig-file=\"https:\/\/www.hoymercedes.com.ar\/principal\/wp-content\/uploads\/2019\/03\/24-discapacidad.jpg\" data-orig-size=\"750,750\" data-comments-opened=\"0\" data-image-meta=\"{&quot;aperture&quot;:&quot;0&quot;,&quot;credit&quot;:&quot;&quot;,&quot;camera&quot;:&quot;&quot;,&quot;caption&quot;:&quot;&quot;,&quot;created_timestamp&quot;:&quot;0&quot;,&quot;copyright&quot;:&quot;&quot;,&quot;focal_length&quot;:&quot;0&quot;,&quot;iso&quot;:&quot;0&quot;,&quot;shutter_speed&quot;:&quot;0&quot;,&quot;title&quot;:&quot;&quot;,&quot;orientation&quot;:&quot;0&quot;}\" data-image-title=\"24 discapacidad\" data-image-description=\"\" data-image-caption=\"\" data-large-file=\"https:\/\/www.hoymercedes.com.ar\/principal\/wp-content\/uploads\/2019\/03\/24-discapacidad.jpg\" src=\"https:\/\/www.hoymercedes.com.ar\/principal\/wp-content\/uploads\/2019\/03\/24-discapacidad.jpg\" alt=\"\" class=\"wp-image-90049\" srcset=\"https:\/\/www.hoymercedes.com.ar\/principal\/wp-content\/uploads\/2019\/03\/24-discapacidad.jpg 750w, https:\/\/www.hoymercedes.com.ar\/principal\/wp-content\/uploads\/2019\/03\/24-discapacidad-150x150.jpg 150w, https:\/\/www.hoymercedes.com.ar\/principal\/wp-content\/uploads\/2019\/03\/24-discapacidad-620x620.jpg 620w, https:\/\/www.hoymercedes.com.ar\/principal\/wp-content\/uploads\/2019\/03\/24-discapacidad-100x100.jpg 100w\" sizes=\"auto, (max-width: 750px) 100vw, 750px\" \/><\/figure>\n\n\n\n<p>\u201cHoy las personas\ncon s\u00edndrome de down hacen una vida muy normal. Lo que venimos haciendo todos\nlos a\u00f1os es concientizar, hablar, informar y ser parte de esta campa\u00f1a. Con\nMelania Bustos, mam\u00e1 de Charito, y otras familias vamos a estar haciendo una\nactividad en conjunto. La idea es pintar pa\u00f1uelos por la inclusi\u00f3n. Ya sea en\nhojas o en telas. Cada uno pintar\u00e1 un pa\u00f1uelo desde su mirada y desde su lugar.\nTambi\u00e9n propondremos distintos mensajes como ponerse en el lugar del otro y qu\u00e9\ntipo de inclusi\u00f3n queremos\u201d, explic\u00f3 Tatiana L\u00f3pez en una entrevista radial. <\/p>\n\n\n\n<p>El evento\nque realizar\u00e1n este lunes es un encuentro y festival anual. A\u00f1os anteriores se\nhicieron en plazas y espacios culturales junto a otras instituciones sociales. \u201cLa\npropuesta permitir\u00e1 concientizar sobre lo que es el s\u00edndrome en particular as\u00ed\ncomo otros. Esto nos permite incluir a la personas con discapacidad\u201d, agreg\u00f3 la\nDirectora de Discapacidad. &nbsp;<\/p>\n","protected":false},"excerpt":{"rendered":"<p>Este lunes 25 de marzo, a partir de la hora 10, en el predio del ex Instituto Unzu\u00e9, la Direcci\u00f3n &#8230; <a title=\"Jornada recreativa y familias por el D\u00eda Mundial del S\u00edndrome de Down\" class=\"read-more\" href=\"https:\/\/www.hoymercedes.com.ar\/principal\/2019\/03\/24\/jornada-recreativa-y-familias-por-el-dia-mundial-del-sindrome-de-down\/\" aria-label=\"Leer m\u00e1s sobre Jornada recreativa y familias por el D\u00eda Mundial del S\u00edndrome de Down\">Leer m\u00e1s<\/a><\/p>\n","protected":false},"author":1,"featured_media":90049,"comment_status":"closed","ping_status":"open","sticky":false,"template":"","format":"standard","meta":{"_monsterinsights_skip_tracking":false,"_monsterinsights_sitenote_active":false,"_monsterinsights_sitenote_note":"","_monsterinsights_sitenote_category":0,"jetpack_post_was_ever_published":false,"_jetpack_newsletter_access":"","_jetpack_dont_email_post_to_subs":false,"_jetpack_newsletter_tier_id":0,"_jetpack_memberships_contains_paywalled_content":false,"_jetpack_memberships_contains_paid_content":false,"footnotes":"","jetpack_publicize_message":"","jetpack_publicize_feature_enabled":true,"jetpack_social_post_already_shared":true,"jetpack_social_options":{"image_generator_settings":{"template":"highway","default_image_id":0,"font":"","enabled":false},"version":2},"_wpas_customize_per_network":false},"categories":[30],"tags":[14691,1927,14690,244],"class_list":["post-90048","post","type-post","status-publish","format-standard","has-post-thumbnail","hentry","category-municipio","tag-dia-mundial-del-sindrome-de-down","tag-direccion-de-discapacidad","tag-jornada-recreativa","tag-municipio-2","generate-columns","tablet-grid-50","mobile-grid-100","grid-parent","grid-50"],"jetpack_publicize_connections":[],"jetpack_featured_media_url":"https:\/\/www.hoymercedes.com.ar\/principal\/wp-content\/uploads\/2019\/03\/24-discapacidad.jpg","wps_subtitle":"Pa\u00f1uelos pintados por la Inclusi\u00f3n","jetpack_sharing_enabled":true,"_links":{"self":[{"href":"https:\/\/www.hoymercedes.com.ar\/principal\/wp-json\/wp\/v2\/posts\/90048","targetHints":{"allow":["GET"]}}],"collection":[{"href":"https:\/\/www.hoymercedes.com.ar\/principal\/wp-json\/wp\/v2\/posts"}],"about":[{"href":"https:\/\/www.hoymercedes.com.ar\/principal\/wp-json\/wp\/v2\/types\/post"}],"author":[{"embeddable":true,"href":"https:\/\/www.hoymercedes.com.ar\/principal\/wp-json\/wp\/v2\/users\/1"}],"replies":[{"embeddable":true,"href":"https:\/\/www.hoymercedes.com.ar\/principal\/wp-json\/wp\/v2\/comments?post=90048"}],"version-history":[{"count":0,"href":"https:\/\/www.hoymercedes.com.ar\/principal\/wp-json\/wp\/v2\/posts\/90048\/revisions"}],"wp:featuredmedia":[{"embeddable":true,"href":"https:\/\/www.hoymercedes.com.ar\/principal\/wp-json\/wp\/v2\/media\/90049"}],"wp:attachment":[{"href":"https:\/\/www.hoymercedes.com.ar\/principal\/wp-json\/wp\/v2\/media?parent=90048"}],"wp:term":[{"taxonomy":"category","embeddable":true,"href":"https:\/\/www.hoymercedes.com.ar\/principal\/wp-json\/wp\/v2\/categories?post=90048"},{"taxonomy":"post_tag","embeddable":true,"href":"https:\/\/www.hoymercedes.com.ar\/principal\/wp-json\/wp\/v2\/tags?post=90048"}],"curies":[{"name":"wp","href":"https:\/\/api.w.org\/{rel}","templated":true}]}}