{"id":90064,"date":"2019-03-24T20:57:01","date_gmt":"2019-03-24T23:57:01","guid":{"rendered":"http:\/\/www.hoymercedes.com.ar\/principal\/?p=90064"},"modified":"2019-03-25T08:27:57","modified_gmt":"2019-03-25T11:27:57","slug":"se-llevo-a-cabo-un-nuevo-acto-de-la-comision-de-familiares-ante-el-43-aniversario-del-ultimo-golpe-civico-militar%ef%bb%bf","status":"publish","type":"post","link":"https:\/\/www.hoymercedes.com.ar\/principal\/2019\/03\/24\/se-llevo-a-cabo-un-nuevo-acto-de-la-comision-de-familiares-ante-el-43-aniversario-del-ultimo-golpe-civico-militar%ef%bb%bf\/","title":{"rendered":"Se llev\u00f3 a cabo un nuevo acto de la Comisi\u00f3n de Familiares ante el 43\u00b0 aniversario del \u00faltimo Golpe C\u00edvico Militar\ufeff"},"content":{"rendered":"\n<p><br><\/p>\n\n\n\n<figure class=\"wp-block-image\"><img loading=\"lazy\" decoding=\"async\" width=\"864\" height=\"576\" data-attachment-id=\"90065\" data-permalink=\"https:\/\/www.hoymercedes.com.ar\/principal\/2019\/03\/24\/se-llevo-a-cabo-un-nuevo-acto-de-la-comision-de-familiares-ante-el-43-aniversario-del-ultimo-golpe-civico-militar%ef%bb%bf\/sja_4203\/#main\" data-orig-file=\"https:\/\/www.hoymercedes.com.ar\/principal\/wp-content\/uploads\/2019\/03\/SJA_4203.jpg\" data-orig-size=\"864,576\" data-comments-opened=\"0\" data-image-meta=\"{&quot;aperture&quot;:&quot;0&quot;,&quot;credit&quot;:&quot;SEBASTIANAMBROSSIO&quot;,&quot;camera&quot;:&quot;&quot;,&quot;caption&quot;:&quot;&quot;,&quot;created_timestamp&quot;:&quot;0&quot;,&quot;copyright&quot;:&quot;SebastianAmbrossio&quot;,&quot;focal_length&quot;:&quot;0&quot;,&quot;iso&quot;:&quot;0&quot;,&quot;shutter_speed&quot;:&quot;0&quot;,&quot;title&quot;:&quot;&quot;,&quot;orientation&quot;:&quot;0&quot;}\" data-image-title=\"SJA_4203\" data-image-description=\"\" data-image-caption=\"\" data-large-file=\"https:\/\/www.hoymercedes.com.ar\/principal\/wp-content\/uploads\/2019\/03\/SJA_4203.jpg\" src=\"https:\/\/www.hoymercedes.com.ar\/principal\/wp-content\/uploads\/2019\/03\/SJA_4203.jpg\" alt=\"\" class=\"wp-image-90065\" srcset=\"https:\/\/www.hoymercedes.com.ar\/principal\/wp-content\/uploads\/2019\/03\/SJA_4203.jpg 864w, https:\/\/www.hoymercedes.com.ar\/principal\/wp-content\/uploads\/2019\/03\/SJA_4203-150x100.jpg 150w, https:\/\/www.hoymercedes.com.ar\/principal\/wp-content\/uploads\/2019\/03\/SJA_4203-630x420.jpg 630w, https:\/\/www.hoymercedes.com.ar\/principal\/wp-content\/uploads\/2019\/03\/SJA_4203-720x480.jpg 720w, https:\/\/www.hoymercedes.com.ar\/principal\/wp-content\/uploads\/2019\/03\/SJA_4203-360x240.jpg 360w\" sizes=\"auto, (max-width: 864px) 100vw, 864px\" \/><figcaption>Patricia Bojorge lee documento de la Comisi\u00f3n de Familiares<\/figcaption><\/figure>\n\n\n\n<p>En el 43\u00b0\naniversario del \u00faltimo Golpe C\u00edvico Militar se llev\u00f3 a cabo un nuevo acto a\ninstancias de la Comisi\u00f3n de Familiares y Amigos de Detenidos, Desaparecidos y Asesinados\npor la Dictadura C\u00edvico-Militar. Fue en Plaza San Mart\u00edn. Se cont\u00f3 con un\nimportante marco de asistentes, entre instituciones, escuelas, referentes\npol\u00edticos, sociales, vecinos y familiares. Se ley\u00f3 el documento oficial de la\nComisi\u00f3n y record\u00f3 a cada una de las v\u00edctimas de Mercedes. La actividad se\nrealiza cada a\u00f1o en el \u201cD\u00eda Nacional de la Memoria por la Verdad y la\nJusticia\u00bb.<\/p>\n\n\n\n<p>Patricia Bojorge\nfue la encargada de leer las palabras de la Comisi\u00f3n, quien entre otros\nconceptos expres\u00f3: \u201cRecordamos el inicio de una etapa negra para la Rep\u00fablica\nArgentina, la de \u201cel Golpe de Estado\u201d y el comienzo de la dictadura\nc\u00edvico-militar que gobern\u00f3 entre los a\u00f1os 1976 y 1983\u201d y \u201cLa discusi\u00f3n\ncolectiva de los procesos hist\u00f3ricos significativos del pasado nacional,\npermiten hoy una correcta valoraci\u00f3n de los hechos, en tanto que sepamos\nconsiderar sus causas y sus consecuencias, y sirven adem\u00e1s para establecer un\npuente, que facilite la comprensi\u00f3n de la realidad presente, de la que todos\nsomos actores necesarios. Es aqu\u00ed, donde adquiere gran relevancia el poder\nconocer c\u00f3mo se gest\u00f3 \u201cla impronta militante\u201d que nos dej\u00f3 esta generaci\u00f3n de\nj\u00f3venes, perseguida y asesinada por el Terrorismo de Estado\u201d<\/p>\n\n\n\n<figure class=\"wp-block-image\"><img loading=\"lazy\" decoding=\"async\" width=\"864\" height=\"576\" data-attachment-id=\"90066\" data-permalink=\"https:\/\/www.hoymercedes.com.ar\/principal\/2019\/03\/24\/se-llevo-a-cabo-un-nuevo-acto-de-la-comision-de-familiares-ante-el-43-aniversario-del-ultimo-golpe-civico-militar%ef%bb%bf\/sja_4162\/#main\" data-orig-file=\"https:\/\/www.hoymercedes.com.ar\/principal\/wp-content\/uploads\/2019\/03\/SJA_4162.jpg\" data-orig-size=\"864,576\" data-comments-opened=\"0\" data-image-meta=\"{&quot;aperture&quot;:&quot;0&quot;,&quot;credit&quot;:&quot;SEBASTIANAMBROSSIO&quot;,&quot;camera&quot;:&quot;&quot;,&quot;caption&quot;:&quot;&quot;,&quot;created_timestamp&quot;:&quot;0&quot;,&quot;copyright&quot;:&quot;SebastianAmbrossio&quot;,&quot;focal_length&quot;:&quot;0&quot;,&quot;iso&quot;:&quot;0&quot;,&quot;shutter_speed&quot;:&quot;0&quot;,&quot;title&quot;:&quot;&quot;,&quot;orientation&quot;:&quot;0&quot;}\" data-image-title=\"SJA_4162\" data-image-description=\"\" data-image-caption=\"\" data-large-file=\"https:\/\/www.hoymercedes.com.ar\/principal\/wp-content\/uploads\/2019\/03\/SJA_4162.jpg\" src=\"https:\/\/www.hoymercedes.com.ar\/principal\/wp-content\/uploads\/2019\/03\/SJA_4162.jpg\" alt=\"\" class=\"wp-image-90066\" srcset=\"https:\/\/www.hoymercedes.com.ar\/principal\/wp-content\/uploads\/2019\/03\/SJA_4162.jpg 864w, https:\/\/www.hoymercedes.com.ar\/principal\/wp-content\/uploads\/2019\/03\/SJA_4162-150x100.jpg 150w, https:\/\/www.hoymercedes.com.ar\/principal\/wp-content\/uploads\/2019\/03\/SJA_4162-630x420.jpg 630w, https:\/\/www.hoymercedes.com.ar\/principal\/wp-content\/uploads\/2019\/03\/SJA_4162-720x480.jpg 720w, https:\/\/www.hoymercedes.com.ar\/principal\/wp-content\/uploads\/2019\/03\/SJA_4162-360x240.jpg 360w\" sizes=\"auto, (max-width: 864px) 100vw, 864px\" \/><\/figure>\n\n\n\n<p>M\u00e1s adelante\nsostuvo \u201cBajo estas pr\u00e1cticas sistem\u00e1ticas signadas por una constante violaci\u00f3n\na los derechos humanos, y que se encuadran en la Jurisprudencia Internacional\ncomo \u201cCr\u00edmenes de Lesa Humanidad\u201d, se cometieron delitos aberrantes:\nsecuestros, privaciones ileg\u00edtimas de la libertad, torturas en centros\nclandestinos de detenci\u00f3n, apropiaci\u00f3n de reci\u00e9n nacidos, asesinatos y m\u00e1s de\n30 mil personas desaparecidas. Impusieron tambi\u00e9n un nuevo orden y\ndisciplinamiento social, aboliendo toda clase de derechos y garant\u00edas\nconstitucionales\u201d <\/p>\n\n\n\n<figure class=\"wp-block-image\"><img loading=\"lazy\" decoding=\"async\" width=\"937\" height=\"625\" data-attachment-id=\"90070\" data-permalink=\"https:\/\/www.hoymercedes.com.ar\/principal\/2019\/03\/24\/se-llevo-a-cabo-un-nuevo-acto-de-la-comision-de-familiares-ante-el-43-aniversario-del-ultimo-golpe-civico-militar%ef%bb%bf\/sja_4201\/#main\" data-orig-file=\"https:\/\/www.hoymercedes.com.ar\/principal\/wp-content\/uploads\/2019\/03\/SJA_4201.jpg\" data-orig-size=\"937,625\" data-comments-opened=\"0\" data-image-meta=\"{&quot;aperture&quot;:&quot;0&quot;,&quot;credit&quot;:&quot;SEBASTIANAMBROSSIO&quot;,&quot;camera&quot;:&quot;&quot;,&quot;caption&quot;:&quot;&quot;,&quot;created_timestamp&quot;:&quot;0&quot;,&quot;copyright&quot;:&quot;SebastianAmbrossio&quot;,&quot;focal_length&quot;:&quot;0&quot;,&quot;iso&quot;:&quot;0&quot;,&quot;shutter_speed&quot;:&quot;0&quot;,&quot;title&quot;:&quot;&quot;,&quot;orientation&quot;:&quot;0&quot;}\" data-image-title=\"SJA_4201\" data-image-description=\"\" data-image-caption=\"\" data-large-file=\"https:\/\/www.hoymercedes.com.ar\/principal\/wp-content\/uploads\/2019\/03\/SJA_4201.jpg\" src=\"https:\/\/www.hoymercedes.com.ar\/principal\/wp-content\/uploads\/2019\/03\/SJA_4201.jpg\" alt=\"\" class=\"wp-image-90070\" srcset=\"https:\/\/www.hoymercedes.com.ar\/principal\/wp-content\/uploads\/2019\/03\/SJA_4201.jpg 937w, https:\/\/www.hoymercedes.com.ar\/principal\/wp-content\/uploads\/2019\/03\/SJA_4201-150x100.jpg 150w, https:\/\/www.hoymercedes.com.ar\/principal\/wp-content\/uploads\/2019\/03\/SJA_4201-630x420.jpg 630w, https:\/\/www.hoymercedes.com.ar\/principal\/wp-content\/uploads\/2019\/03\/SJA_4201-720x480.jpg 720w, https:\/\/www.hoymercedes.com.ar\/principal\/wp-content\/uploads\/2019\/03\/SJA_4201-360x240.jpg 360w\" sizes=\"auto, (max-width: 937px) 100vw, 937px\" \/><\/figure>\n\n\n\n<p>El documento\ntambi\u00e9n remarc\u00f3 que \u201cdesde el presente y desde la experiencia hoy podemos\nsostener que los derechos humanos son el fundamento esencial de toda\nconvivencia, y que la justicia es la \u00fanica forma de reparaci\u00f3n posible\u201d y \u201cEste\nencuentro nos invita a reflexionar, a repensar y a decidir sobre nuestro rol\ncomo ciudadanos.<\/p>\n\n\n\n<p>Las nuevas\ngeneraciones tienen atr\u00e1s un pasado que no deja de transmitirse, de\ninterpretarse y de juzgarse. Sigue estando tal vez como un legado pol\u00edtico que\nse recrea en las actuales luchas. <\/p>\n\n\n\n<figure class=\"wp-block-image\"><img loading=\"lazy\" decoding=\"async\" width=\"864\" height=\"576\" data-attachment-id=\"90067\" data-permalink=\"https:\/\/www.hoymercedes.com.ar\/principal\/2019\/03\/24\/se-llevo-a-cabo-un-nuevo-acto-de-la-comision-de-familiares-ante-el-43-aniversario-del-ultimo-golpe-civico-militar%ef%bb%bf\/sja_4152\/#main\" data-orig-file=\"https:\/\/www.hoymercedes.com.ar\/principal\/wp-content\/uploads\/2019\/03\/SJA_4152.jpg\" data-orig-size=\"864,576\" data-comments-opened=\"0\" data-image-meta=\"{&quot;aperture&quot;:&quot;0&quot;,&quot;credit&quot;:&quot;SEBASTIANAMBROSSIO&quot;,&quot;camera&quot;:&quot;&quot;,&quot;caption&quot;:&quot;&quot;,&quot;created_timestamp&quot;:&quot;0&quot;,&quot;copyright&quot;:&quot;SebastianAmbrossio&quot;,&quot;focal_length&quot;:&quot;0&quot;,&quot;iso&quot;:&quot;0&quot;,&quot;shutter_speed&quot;:&quot;0&quot;,&quot;title&quot;:&quot;&quot;,&quot;orientation&quot;:&quot;0&quot;}\" data-image-title=\"SJA_4152\" data-image-description=\"\" data-image-caption=\"\" data-large-file=\"https:\/\/www.hoymercedes.com.ar\/principal\/wp-content\/uploads\/2019\/03\/SJA_4152.jpg\" src=\"https:\/\/www.hoymercedes.com.ar\/principal\/wp-content\/uploads\/2019\/03\/SJA_4152.jpg\" alt=\"\" class=\"wp-image-90067\" srcset=\"https:\/\/www.hoymercedes.com.ar\/principal\/wp-content\/uploads\/2019\/03\/SJA_4152.jpg 864w, https:\/\/www.hoymercedes.com.ar\/principal\/wp-content\/uploads\/2019\/03\/SJA_4152-150x100.jpg 150w, https:\/\/www.hoymercedes.com.ar\/principal\/wp-content\/uploads\/2019\/03\/SJA_4152-630x420.jpg 630w, https:\/\/www.hoymercedes.com.ar\/principal\/wp-content\/uploads\/2019\/03\/SJA_4152-720x480.jpg 720w, https:\/\/www.hoymercedes.com.ar\/principal\/wp-content\/uploads\/2019\/03\/SJA_4152-360x240.jpg 360w\" sizes=\"auto, (max-width: 864px) 100vw, 864px\" \/><\/figure>\n\n\n\n<p>La valoraci\u00f3n\ncr\u00edtica de esa militancia de los 60-70, nos devuelve esos ideales, esos valores\ny esas convicciones que hoy debemos resignificar. Por eso mirar hacia atr\u00e1s,\npensando en el presente y apostando un cambio hacia el futuro, resulta\nfundamental.<\/p>\n\n\n\n<p>Como sujetos\nsociales del ahora, la realidad tambi\u00e9n nos interpela en primera persona y nos\npone en la disyuntiva de seguir pensando en una salida individual o en la de\nemprender de manera colectiva un camino de lucha orientado a romper\ndefinitivamente con los nefastos modelos econ\u00f3micos neoliberales y con las\npol\u00edticas opresivas que, sustentadas en el negacionismo de lo evidente y en el\nenga\u00f1o, justifican el saqueo y el vaciamiento del pa\u00eds.<\/p>\n\n\n\n<p>Reflexionar\nsobre lo que sucede cuando la democracia y el Estado de Derecho son violentados\narbitrariamente, nos posiciona para entender que el presente y el futuro siguen\nsiendo responsabilidad de todos sus actores pol\u00edticos y sociales, y sin lugar a\ndudas tenemos la certeza, de que no es moralmente correcto mirar para otro lado\ncoloc\u00e1ndose en un rol ap\u00e1tico o pasivo frente a tantas injusticias y a una\nrealidad avasallante. Tal vez entonces, si logramos despertar como pueblo, nos\ndemos la oportunidad de que llegue ese d\u00eda tan anhelado en el que podamos\nvislumbrar un digno porvenir que incluya en igualdad de derechos y oportunidades\na todos los argentinos\u201d <\/p>\n\n\n\n<figure class=\"wp-block-image\"><img loading=\"lazy\" decoding=\"async\" width=\"937\" height=\"625\" data-attachment-id=\"90068\" data-permalink=\"https:\/\/www.hoymercedes.com.ar\/principal\/2019\/03\/24\/se-llevo-a-cabo-un-nuevo-acto-de-la-comision-de-familiares-ante-el-43-aniversario-del-ultimo-golpe-civico-militar%ef%bb%bf\/sja_4273\/#main\" data-orig-file=\"https:\/\/www.hoymercedes.com.ar\/principal\/wp-content\/uploads\/2019\/03\/SJA_4273.jpg\" data-orig-size=\"937,625\" data-comments-opened=\"0\" data-image-meta=\"{&quot;aperture&quot;:&quot;0&quot;,&quot;credit&quot;:&quot;SEBASTIANAMBROSSIO&quot;,&quot;camera&quot;:&quot;&quot;,&quot;caption&quot;:&quot;&quot;,&quot;created_timestamp&quot;:&quot;0&quot;,&quot;copyright&quot;:&quot;SebastianAmbrossio&quot;,&quot;focal_length&quot;:&quot;0&quot;,&quot;iso&quot;:&quot;0&quot;,&quot;shutter_speed&quot;:&quot;0&quot;,&quot;title&quot;:&quot;&quot;,&quot;orientation&quot;:&quot;0&quot;}\" data-image-title=\"SJA_4273\" data-image-description=\"\" data-image-caption=\"\" data-large-file=\"https:\/\/www.hoymercedes.com.ar\/principal\/wp-content\/uploads\/2019\/03\/SJA_4273.jpg\" src=\"https:\/\/www.hoymercedes.com.ar\/principal\/wp-content\/uploads\/2019\/03\/SJA_4273.jpg\" alt=\"\" class=\"wp-image-90068\" srcset=\"https:\/\/www.hoymercedes.com.ar\/principal\/wp-content\/uploads\/2019\/03\/SJA_4273.jpg 937w, https:\/\/www.hoymercedes.com.ar\/principal\/wp-content\/uploads\/2019\/03\/SJA_4273-150x100.jpg 150w, https:\/\/www.hoymercedes.com.ar\/principal\/wp-content\/uploads\/2019\/03\/SJA_4273-630x420.jpg 630w, https:\/\/www.hoymercedes.com.ar\/principal\/wp-content\/uploads\/2019\/03\/SJA_4273-720x480.jpg 720w, https:\/\/www.hoymercedes.com.ar\/principal\/wp-content\/uploads\/2019\/03\/SJA_4273-360x240.jpg 360w\" sizes=\"auto, (max-width: 937px) 100vw, 937px\" \/><\/figure>\n\n\n\n<p>Qui\u00e9n tambi\u00e9n\ntom\u00f3 la palabra fue el jefe comunal, Dr. Juan Ignacio Ustarroz, quien destac\u00f3\nla participaci\u00f3n de las escuelas en esta fecha \u201ctan triste y dolorosa para todo\nel pueblo argentino, donde hoy hacemos un acto de memoria apelando a la verdad\ny a la justicia siendo un hecho necesario para poder construir una sociedad\nmejor, consolidar instituciones y robustecer nuestra democracia\u201d y que \u201cfue un\ngolpe de Estado C\u00edvico Militar que no s\u00f3lo se llev\u00f3 a cabo en nuestro pa\u00eds sino\nque fue un plan perge\u00f1ado, el plan C\u00f3ndor, para imponer dictaduras en distintos\npa\u00edses de Am\u00e9rica Latina con los mismos objetivos\u201d afirmando que \u201cnuestro pa\u00eds\ntuvo como consecuencia ser conocido internacionalmente con la figura del\ndesaparecido, el robo de beb\u00e9s, los vuelos de la muerte, la tortura\u201d\nmencionando que \u201cadherimos en un todo al documento de la Comisi\u00f3n, viendo que\nhab\u00eda un grupo de personas que ten\u00edan sue\u00f1os, que buscaban un proyecto de pa\u00eds\ndiferente, para todos, donde se garanticen los derechos, con desarrollo pleno\nde la sociedad y sus ciudadanos\u201d y \u201choy vemos un nuevo C\u00f3ndor que anda por\nAm\u00e9rica Latina, con un particular inter\u00e9s en los procesos pol\u00edticos, con una\nclara intenci\u00f3n de sojuzgar, debilitar instituciones e imponer intereses\ngeopol\u00edticos muy ajenos al principio de autonom\u00eda de los pueblos y bienestar de\nlas mayor\u00edas\u201d rescatando que \u201cun ejemplo de lucha son las Madres, las Abuelas\nque frente al terror supieron salir e ir a las plazas y desde su condici\u00f3n de\nmadre, desde el dolor y el amor no hubo terror que las doblegadas iniciando un\nproceso que conmovi\u00f3, incluso a actores internacionales\u201d mencionando que\ntambi\u00e9n hubo espacios pol\u00edticos y sectores sociales que acompa\u00f1aron esos\nreclamos, siendo nuestro pa\u00eds \u201cvanguardia en el mundo con el juicio a la Junta,\ndel Nunca M\u00e1s, con un presidente con sus aciertos y errores los impuls\u00f3 y es el\nDr. Alfons\u00edn, con retrocesos con Menen y nuevamente luego contando con un\ngobierno de N\u00e9stor y Cristina Kirchner que plantearon y materializaron la\nconsolidaci\u00f3n de las pol\u00edticas p\u00fablicas de derechos humanos\u201d&nbsp; para llevar al presente dondo \u201choy vivimos un\nretroceso\u201d y \u201cdebemos hoy garantizar los derechos de todos, cuidando el\ntrabajo, invirtiendo en salud, educaci\u00f3n, buscando el desarrollo de las\ncomunidades y las personas\u201d sin olvidar que \u201cfue un golpe c\u00edvico militar\u201d para\nantes de finalizar destacar que \u201choy esta plaza con tantos sectores y\nrepresentaci\u00f3n anida una esperanza para que cada quien desde su lugar aporte su\ngranito de arena para tener una sociedad mejor\u201d entre otros conceptos.<\/p>\n\n\n\n<figure class=\"wp-block-image\"><img loading=\"lazy\" decoding=\"async\" width=\"864\" height=\"576\" data-attachment-id=\"90069\" data-permalink=\"https:\/\/www.hoymercedes.com.ar\/principal\/2019\/03\/24\/se-llevo-a-cabo-un-nuevo-acto-de-la-comision-de-familiares-ante-el-43-aniversario-del-ultimo-golpe-civico-militar%ef%bb%bf\/sja_4227\/#main\" data-orig-file=\"https:\/\/www.hoymercedes.com.ar\/principal\/wp-content\/uploads\/2019\/03\/SJA_4227.jpg\" data-orig-size=\"864,576\" data-comments-opened=\"0\" data-image-meta=\"{&quot;aperture&quot;:&quot;0&quot;,&quot;credit&quot;:&quot;SEBASTIANAMBROSSIO&quot;,&quot;camera&quot;:&quot;&quot;,&quot;caption&quot;:&quot;&quot;,&quot;created_timestamp&quot;:&quot;0&quot;,&quot;copyright&quot;:&quot;SebastianAmbrossio&quot;,&quot;focal_length&quot;:&quot;0&quot;,&quot;iso&quot;:&quot;0&quot;,&quot;shutter_speed&quot;:&quot;0&quot;,&quot;title&quot;:&quot;&quot;,&quot;orientation&quot;:&quot;0&quot;}\" data-image-title=\"SJA_4227\" data-image-description=\"\" data-image-caption=\"\" data-large-file=\"https:\/\/www.hoymercedes.com.ar\/principal\/wp-content\/uploads\/2019\/03\/SJA_4227.jpg\" src=\"https:\/\/www.hoymercedes.com.ar\/principal\/wp-content\/uploads\/2019\/03\/SJA_4227.jpg\" alt=\"\" class=\"wp-image-90069\" srcset=\"https:\/\/www.hoymercedes.com.ar\/principal\/wp-content\/uploads\/2019\/03\/SJA_4227.jpg 864w, https:\/\/www.hoymercedes.com.ar\/principal\/wp-content\/uploads\/2019\/03\/SJA_4227-150x100.jpg 150w, https:\/\/www.hoymercedes.com.ar\/principal\/wp-content\/uploads\/2019\/03\/SJA_4227-630x420.jpg 630w, https:\/\/www.hoymercedes.com.ar\/principal\/wp-content\/uploads\/2019\/03\/SJA_4227-720x480.jpg 720w, https:\/\/www.hoymercedes.com.ar\/principal\/wp-content\/uploads\/2019\/03\/SJA_4227-360x240.jpg 360w\" sizes=\"auto, (max-width: 864px) 100vw, 864px\" \/><\/figure>\n\n\n\n<p>Mariel Solari y\nMiguel Schafrik participaron musicalmente, como habitualmente sucede\ninterpretando expresiones culturales alusivas. <\/p>\n\n\n\n<p>Fue Silvia Fasce\nla encargada, antes de finalizar el acto, de mencionar y recordar a cada una de\nlas victimas mercedinas del Terrorismo de Estado. Ellos son: ABDALA, Jos\u00e9,\nAGOSTI, Carlos, BOJORGE, Stella Maris, CARDINAL, Carlos Mart\u00edn, CARNAGHI,\nCarmen Mar\u00eda, CIRULLO, Haydee Rosa, DUFAU, Pedro, FALABELLA de ABDALA, Susana\nVictoria, GATICA, Carlos Mart\u00edn, GOICOCHEA, Luis&nbsp; Eduardo, HEREDIA, Francisco Manuel, IRIART,\nAmer Francisco, KELLY, Alfredo Jos\u00e9, LEADEN, Alfredo, OJEA QUINTANA, Esteban\nSantiago, OJEA QUINTANA, Ignacio Pedro, PANKONIN, Enrique, PASSADORE, Jorge\nRoberto, PICARDI, F\u00e9lix Eduardo, REVORA de de Pedro, Lucila Adela, RIVEIRO de\nGOICOCHEA, Adriana Teresita, TILLET, Carlos Miguel<\/p>\n","protected":false},"excerpt":{"rendered":"<p>En el 43\u00b0 aniversario del \u00faltimo Golpe C\u00edvico Militar se llev\u00f3 a cabo un nuevo acto a instancias de la &#8230; <a title=\"Se llev\u00f3 a cabo un nuevo acto de la Comisi\u00f3n de Familiares ante el 43\u00b0 aniversario del \u00faltimo Golpe C\u00edvico Militar\ufeff\" class=\"read-more\" href=\"https:\/\/www.hoymercedes.com.ar\/principal\/2019\/03\/24\/se-llevo-a-cabo-un-nuevo-acto-de-la-comision-de-familiares-ante-el-43-aniversario-del-ultimo-golpe-civico-militar%ef%bb%bf\/\" aria-label=\"Leer m\u00e1s sobre Se llev\u00f3 a cabo un nuevo acto de la Comisi\u00f3n de Familiares ante el 43\u00b0 aniversario del \u00faltimo Golpe C\u00edvico Militar\ufeff\">Leer m\u00e1s<\/a><\/p>\n","protected":false},"author":1,"featured_media":90067,"comment_status":"closed","ping_status":"open","sticky":false,"template":"","format":"standard","meta":{"_monsterinsights_skip_tracking":false,"_monsterinsights_sitenote_active":false,"_monsterinsights_sitenote_note":"","_monsterinsights_sitenote_category":0,"jetpack_post_was_ever_published":false,"_jetpack_newsletter_access":"","_jetpack_dont_email_post_to_subs":false,"_jetpack_newsletter_tier_id":0,"_jetpack_memberships_contains_paywalled_content":false,"_jetpack_memberships_contains_paid_content":false,"footnotes":"","jetpack_publicize_message":"","jetpack_publicize_feature_enabled":true,"jetpack_social_post_already_shared":true,"jetpack_social_options":{"image_generator_settings":{"template":"highway","default_image_id":0,"font":"","enabled":false},"version":2},"_wpas_customize_per_network":false},"categories":[8],"tags":[8920,14697,12822],"class_list":["post-90064","post","type-post","status-publish","format-standard","has-post-thumbnail","hentry","category-sociedad","tag-acto","tag-comision-de-familiares-de-secuestrados-desaparecidos-y-asesinados","tag-dia-de-la-memoria-verdad-y-justicia","generate-columns","tablet-grid-50","mobile-grid-100","grid-parent","grid-50"],"jetpack_publicize_connections":[],"jetpack_featured_media_url":"https:\/\/www.hoymercedes.com.ar\/principal\/wp-content\/uploads\/2019\/03\/SJA_4152.jpg","wps_subtitle":"Derechos Humanos","jetpack_sharing_enabled":true,"_links":{"self":[{"href":"https:\/\/www.hoymercedes.com.ar\/principal\/wp-json\/wp\/v2\/posts\/90064","targetHints":{"allow":["GET"]}}],"collection":[{"href":"https:\/\/www.hoymercedes.com.ar\/principal\/wp-json\/wp\/v2\/posts"}],"about":[{"href":"https:\/\/www.hoymercedes.com.ar\/principal\/wp-json\/wp\/v2\/types\/post"}],"author":[{"embeddable":true,"href":"https:\/\/www.hoymercedes.com.ar\/principal\/wp-json\/wp\/v2\/users\/1"}],"replies":[{"embeddable":true,"href":"https:\/\/www.hoymercedes.com.ar\/principal\/wp-json\/wp\/v2\/comments?post=90064"}],"version-history":[{"count":0,"href":"https:\/\/www.hoymercedes.com.ar\/principal\/wp-json\/wp\/v2\/posts\/90064\/revisions"}],"wp:featuredmedia":[{"embeddable":true,"href":"https:\/\/www.hoymercedes.com.ar\/principal\/wp-json\/wp\/v2\/media\/90067"}],"wp:attachment":[{"href":"https:\/\/www.hoymercedes.com.ar\/principal\/wp-json\/wp\/v2\/media?parent=90064"}],"wp:term":[{"taxonomy":"category","embeddable":true,"href":"https:\/\/www.hoymercedes.com.ar\/principal\/wp-json\/wp\/v2\/categories?post=90064"},{"taxonomy":"post_tag","embeddable":true,"href":"https:\/\/www.hoymercedes.com.ar\/principal\/wp-json\/wp\/v2\/tags?post=90064"}],"curies":[{"name":"wp","href":"https:\/\/api.w.org\/{rel}","templated":true}]}}