{"id":90073,"date":"2019-03-25T09:16:56","date_gmt":"2019-03-25T12:16:56","guid":{"rendered":"http:\/\/www.hoymercedes.com.ar\/principal\/?p=90073"},"modified":"2019-03-25T08:22:59","modified_gmt":"2019-03-25T11:22:59","slug":"se-llevo-a-cabo-la-8-fiesta-del-arraigo-en-agote","status":"publish","type":"post","link":"https:\/\/www.hoymercedes.com.ar\/principal\/2019\/03\/25\/se-llevo-a-cabo-la-8-fiesta-del-arraigo-en-agote\/","title":{"rendered":"Se llev\u00f3 a cabo la 8\u00b0 Fiesta del Arraigo en Agote"},"content":{"rendered":"\n<figure class=\"wp-block-image\"><img loading=\"lazy\" decoding=\"async\" width=\"1024\" height=\"576\" data-attachment-id=\"90074\" data-permalink=\"https:\/\/www.hoymercedes.com.ar\/principal\/2019\/03\/25\/se-llevo-a-cabo-la-8-fiesta-del-arraigo-en-agote\/dji_0032\/#main\" data-orig-file=\"https:\/\/www.hoymercedes.com.ar\/principal\/wp-content\/uploads\/2019\/03\/DJI_0032.jpg\" data-orig-size=\"1024,576\" data-comments-opened=\"0\" data-image-meta=\"{&quot;aperture&quot;:&quot;0&quot;,&quot;credit&quot;:&quot;&quot;,&quot;camera&quot;:&quot;&quot;,&quot;caption&quot;:&quot;&quot;,&quot;created_timestamp&quot;:&quot;0&quot;,&quot;copyright&quot;:&quot;&quot;,&quot;focal_length&quot;:&quot;0&quot;,&quot;iso&quot;:&quot;0&quot;,&quot;shutter_speed&quot;:&quot;0&quot;,&quot;title&quot;:&quot;&quot;,&quot;orientation&quot;:&quot;0&quot;}\" data-image-title=\"DJI_0032\" data-image-description=\"\" data-image-caption=\"\" data-large-file=\"https:\/\/www.hoymercedes.com.ar\/principal\/wp-content\/uploads\/2019\/03\/DJI_0032-1024x576.jpg\" src=\"https:\/\/www.hoymercedes.com.ar\/principal\/wp-content\/uploads\/2019\/03\/DJI_0032-1024x576.jpg\" alt=\"\" class=\"wp-image-90074\" srcset=\"https:\/\/www.hoymercedes.com.ar\/principal\/wp-content\/uploads\/2019\/03\/DJI_0032.jpg 1024w, https:\/\/www.hoymercedes.com.ar\/principal\/wp-content\/uploads\/2019\/03\/DJI_0032-150x84.jpg 150w, https:\/\/www.hoymercedes.com.ar\/principal\/wp-content\/uploads\/2019\/03\/DJI_0032-630x354.jpg 630w\" sizes=\"auto, (max-width: 1024px) 100vw, 1024px\" \/><figcaption>Fiesta del Arraigo<\/figcaption><\/figure>\n\n\n\n<p>En la localidad de Agote se llev\u00f3 a cabo la 8va Fiesta del Arraigo. Hubo m\u00faltiples atractivos en dos jornadas promoviendo la cultura, ra\u00edces y tradiciones. <\/p>\n\n\n\n<p><strong>Jornadas <\/strong><\/p>\n\n\n\n<p>La Fiesta\narranc\u00f3 el s\u00e1bado con la tradicional carrera de bicicletas, buseca agotense, fog\u00f3n,\narte y cultura, artesanos, cantina, parrilladas y la posibilidad del encuentro\nfamiliar. Se disfrut\u00f3 de la previa a la fiesta de la Rosetta del show del\nrecitador Juan Jos\u00e9 Mart\u00ednez, pe\u00f1a folkl\u00f3rica yel cierre a toro baile con la\nbanda Del Tecla.<\/p>\n\n\n\n<p>El domingo continu\u00f3 con el desfile gaucho, inauguraciones y homenajes. Para <strong>Juan Pablo L\u00f3pez Baggio<\/strong> \u201ces una fiesta important\u00edsima, porque retoma nuestras tradiciones, identidad y pone en valor los pueblos del interior, que crecen cada d\u00eda, que exponen son fundamentales en el desarrollo de las ciudades y que sostienen viva nuestra historia\u201d sin olvidar de felicitar \u201ca todos los vecinos, los trabajadores, a cada uno de los que hizo posible vivamos dos jornadas inolvidables\u201d <\/p>\n\n\n\n<p>Ya el domingo se\ncont\u00f3 con el acto protocolar central y las presentaciones de artistas locales y\nel cierre de La Poderosa Sonora. Hubo tambi\u00e9n sorteo de un potro y recuerdo a\n\u201ca tres vecinos que recientemente fallecieron. \u201cPetaco\u201d Ibaldi, la \u201cT\u00eda\u201d Odda y\nCarlos Can\u00e9\u201d. Narrando la edil Laporta sobre cada uno de ellos alguna an\u00e9cdota\nque gener\u00f3 el aplauso de todos los presentes.<\/p>\n\n\n\n<figure class=\"wp-block-image\"><img loading=\"lazy\" decoding=\"async\" width=\"864\" height=\"576\" data-attachment-id=\"90077\" data-permalink=\"https:\/\/www.hoymercedes.com.ar\/principal\/2019\/03\/25\/se-llevo-a-cabo-la-8-fiesta-del-arraigo-en-agote\/dsc_0017-3\/#main\" data-orig-file=\"https:\/\/www.hoymercedes.com.ar\/principal\/wp-content\/uploads\/2019\/03\/DSC_0017.jpg\" data-orig-size=\"864,576\" data-comments-opened=\"0\" data-image-meta=\"{&quot;aperture&quot;:&quot;0&quot;,&quot;credit&quot;:&quot;&quot;,&quot;camera&quot;:&quot;&quot;,&quot;caption&quot;:&quot;&quot;,&quot;created_timestamp&quot;:&quot;0&quot;,&quot;copyright&quot;:&quot;&quot;,&quot;focal_length&quot;:&quot;0&quot;,&quot;iso&quot;:&quot;0&quot;,&quot;shutter_speed&quot;:&quot;0&quot;,&quot;title&quot;:&quot;&quot;,&quot;orientation&quot;:&quot;0&quot;}\" data-image-title=\"DSC_0017\" data-image-description=\"\" data-image-caption=\"\" data-large-file=\"https:\/\/www.hoymercedes.com.ar\/principal\/wp-content\/uploads\/2019\/03\/DSC_0017.jpg\" src=\"https:\/\/www.hoymercedes.com.ar\/principal\/wp-content\/uploads\/2019\/03\/DSC_0017.jpg\" alt=\"\" class=\"wp-image-90077\" srcset=\"https:\/\/www.hoymercedes.com.ar\/principal\/wp-content\/uploads\/2019\/03\/DSC_0017.jpg 864w, https:\/\/www.hoymercedes.com.ar\/principal\/wp-content\/uploads\/2019\/03\/DSC_0017-150x100.jpg 150w, https:\/\/www.hoymercedes.com.ar\/principal\/wp-content\/uploads\/2019\/03\/DSC_0017-630x420.jpg 630w, https:\/\/www.hoymercedes.com.ar\/principal\/wp-content\/uploads\/2019\/03\/DSC_0017-720x480.jpg 720w, https:\/\/www.hoymercedes.com.ar\/principal\/wp-content\/uploads\/2019\/03\/DSC_0017-360x240.jpg 360w\" sizes=\"auto, (max-width: 864px) 100vw, 864px\" \/><\/figure>\n\n\n\n<p><strong>Palabras<\/strong><\/p>\n\n\n\n<p><strong>Alejando Badano<\/strong>, integrante de la comisi\u00f3n del Arraigo, sostuvo que \u201csiempre estamos muy felices de recibirlos a todos en la 8va edici\u00f3n de la Fiesta\u201d y sostuvo luego de hablar sobre el 24 de marzo y la coincidencia de fecha que \u201cAgote no olvida y la mejor manera de adherir al pedido de memoria, verdad y justicia es celebrar arraigo\u201d y dijo que en la fiesta hay muchas ganas, empuje e ilusi\u00f3n y que \u201creivindiquemos la pol\u00edtica, que es arraigo, es tradici\u00f3n y que es la \u00fanica herramienta de transformaci\u00f3n de la sociedad. Cuando nos ganen los sentimientos de enojo detr\u00e1s de cada paisano que se puso su mejor pilcha para desfilar orgulloso en Agote detr\u00e1s de \u00e9l est\u00e1 la pol\u00edtica haci\u00e9ndolo posible, como est\u00e1 detr\u00e1s de cada ni\u00f1o en un hospital p\u00fablico o joven que se recibe o cada artista que engalanar\u00e1 nuestro escenario. Reivindiquemos la pol\u00edtica sobre todo en un d\u00eda como hoy\u201d afirm\u00f3 entre otros conceptos.<\/p>\n\n\n\n<p><strong>Carlos Selva<\/strong>, diputado nacional, sostuvo que \u201clos principales protagonistas son los vecinos que est\u00e1n hoy ac\u00e1\u201d y record\u00f3 que \u201choy tenemos la oportunidad de encontrarnos y es tambi\u00e9n la historia de los pueblos, de cada una de las localidades\u201d coment\u00f3 y remarc\u00f3 que \u201cnosotros pusimos un ladrillo cuando arranc\u00f3 y hoy la gesti\u00f3n del actual intendente pone otro con esta plaza\u201d destacando que \u201cesto tiene que venir a consolidar un espacio de cultura, deporte, de desarrollo y especialmente el arraigo\u201d.<\/p>\n\n\n\n<figure class=\"wp-block-image\"><img loading=\"lazy\" decoding=\"async\" width=\"938\" height=\"625\" data-attachment-id=\"90078\" data-permalink=\"https:\/\/www.hoymercedes.com.ar\/principal\/2019\/03\/25\/se-llevo-a-cabo-la-8-fiesta-del-arraigo-en-agote\/dsc_0099\/#main\" data-orig-file=\"https:\/\/www.hoymercedes.com.ar\/principal\/wp-content\/uploads\/2019\/03\/DSC_0099.jpg\" data-orig-size=\"938,625\" data-comments-opened=\"0\" data-image-meta=\"{&quot;aperture&quot;:&quot;0&quot;,&quot;credit&quot;:&quot;&quot;,&quot;camera&quot;:&quot;&quot;,&quot;caption&quot;:&quot;&quot;,&quot;created_timestamp&quot;:&quot;0&quot;,&quot;copyright&quot;:&quot;&quot;,&quot;focal_length&quot;:&quot;0&quot;,&quot;iso&quot;:&quot;0&quot;,&quot;shutter_speed&quot;:&quot;0&quot;,&quot;title&quot;:&quot;&quot;,&quot;orientation&quot;:&quot;0&quot;}\" data-image-title=\"DSC_0099\" data-image-description=\"\" data-image-caption=\"\" data-large-file=\"https:\/\/www.hoymercedes.com.ar\/principal\/wp-content\/uploads\/2019\/03\/DSC_0099.jpg\" src=\"https:\/\/www.hoymercedes.com.ar\/principal\/wp-content\/uploads\/2019\/03\/DSC_0099.jpg\" alt=\"\" class=\"wp-image-90078\" srcset=\"https:\/\/www.hoymercedes.com.ar\/principal\/wp-content\/uploads\/2019\/03\/DSC_0099.jpg 938w, https:\/\/www.hoymercedes.com.ar\/principal\/wp-content\/uploads\/2019\/03\/DSC_0099-150x100.jpg 150w, https:\/\/www.hoymercedes.com.ar\/principal\/wp-content\/uploads\/2019\/03\/DSC_0099-630x420.jpg 630w, https:\/\/www.hoymercedes.com.ar\/principal\/wp-content\/uploads\/2019\/03\/DSC_0099-720x480.jpg 720w, https:\/\/www.hoymercedes.com.ar\/principal\/wp-content\/uploads\/2019\/03\/DSC_0099-360x240.jpg 360w\" sizes=\"auto, (max-width: 938px) 100vw, 938px\" \/><\/figure>\n\n\n\n<p>Quien tambi\u00e9n tom\u00f3\nla palabra fue Gerardo \u201cPocho\u201d Torres, Presidente de la Comisi\u00f3n del Arraigo\nafirm\u00f3 que \u201cquiero agradecer a todos, al intendente, a quien le pedimos un\njueguito m\u00e1s para la plaza y se pas\u00f3, nos dio algo muy arriba. Es m\u00e1s de lo que\nesper\u00e1bamos. Tambi\u00e9n agradezco al diputado Selva que fue uno de los que dio\npunta pie a esta fiesta\u201d y sostuvo que \u201cAgote vive, existe, ac\u00e1 est\u00e1 su gente,\ncon sus casas de 1840\u201d y \u00abagradezco al staff municipal y las coorperativas\nque hicieron esta plaza sea una realidad\u201d sin olvidar que \u201choy todos los chicos\npresentes, quiero destacar, son el futuro del arraigo\u201d<\/p>\n\n\n\n<figure class=\"wp-block-image\"><img loading=\"lazy\" decoding=\"async\" width=\"932\" height=\"575\" data-attachment-id=\"90075\" data-permalink=\"https:\/\/www.hoymercedes.com.ar\/principal\/2019\/03\/25\/se-llevo-a-cabo-la-8-fiesta-del-arraigo-en-agote\/dsc_0015-5\/#main\" data-orig-file=\"https:\/\/www.hoymercedes.com.ar\/principal\/wp-content\/uploads\/2019\/03\/DSC_0015.jpg\" data-orig-size=\"932,575\" data-comments-opened=\"0\" data-image-meta=\"{&quot;aperture&quot;:&quot;0&quot;,&quot;credit&quot;:&quot;&quot;,&quot;camera&quot;:&quot;&quot;,&quot;caption&quot;:&quot;&quot;,&quot;created_timestamp&quot;:&quot;0&quot;,&quot;copyright&quot;:&quot;&quot;,&quot;focal_length&quot;:&quot;0&quot;,&quot;iso&quot;:&quot;0&quot;,&quot;shutter_speed&quot;:&quot;0&quot;,&quot;title&quot;:&quot;&quot;,&quot;orientation&quot;:&quot;0&quot;}\" data-image-title=\"FiestaddelArraigo\" data-image-description=\"\" data-image-caption=\"\" data-large-file=\"https:\/\/www.hoymercedes.com.ar\/principal\/wp-content\/uploads\/2019\/03\/DSC_0015.jpg\" src=\"https:\/\/www.hoymercedes.com.ar\/principal\/wp-content\/uploads\/2019\/03\/DSC_0015.jpg\" alt=\"\" class=\"wp-image-90075\" srcset=\"https:\/\/www.hoymercedes.com.ar\/principal\/wp-content\/uploads\/2019\/03\/DSC_0015.jpg 932w, https:\/\/www.hoymercedes.com.ar\/principal\/wp-content\/uploads\/2019\/03\/DSC_0015-150x93.jpg 150w, https:\/\/www.hoymercedes.com.ar\/principal\/wp-content\/uploads\/2019\/03\/DSC_0015-630x389.jpg 630w\" sizes=\"auto, (max-width: 932px) 100vw, 932px\" \/><\/figure>\n\n\n\n<p>Por su parte, el jefe comunal, Dr Juan Ignacio Ustarroz, afirm\u00f3 que \u201choy se ve que el arraigo es una realidad. Que \u00e9sta comunidad ha trabajado en unir y tejer v\u00ednculos de una manera extraordinaria, donde debemos felicitarlos y agradecerles no s\u00f3lo por esta fiesta, sino por demostrar que el concepto de comunidad vale la pena\u201d coment\u00f3 y reafirm\u00f3 que \u201ces una emoci\u00f3n muy grande ver a nuestros paisanos comprometidos fiesta tras fiestas, las escuelas de danza, al Club Deportivo Gowland Agote, al CEF, a cada vecino\u201d y coment\u00f3 que \u201cel desarrollo de los pueblos es impulsando el inter\u00e9s y la vocaci\u00f3n que existe siempre genuinamente en ellos. No hubiera club deportivo Gowland Agote sin un pu\u00f1ado de gente que empez\u00f3 a trabajar para ello, convocando a los chicos y familias desde el coraz\u00f3n. Luego viene el Estado a promover esa pol\u00edtica. No habr\u00eda una delegaci\u00f3n municipal sin un pueblo que se organiza, que peticiona, que demanda. Hoy estamos construyendo la escuela Las Carquejas y digo estamos porque lo hace toda la comunidad, no el Municipio, porque se apoyan las iniciativas de los docentes, los padres y los mismos chicos y chicas. Realmente el analizar el contexto y ver la crisis que atravesamos como pa\u00eds se ve que hay que ir a lo simple, lo cercano, los sentimientos, la cultura, las tradiciones, para poder llevar adelante una mejor forma de vivir que es siempre entre todos\u201d.<\/p>\n\n\n\n<figure class=\"wp-block-image\"><img loading=\"lazy\" decoding=\"async\" width=\"864\" height=\"576\" data-attachment-id=\"90076\" data-permalink=\"https:\/\/www.hoymercedes.com.ar\/principal\/2019\/03\/25\/se-llevo-a-cabo-la-8-fiesta-del-arraigo-en-agote\/dsc_0059\/#main\" data-orig-file=\"https:\/\/www.hoymercedes.com.ar\/principal\/wp-content\/uploads\/2019\/03\/DSC_0059.jpg\" data-orig-size=\"864,576\" data-comments-opened=\"0\" data-image-meta=\"{&quot;aperture&quot;:&quot;0&quot;,&quot;credit&quot;:&quot;&quot;,&quot;camera&quot;:&quot;&quot;,&quot;caption&quot;:&quot;&quot;,&quot;created_timestamp&quot;:&quot;0&quot;,&quot;copyright&quot;:&quot;&quot;,&quot;focal_length&quot;:&quot;0&quot;,&quot;iso&quot;:&quot;0&quot;,&quot;shutter_speed&quot;:&quot;0&quot;,&quot;title&quot;:&quot;&quot;,&quot;orientation&quot;:&quot;0&quot;}\" data-image-title=\"DSC_0059\" data-image-description=\"\" data-image-caption=\"\" data-large-file=\"https:\/\/www.hoymercedes.com.ar\/principal\/wp-content\/uploads\/2019\/03\/DSC_0059.jpg\" src=\"https:\/\/www.hoymercedes.com.ar\/principal\/wp-content\/uploads\/2019\/03\/DSC_0059.jpg\" alt=\"\" class=\"wp-image-90076\" srcset=\"https:\/\/www.hoymercedes.com.ar\/principal\/wp-content\/uploads\/2019\/03\/DSC_0059.jpg 864w, https:\/\/www.hoymercedes.com.ar\/principal\/wp-content\/uploads\/2019\/03\/DSC_0059-150x100.jpg 150w, https:\/\/www.hoymercedes.com.ar\/principal\/wp-content\/uploads\/2019\/03\/DSC_0059-630x420.jpg 630w, https:\/\/www.hoymercedes.com.ar\/principal\/wp-content\/uploads\/2019\/03\/DSC_0059-720x480.jpg 720w, https:\/\/www.hoymercedes.com.ar\/principal\/wp-content\/uploads\/2019\/03\/DSC_0059-360x240.jpg 360w\" sizes=\"auto, (max-width: 864px) 100vw, 864px\" \/><figcaption>Comisi\u00f3n organizadora <\/figcaption><\/figure>\n\n\n\n<p><strong>Satisfacci\u00f3n<\/strong><\/p>\n\n\n\n<p>La Comisi\u00f3n organizadora se mostr\u00f3 muy satisfecha por la gran cantidad de p\u00fablico asistente, especialmente el domingo, donde la jornada se vivi\u00f3 a pleno. <\/p>\n\n\n\n<figure class=\"wp-block-image\"><img loading=\"lazy\" decoding=\"async\" width=\"864\" height=\"576\" data-attachment-id=\"90079\" data-permalink=\"https:\/\/www.hoymercedes.com.ar\/principal\/2019\/03\/25\/se-llevo-a-cabo-la-8-fiesta-del-arraigo-en-agote\/dsc_0104\/#main\" data-orig-file=\"https:\/\/www.hoymercedes.com.ar\/principal\/wp-content\/uploads\/2019\/03\/DSC_0104.jpg\" data-orig-size=\"864,576\" data-comments-opened=\"0\" data-image-meta=\"{&quot;aperture&quot;:&quot;0&quot;,&quot;credit&quot;:&quot;&quot;,&quot;camera&quot;:&quot;&quot;,&quot;caption&quot;:&quot;&quot;,&quot;created_timestamp&quot;:&quot;0&quot;,&quot;copyright&quot;:&quot;&quot;,&quot;focal_length&quot;:&quot;0&quot;,&quot;iso&quot;:&quot;0&quot;,&quot;shutter_speed&quot;:&quot;0&quot;,&quot;title&quot;:&quot;&quot;,&quot;orientation&quot;:&quot;0&quot;}\" data-image-title=\"DSC_0104\" data-image-description=\"\" data-image-caption=\"\" data-large-file=\"https:\/\/www.hoymercedes.com.ar\/principal\/wp-content\/uploads\/2019\/03\/DSC_0104.jpg\" src=\"https:\/\/www.hoymercedes.com.ar\/principal\/wp-content\/uploads\/2019\/03\/DSC_0104.jpg\" alt=\"\" class=\"wp-image-90079\" srcset=\"https:\/\/www.hoymercedes.com.ar\/principal\/wp-content\/uploads\/2019\/03\/DSC_0104.jpg 864w, https:\/\/www.hoymercedes.com.ar\/principal\/wp-content\/uploads\/2019\/03\/DSC_0104-150x100.jpg 150w, https:\/\/www.hoymercedes.com.ar\/principal\/wp-content\/uploads\/2019\/03\/DSC_0104-630x420.jpg 630w, https:\/\/www.hoymercedes.com.ar\/principal\/wp-content\/uploads\/2019\/03\/DSC_0104-720x480.jpg 720w, https:\/\/www.hoymercedes.com.ar\/principal\/wp-content\/uploads\/2019\/03\/DSC_0104-360x240.jpg 360w\" sizes=\"auto, (max-width: 864px) 100vw, 864px\" \/><\/figure>\n","protected":false},"excerpt":{"rendered":"<p>En la localidad de Agote se llev\u00f3 a cabo la 8va Fiesta del Arraigo. Hubo m\u00faltiples atractivos en dos jornadas &#8230; <a title=\"Se llev\u00f3 a cabo la 8\u00b0 Fiesta del Arraigo en Agote\" class=\"read-more\" href=\"https:\/\/www.hoymercedes.com.ar\/principal\/2019\/03\/25\/se-llevo-a-cabo-la-8-fiesta-del-arraigo-en-agote\/\" aria-label=\"Leer m\u00e1s sobre Se llev\u00f3 a cabo la 8\u00b0 Fiesta del Arraigo en Agote\">Leer m\u00e1s<\/a><\/p>\n","protected":false},"author":1,"featured_media":90075,"comment_status":"closed","ping_status":"open","sticky":false,"template":"","format":"standard","meta":{"_monsterinsights_skip_tracking":false,"_monsterinsights_sitenote_active":false,"_monsterinsights_sitenote_note":"","_monsterinsights_sitenote_category":0,"jetpack_post_was_ever_published":false,"_jetpack_newsletter_access":"","_jetpack_dont_email_post_to_subs":false,"_jetpack_newsletter_tier_id":0,"_jetpack_memberships_contains_paywalled_content":false,"_jetpack_memberships_contains_paid_content":false,"footnotes":"","jetpack_publicize_message":"","jetpack_publicize_feature_enabled":true,"jetpack_social_post_already_shared":true,"jetpack_social_options":{"image_generator_settings":{"template":"highway","default_image_id":0,"font":"","enabled":false},"version":2},"_wpas_customize_per_network":false},"categories":[8],"tags":[1981,14695],"class_list":["post-90073","post","type-post","status-publish","format-standard","has-post-thumbnail","hentry","category-sociedad","tag-agote","tag-fiesta-del-arraigo-2019","generate-columns","tablet-grid-50","mobile-grid-100","grid-parent","grid-50"],"jetpack_publicize_connections":[],"jetpack_featured_media_url":"https:\/\/www.hoymercedes.com.ar\/principal\/wp-content\/uploads\/2019\/03\/DSC_0015.jpg","wps_subtitle":"Fiestas Populares","jetpack_sharing_enabled":true,"_links":{"self":[{"href":"https:\/\/www.hoymercedes.com.ar\/principal\/wp-json\/wp\/v2\/posts\/90073","targetHints":{"allow":["GET"]}}],"collection":[{"href":"https:\/\/www.hoymercedes.com.ar\/principal\/wp-json\/wp\/v2\/posts"}],"about":[{"href":"https:\/\/www.hoymercedes.com.ar\/principal\/wp-json\/wp\/v2\/types\/post"}],"author":[{"embeddable":true,"href":"https:\/\/www.hoymercedes.com.ar\/principal\/wp-json\/wp\/v2\/users\/1"}],"replies":[{"embeddable":true,"href":"https:\/\/www.hoymercedes.com.ar\/principal\/wp-json\/wp\/v2\/comments?post=90073"}],"version-history":[{"count":0,"href":"https:\/\/www.hoymercedes.com.ar\/principal\/wp-json\/wp\/v2\/posts\/90073\/revisions"}],"wp:featuredmedia":[{"embeddable":true,"href":"https:\/\/www.hoymercedes.com.ar\/principal\/wp-json\/wp\/v2\/media\/90075"}],"wp:attachment":[{"href":"https:\/\/www.hoymercedes.com.ar\/principal\/wp-json\/wp\/v2\/media?parent=90073"}],"wp:term":[{"taxonomy":"category","embeddable":true,"href":"https:\/\/www.hoymercedes.com.ar\/principal\/wp-json\/wp\/v2\/categories?post=90073"},{"taxonomy":"post_tag","embeddable":true,"href":"https:\/\/www.hoymercedes.com.ar\/principal\/wp-json\/wp\/v2\/tags?post=90073"}],"curies":[{"name":"wp","href":"https:\/\/api.w.org\/{rel}","templated":true}]}}