{"id":90084,"date":"2019-03-25T12:51:45","date_gmt":"2019-03-25T15:51:45","guid":{"rendered":"http:\/\/www.hoymercedes.com.ar\/principal\/?p=90084"},"modified":"2019-03-25T15:52:33","modified_gmt":"2019-03-25T18:52:33","slug":"inauguran-biblioteca-de-campana-tras-concurso-en-arquitectos","status":"publish","type":"post","link":"https:\/\/www.hoymercedes.com.ar\/principal\/2019\/03\/25\/inauguran-biblioteca-de-campana-tras-concurso-en-arquitectos\/","title":{"rendered":"Inauguran Biblioteca de Campana tras concurso en Arquitectos"},"content":{"rendered":"\n<p>Los primeros d\u00edas del mes de marzo en la localidad de Campana se inaugur\u00f3 la nueva Biblioteca Municipal de dicha ciudad. Biblioteca construida tras el Concurso internacional organizado por el Distrito 5 del Colegio de Arquitectos de la Provincia de Buenos Aires. <\/p>\n\n\n\n<figure class=\"wp-block-image\"><img loading=\"lazy\" decoding=\"async\" width=\"750\" height=\"592\" data-attachment-id=\"90085\" data-permalink=\"https:\/\/www.hoymercedes.com.ar\/principal\/2019\/03\/25\/inauguran-biblioteca-de-campana-tras-concurso-en-arquitectos\/25-biblioteca-arquitectos\/#main\" data-orig-file=\"https:\/\/www.hoymercedes.com.ar\/principal\/wp-content\/uploads\/2019\/03\/25-biblioteca-arquitectos.jpg\" data-orig-size=\"750,592\" data-comments-opened=\"0\" data-image-meta=\"{&quot;aperture&quot;:&quot;0&quot;,&quot;credit&quot;:&quot;&quot;,&quot;camera&quot;:&quot;&quot;,&quot;caption&quot;:&quot;&quot;,&quot;created_timestamp&quot;:&quot;0&quot;,&quot;copyright&quot;:&quot;&quot;,&quot;focal_length&quot;:&quot;0&quot;,&quot;iso&quot;:&quot;0&quot;,&quot;shutter_speed&quot;:&quot;0&quot;,&quot;title&quot;:&quot;&quot;,&quot;orientation&quot;:&quot;0&quot;}\" data-image-title=\"25 biblioteca arquitectos\" data-image-description=\"\" data-image-caption=\"\" data-large-file=\"https:\/\/www.hoymercedes.com.ar\/principal\/wp-content\/uploads\/2019\/03\/25-biblioteca-arquitectos.jpg\" src=\"https:\/\/www.hoymercedes.com.ar\/principal\/wp-content\/uploads\/2019\/03\/25-biblioteca-arquitectos.jpg\" alt=\"\" class=\"wp-image-90085\" srcset=\"https:\/\/www.hoymercedes.com.ar\/principal\/wp-content\/uploads\/2019\/03\/25-biblioteca-arquitectos.jpg 750w, https:\/\/www.hoymercedes.com.ar\/principal\/wp-content\/uploads\/2019\/03\/25-biblioteca-arquitectos-150x118.jpg 150w, https:\/\/www.hoymercedes.com.ar\/principal\/wp-content\/uploads\/2019\/03\/25-biblioteca-arquitectos-630x497.jpg 630w\" sizes=\"auto, (max-width: 750px) 100vw, 750px\" \/><\/figure>\n\n\n\n<p>El Presidente del Distrito 5 del Colegio de Arquitectos de la Provincia de Buenos Aires, Arq. Jorge Alberto Garc\u00eda, explic\u00f3 que el edificio resulta del Concurso Internacional de Anteproyectos organizado por la instituci\u00f3n. \u00abEs imprescindible que tanto la ciudadan\u00eda como los Gobiernos municipales, comprendan que los concursos de Arquitectura son una herramienta de gesti\u00f3n fundamental porque garantizan la transparencia y la efectividad en el uso de los recursos econ\u00f3micos aportados por los vecinos\u201d.<\/p>\n\n\n\n<p>\u201cEsta metodolog\u00eda propuesta por el Distrito 5, acerca el Colegio de Arquitectos a los Municipios, los cuales con una sola inversi\u00f3n tienen acceso a varias opciones de proyectos destinados al uso p\u00fablico e intervenir en el veredicto final conjuntamente con arquitectos de gran trayectoria\u00bb, agrega el titular del Colegio de Arquitectos de la regi\u00f3n<\/p>\n\n\n\n<p>\u201cEs muy importante que un Proyecto premiado por Concurso se construya, porque no s\u00f3lo le da seriedad a esta herramienta y trabajo a quienes lo realizaron, sino tambi\u00e9n, le proveen en este caso a la ciudad de Campana, un edificio de una complejidad program\u00e1tica tal, que solo puede resolverse mediante el ejercicio de la Arquitectura\u201d, agreg\u00f3 Garc\u00eda sobre los proyectos presentados en este concurso en particular que tuvo como ganadores a los arquitectos Carballo, Errasti y Huespe.<\/p>\n\n\n\n<p><\/p>\n","protected":false},"excerpt":{"rendered":"<p>Los primeros d\u00edas del mes de marzo en la localidad de Campana se inaugur\u00f3 la nueva Biblioteca Municipal de dicha &#8230; <a title=\"Inauguran Biblioteca de Campana tras concurso en Arquitectos\" class=\"read-more\" href=\"https:\/\/www.hoymercedes.com.ar\/principal\/2019\/03\/25\/inauguran-biblioteca-de-campana-tras-concurso-en-arquitectos\/\" aria-label=\"Leer m\u00e1s sobre Inauguran Biblioteca de Campana tras concurso en Arquitectos\">Leer m\u00e1s<\/a><\/p>\n","protected":false},"author":1,"featured_media":90085,"comment_status":"closed","ping_status":"open","sticky":false,"template":"","format":"standard","meta":{"_monsterinsights_skip_tracking":false,"_monsterinsights_sitenote_active":false,"_monsterinsights_sitenote_note":"","_monsterinsights_sitenote_category":0,"jetpack_post_was_ever_published":false,"_jetpack_newsletter_access":"","_jetpack_dont_email_post_to_subs":false,"_jetpack_newsletter_tier_id":0,"_jetpack_memberships_contains_paywalled_content":false,"_jetpack_memberships_contains_paid_content":false,"footnotes":"","jetpack_publicize_message":"","jetpack_publicize_feature_enabled":true,"jetpack_social_post_already_shared":true,"jetpack_social_options":{"image_generator_settings":{"template":"highway","default_image_id":0,"font":"","enabled":false},"version":2},"_wpas_customize_per_network":false},"categories":[5501],"tags":[14701,12902,6816,9248],"class_list":["post-90084","post","type-post","status-publish","format-standard","has-post-thumbnail","hentry","category-region","tag-biblioteca-campana","tag-campeon-regional","tag-colegio-de-arquitectos","tag-inauguracion","generate-columns","tablet-grid-50","mobile-grid-100","grid-parent","grid-50"],"jetpack_publicize_connections":[],"jetpack_featured_media_url":"https:\/\/www.hoymercedes.com.ar\/principal\/wp-content\/uploads\/2019\/03\/25-biblioteca-arquitectos.jpg","wps_subtitle":"","jetpack_sharing_enabled":true,"_links":{"self":[{"href":"https:\/\/www.hoymercedes.com.ar\/principal\/wp-json\/wp\/v2\/posts\/90084","targetHints":{"allow":["GET"]}}],"collection":[{"href":"https:\/\/www.hoymercedes.com.ar\/principal\/wp-json\/wp\/v2\/posts"}],"about":[{"href":"https:\/\/www.hoymercedes.com.ar\/principal\/wp-json\/wp\/v2\/types\/post"}],"author":[{"embeddable":true,"href":"https:\/\/www.hoymercedes.com.ar\/principal\/wp-json\/wp\/v2\/users\/1"}],"replies":[{"embeddable":true,"href":"https:\/\/www.hoymercedes.com.ar\/principal\/wp-json\/wp\/v2\/comments?post=90084"}],"version-history":[{"count":0,"href":"https:\/\/www.hoymercedes.com.ar\/principal\/wp-json\/wp\/v2\/posts\/90084\/revisions"}],"wp:featuredmedia":[{"embeddable":true,"href":"https:\/\/www.hoymercedes.com.ar\/principal\/wp-json\/wp\/v2\/media\/90085"}],"wp:attachment":[{"href":"https:\/\/www.hoymercedes.com.ar\/principal\/wp-json\/wp\/v2\/media?parent=90084"}],"wp:term":[{"taxonomy":"category","embeddable":true,"href":"https:\/\/www.hoymercedes.com.ar\/principal\/wp-json\/wp\/v2\/categories?post=90084"},{"taxonomy":"post_tag","embeddable":true,"href":"https:\/\/www.hoymercedes.com.ar\/principal\/wp-json\/wp\/v2\/tags?post=90084"}],"curies":[{"name":"wp","href":"https:\/\/api.w.org\/{rel}","templated":true}]}}