{"id":90087,"date":"2019-03-25T10:31:46","date_gmt":"2019-03-25T13:31:46","guid":{"rendered":"http:\/\/www.hoymercedes.com.ar\/principal\/?p=90087"},"modified":"2019-03-25T10:36:44","modified_gmt":"2019-03-25T13:36:44","slug":"de-club-mercedes-mitre-de-san-pedro-y-atletico-las-campanas-sale-el-mejor-tercero","status":"publish","type":"post","link":"https:\/\/www.hoymercedes.com.ar\/principal\/2019\/03\/25\/de-club-mercedes-mitre-de-san-pedro-y-atletico-las-campanas-sale-el-mejor-tercero\/","title":{"rendered":"De Club Mercedes, Mitre de San Pedro y Atl\u00e9tico Las Campanas sale el mejor tercero"},"content":{"rendered":"\n<p>Si bien la mayor\u00eda de los partidos de la Regi\u00f3n Pampeana Norte se jugaron el s\u00e1bado, este domingo se disput\u00f3 uno de importancia para Club Mercedes, ya que jugaron Mitre de San Pedro y Uni\u00f3n Deportiva General Rojo, de San Nicol\u00e1s, dos de los equipos que pelean por clasificar como segundo en la Zona 4 o ser el mejor tercero.<\/p>\n\n\n\n<div class=\"wp-block-image\"><figure class=\"aligncenter\"><img loading=\"lazy\" decoding=\"async\" width=\"483\" height=\"333\" data-attachment-id=\"90088\" data-permalink=\"https:\/\/www.hoymercedes.com.ar\/principal\/2019\/03\/25\/de-club-mercedes-mitre-de-san-pedro-y-atletico-las-campanas-sale-el-mejor-tercero\/gerardo-sosa\/#main\" data-orig-file=\"https:\/\/www.hoymercedes.com.ar\/principal\/wp-content\/uploads\/2019\/03\/Gerardo-Sosa.jpg\" data-orig-size=\"483,333\" data-comments-opened=\"0\" data-image-meta=\"{&quot;aperture&quot;:&quot;10&quot;,&quot;credit&quot;:&quot;&quot;,&quot;camera&quot;:&quot;Canon EOS 7D Mark II&quot;,&quot;caption&quot;:&quot;&quot;,&quot;created_timestamp&quot;:&quot;1553360899&quot;,&quot;copyright&quot;:&quot;&quot;,&quot;focal_length&quot;:&quot;140&quot;,&quot;iso&quot;:&quot;500&quot;,&quot;shutter_speed&quot;:&quot;0.001&quot;,&quot;title&quot;:&quot;&quot;,&quot;orientation&quot;:&quot;1&quot;}\" data-image-title=\"Gerardo Sosa\" data-image-description=\"\" data-image-caption=\"\" data-large-file=\"https:\/\/www.hoymercedes.com.ar\/principal\/wp-content\/uploads\/2019\/03\/Gerardo-Sosa.jpg\" src=\"https:\/\/www.hoymercedes.com.ar\/principal\/wp-content\/uploads\/2019\/03\/Gerardo-Sosa.jpg\" alt=\"\" class=\"wp-image-90088\" srcset=\"https:\/\/www.hoymercedes.com.ar\/principal\/wp-content\/uploads\/2019\/03\/Gerardo-Sosa.jpg 483w, https:\/\/www.hoymercedes.com.ar\/principal\/wp-content\/uploads\/2019\/03\/Gerardo-Sosa-150x103.jpg 150w\" sizes=\"auto, (max-width: 483px) 100vw, 483px\" \/><\/figure><\/div>\n\n\n\n<p>El conjunto sampedrino estaba como segundo en su zona, pero empat\u00f3 contra Sarmiento de Z\u00e1rate, otro que pugnaba por ser mejor tercero. Por su parte General Rojo derrot\u00f3 por la m\u00ednima a Sportivo Baradero, l\u00edder y ya clasificado. Con estos resultados, Mitre cay\u00f3 al tercer puesto y los nicole\u00f1os ascendieron al segundo y s\u00f3lo los separa un punto de diferencia.<\/p>\n\n\n\n<p>La particularidad de estos dos es que se enfrentan entre s\u00ed en la \u00faltima fecha, lo que a Club Mercedes le sirve para aspirar a la clasificaci\u00f3n m\u00e1s all\u00e1 de que en la pelea est\u00e1 Atl\u00e9tico Las Campanas.<\/p>\n\n\n\n<p>Las posibilidades son las siguientes:<\/p>\n\n\n\n<ol class=\"wp-block-list\"><li>Si Club Mercedes vence a Trocha, clasifica sin importar el resultado de la Zona 4 ni el de los campanenses.<\/li><li>Si Club Mercedes empata, llega a 12 puntos. Deber\u00e1 esperar que Atl\u00e9tico Las Campanas no gane y que termine en empate Mitre Vs. General Rojo. Entonces, los nicole\u00f1os clasificar\u00e1n segundos en su zona y el Blanquinegro pasar\u00e1 por diferencia de gol, ya que tiene +4 y Mitre 0.<\/li><li>Si Club Mercedes pierde, deber\u00e1 esperar que Atl\u00e9tico Las Campanas no gane y s\u00ed lo haga General Rojo. Si se dan estos resultados, Mercedes todav\u00eda tendr\u00e1 chances hasta tener peor diferencia de gol que Mitre (hoy 4 de distancia).<\/li><\/ol>\n\n\n\n<div class=\"wp-block-image\"><figure class=\"aligncenter\"><img loading=\"lazy\" decoding=\"async\" width=\"526\" height=\"111\" data-attachment-id=\"90089\" data-permalink=\"https:\/\/www.hoymercedes.com.ar\/principal\/2019\/03\/25\/de-club-mercedes-mitre-de-san-pedro-y-atletico-las-campanas-sale-el-mejor-tercero\/terceros-4\/#main\" data-orig-file=\"https:\/\/www.hoymercedes.com.ar\/principal\/wp-content\/uploads\/2019\/03\/Terceros-2.png\" data-orig-size=\"526,111\" data-comments-opened=\"0\" data-image-meta=\"{&quot;aperture&quot;:&quot;0&quot;,&quot;credit&quot;:&quot;&quot;,&quot;camera&quot;:&quot;&quot;,&quot;caption&quot;:&quot;&quot;,&quot;created_timestamp&quot;:&quot;0&quot;,&quot;copyright&quot;:&quot;&quot;,&quot;focal_length&quot;:&quot;0&quot;,&quot;iso&quot;:&quot;0&quot;,&quot;shutter_speed&quot;:&quot;0&quot;,&quot;title&quot;:&quot;&quot;,&quot;orientation&quot;:&quot;0&quot;}\" data-image-title=\"Terceros\" data-image-description=\"\" data-image-caption=\"\" data-large-file=\"https:\/\/www.hoymercedes.com.ar\/principal\/wp-content\/uploads\/2019\/03\/Terceros-2.png\" src=\"https:\/\/www.hoymercedes.com.ar\/principal\/wp-content\/uploads\/2019\/03\/Terceros-2.png\" alt=\"\" class=\"wp-image-90089\" srcset=\"https:\/\/www.hoymercedes.com.ar\/principal\/wp-content\/uploads\/2019\/03\/Terceros-2.png 526w, https:\/\/www.hoymercedes.com.ar\/principal\/wp-content\/uploads\/2019\/03\/Terceros-2-150x32.png 150w, https:\/\/www.hoymercedes.com.ar\/principal\/wp-content\/uploads\/2019\/03\/Terceros-2-520x111.png 520w\" sizes=\"auto, (max-width: 526px) 100vw, 526px\" \/><\/figure><\/div>\n\n\n\n<p><strong>Los clasificados<\/strong><\/p>\n\n\n\n<p>Ya son 9 los equipos con el pasaje a octavos de final, entre ellos, los dos rivales de Mercedes: El Front\u00f3n de San Andr\u00e9s de Giles y Bragado Club, que pugnar\u00e1n por ser el 1 en la \u00faltima fecha. Bragado visitando al eliminado Sportsman y El Front\u00f3n esperando porque queda libre. El resto de los equipos son El Linque\u00f1o de Lincoln, Sportivo Baradero, ADIP de Gonnet, Everton de La Plata y los tres de la Zona 6, que ya est\u00e1 resuelta: Independiente de Chivilcoy, Deportivo Malvinas de Adolfo Sordeaux y Monterrey de Presidente Derqui.<\/p>\n","protected":false},"excerpt":{"rendered":"<p>Si bien la mayor\u00eda de los partidos de la Regi\u00f3n Pampeana Norte se jugaron el s\u00e1bado, este domingo se disput\u00f3 &#8230; <a title=\"De Club Mercedes, Mitre de San Pedro y Atl\u00e9tico Las Campanas sale el mejor tercero\" class=\"read-more\" href=\"https:\/\/www.hoymercedes.com.ar\/principal\/2019\/03\/25\/de-club-mercedes-mitre-de-san-pedro-y-atletico-las-campanas-sale-el-mejor-tercero\/\" aria-label=\"Leer m\u00e1s sobre De Club Mercedes, Mitre de San Pedro y Atl\u00e9tico Las Campanas sale el mejor tercero\">Leer m\u00e1s<\/a><\/p>\n","protected":false},"author":1,"featured_media":90088,"comment_status":"closed","ping_status":"open","sticky":false,"template":"","format":"standard","meta":{"_monsterinsights_skip_tracking":false,"_monsterinsights_sitenote_active":false,"_monsterinsights_sitenote_note":"","_monsterinsights_sitenote_category":0,"jetpack_post_was_ever_published":false,"_jetpack_newsletter_access":"","_jetpack_dont_email_post_to_subs":false,"_jetpack_newsletter_tier_id":0,"_jetpack_memberships_contains_paywalled_content":false,"_jetpack_memberships_contains_paid_content":false,"footnotes":"","jetpack_publicize_message":"","jetpack_publicize_feature_enabled":true,"jetpack_social_post_already_shared":true,"jetpack_social_options":{"image_generator_settings":{"template":"highway","default_image_id":0,"font":"","enabled":false},"version":2},"_wpas_customize_per_network":false},"categories":[21],"tags":[11591,14608],"class_list":["post-90087","post","type-post","status-publish","format-standard","has-post-thumbnail","hentry","category-deportes","tag-bragado-club","tag-mitre-san-pedro","generate-columns","tablet-grid-50","mobile-grid-100","grid-parent","grid-50"],"jetpack_publicize_connections":[],"jetpack_featured_media_url":"https:\/\/www.hoymercedes.com.ar\/principal\/wp-content\/uploads\/2019\/03\/Gerardo-Sosa.jpg","wps_subtitle":"Regional Amateur","jetpack_sharing_enabled":true,"_links":{"self":[{"href":"https:\/\/www.hoymercedes.com.ar\/principal\/wp-json\/wp\/v2\/posts\/90087","targetHints":{"allow":["GET"]}}],"collection":[{"href":"https:\/\/www.hoymercedes.com.ar\/principal\/wp-json\/wp\/v2\/posts"}],"about":[{"href":"https:\/\/www.hoymercedes.com.ar\/principal\/wp-json\/wp\/v2\/types\/post"}],"author":[{"embeddable":true,"href":"https:\/\/www.hoymercedes.com.ar\/principal\/wp-json\/wp\/v2\/users\/1"}],"replies":[{"embeddable":true,"href":"https:\/\/www.hoymercedes.com.ar\/principal\/wp-json\/wp\/v2\/comments?post=90087"}],"version-history":[{"count":0,"href":"https:\/\/www.hoymercedes.com.ar\/principal\/wp-json\/wp\/v2\/posts\/90087\/revisions"}],"wp:featuredmedia":[{"embeddable":true,"href":"https:\/\/www.hoymercedes.com.ar\/principal\/wp-json\/wp\/v2\/media\/90088"}],"wp:attachment":[{"href":"https:\/\/www.hoymercedes.com.ar\/principal\/wp-json\/wp\/v2\/media?parent=90087"}],"wp:term":[{"taxonomy":"category","embeddable":true,"href":"https:\/\/www.hoymercedes.com.ar\/principal\/wp-json\/wp\/v2\/categories?post=90087"},{"taxonomy":"post_tag","embeddable":true,"href":"https:\/\/www.hoymercedes.com.ar\/principal\/wp-json\/wp\/v2\/tags?post=90087"}],"curies":[{"name":"wp","href":"https:\/\/api.w.org\/{rel}","templated":true}]}}