{"id":90092,"date":"2019-03-25T11:30:59","date_gmt":"2019-03-25T14:30:59","guid":{"rendered":"http:\/\/www.hoymercedes.com.ar\/principal\/?p=90092"},"modified":"2019-03-25T11:31:05","modified_gmt":"2019-03-25T14:31:05","slug":"en-primera-division-se-jugo-la-primera-fecha-interzonal-y-velez-ateneo-y-juventud-suman-seis-puntos","status":"publish","type":"post","link":"https:\/\/www.hoymercedes.com.ar\/principal\/2019\/03\/25\/en-primera-division-se-jugo-la-primera-fecha-interzonal-y-velez-ateneo-y-juventud-suman-seis-puntos\/","title":{"rendered":"En Primera Divisi\u00f3n se jug\u00f3 la primera fecha interzonal y V\u00e9lez, Ateneo y Juventud suman seis puntos"},"content":{"rendered":"\n<p>Se jug\u00f3 la segunda fecha del torneo de Primera Divisi\u00f3n de la Liga Mercedina con la particularidad que fue la primera de las interzonales. Este torneo, dividido en cuatro grupos, tendr\u00e1 la particularidad que todos se medir\u00e1n una vez con los de las otras zonas, mientras que entre los de los mismos grupos jugar\u00e1n dos veces.<\/p>\n\n\n\n<p>Se destaca un empate, entre Quilmes y El Tim\u00f3n, y las victorias de Ateneo, V\u00e9lez, Juventud, AMEFIP y Col\u00f3n, mientras se espera que este martes se pongan al d\u00eda Estudiantes Vs. Club Mercedes y luego se reprogramen Holanda vs. Trocha, Atl\u00e9tico Marcos Paz vs. Pabell\u00f3n Argentino y Costa Brava vs. El Front\u00f3n y el \u00fanico que qued\u00f3 libre fue Palometas.<\/p>\n\n\n\n<p><strong>La Diego Armando 0:<\/strong>\u00a0V\u00edctor Clavero, Gonzalo Duberti, Sergio Chaparro, Nicol\u00e1s Vargas, Pablo Gorosito, Juan Asenso, Daniel Becerra, Federico Del Bianco, Ramiro Podrizani, Lucas Atampi y Franco Trofelli.\u00a0<strong>DT:<\/strong>\u00a0Maximiliano Can\u00e9.<br><strong>Ateneo de la Juventud 1:<\/strong>\u00a0Agust\u00edn Ramos, Joaqu\u00edn Mendiola, Jonatan Medina, Santiago Chen, Nicol\u00e1s P\u00e9rez, Manuel Bigongiari, Lucio Ojeda, Nicol\u00e1s Ram\u00edrez, Angel Pucheta, Ger\u00f3nimo Puricelli y Gino Jadra Tau.\u00a0<strong>DT:<\/strong>\u00a0Mario Morales.\u00a0<strong>Suplentes:<\/strong>\u00a0Camilo Andreoli, Agust\u00edn Silva, Diego Gorosito y Daniel Conenna.<br><strong>Gol:<\/strong> Nicol\u00e1s P\u00e9rez para Ateneo.<br><strong>Cambios:<\/strong>\u00a0Lautaro Torre por Nicol\u00e1s P\u00e9rez, Adam Chaparro por Gino Jadra Tau y Mauro Filippini por Lucio Ojeda en Ateneo. Mart\u00edn Escobedo por Franco Trofelli, Maximiliano Manurini por Ramiro Padrizani y Gabriel Cejas por Nicol\u00e1s Vargas en Diego Armando.<br><strong>Arbitro:\u00a0<\/strong>Germ\u00e1n Gauna (AAM). <\/p>\n\n\n\n<p><strong>Uni\u00f3n 0:<\/strong>\u00a0Fabricio L\u00f3pez, Luis Lizardo, Juan Lescano, Juan Ojeda, Maximiliano Defelippe, Leonel Gim\u00e9nez, Maximiliano Arzani, Erik Tust, Ibar Sena, Jonathan Quiroga y Federico Barcos.\u00a0<strong>DT:<\/strong>\u00a0Ariel Antunes.\u00a0<strong>Suplentes:<\/strong>\u00a0Jos\u00e9 Giovanoli, Francisco Furriol, Ezequiel Godoy, Juan Bondanza, Marcelo Calder\u00f3n y Diego Romero.<br><strong>Col\u00f3n 3:<\/strong>\u00a0Iv\u00e1n Noy, Jos\u00e9 Peralta, Tob\u00edas Cuberas, Gonzalo Espinosa, Hugo Bordi, Luciano L\u00f3pez, Federico Marrafeiro, Osvaldo Ferraro, Juan Tiberi, Dar\u00edo Ag\u00fcero y Jerem\u00edas Rey.\u00a0<strong>DT:<\/strong>\u00a0Fernando Mainelli.\u00a0<strong>Suplentes:<\/strong>\u00a0Ramiro Fern\u00e1ndez, Mart\u00edn rey, Lusardi y Fernando Dom\u00ednguez.<br><strong>Goles:<\/strong>\u00a0Tob\u00edas Cuberas, Hugo Bordi y Federico Marrafeiro para Col\u00f3n. <\/p>\n\n\n\n<p><strong>El Tim\u00f3n 1:<\/strong>\u00a0Agust\u00edn Giacoia, Diego Asensos, Cristian Re, Gustavo Saavedra, Patricio De Diego, Sebasti\u00e1n Sala, Pablo Barbieri, Jerem\u00edas Souble, Juan Lagrecca, Juan Rolandelli y Mat\u00edas S\u00e1nchez.\u00a0<strong>DT:<\/strong>\u00a0Diego Aranda.\u00a0<strong>Suplentes:<\/strong>\u00a0Pablo Michell, Federico Monz\u00f3n, Ariel Giacovino, Alan Krenz, Nicol\u00e1s Lecce y Ra\u00fal Medone.<br><strong>Quilmes 1:<\/strong>\u00a0Pablo Fontana, Mariano Carretero, Mat\u00edas Uviz, Nicol\u00e1s Mansilla, Facundo Quiroga, Osvaldo Morales, Lucas Nocetti, Loza, Alejandro Cardozo, Jonathan L\u00f3pez y Agust\u00edn Cobello.\u00a0<strong>DT:<\/strong>\u00a0Cristian Coccaro.\u00a0<strong>Suplentes:<\/strong>\u00a0Mateo Miranda, Nicol\u00e1s G\u00f3mez, Dami\u00e1n paj\u00f3n, Nicol\u00e1s Paniagua y Sebasti\u00e1n Mu\u00f1oz.<br><strong>Gol:<\/strong>\u00a0Sebasti\u00e1n Sala para El Tim\u00f3n y Jonathan L\u00f3pez para Quilmes.<br><strong>Arbitro:<\/strong>\u00a0Eduardo Aguirre (AAM). <\/p>\n\n\n\n<p><strong>AMEFIP San Mart\u00edn 1:<\/strong>\u00a0Maximiliano Gim\u00e9nez, Lucas Blanco, Juli\u00e1n Galardo, Ezequiel Ramos, Dar\u00edo Guti\u00e9rrez, Cristian Salvatierra, Carlos Ram\u00edrez, Juan Gonz\u00e1lez, Federico Amaya, Enzo Cobuccio y Cristian Pedrazza.\u00a0<strong>DT:<\/strong>\u00a0Jonathan Can\u00e9.\u00a0<strong>Suplentes:<\/strong>\u00a0Lucas Ladebesse, Walter Paj\u00f3n y Marcos Camargo.<br><strong>Defensores Juniors 0:<\/strong>\u00a0Diego Aveda\u00f1o, Mart\u00edn Ag\u00fcero, Ignacio Romero, Brandon Fern\u00e1ndez, Agust\u00edn Cherso, Jonathan Cuello, Juan Vargas, Leonardo Rettori, Braian Lucero, Miguel Cherso y Bernardo Cantero.\u00a0<strong>DT:<\/strong>\u00a0Oscar Altuna.\u00a0<strong>Suplente:<\/strong>\u00a0Ariel Cejas.<br><strong>Gol:<\/strong> Ezequiel Ramos para AMEFIP San Mart\u00edn.<br><strong>Cambios:<\/strong>\u00a0Javier Ram\u00edrez por Juan Gonz\u00e1lez y Enzo Mendoza por Carlos Ram\u00edrez en AMEFP San Mart\u00edn. Jonathan Freites por Leonardo Rettori, Santiago Gonz\u00e1lez por Jonathan Cuello y Mart\u00edn Altuna por Agust\u00edn Cherso en Defensores Juniors.<br><strong>Arbitro:<\/strong>\u00a0Ernesto Callegari (SADRA). <\/p>\n\n\n\n<p><strong>Talleres Payr\u00f3 1:<\/strong>\u00a0Marcos Garc\u00eda, Lucas Islas, Alexander Achucarro, Mat\u00edas Candadosa, Cristian Gonz\u00e1lez, Dami\u00e1n Giacovino, Fernando Naldini, Mario Acosta, Fabricio Saban, Yoel Kucharki y Hern\u00e1n Avalos.\u00a0<strong>DT:<\/strong>\u00a0Javier Debiase.\u00a0<strong>Suplente:<\/strong>\u00a0Leandro Vidal y Emanuel Francis.<br><strong>Juventud de Suipacha 2:<\/strong>\u00a0Nahuel Guich\u00f3n, Mart\u00edn Carretto, Juan Mes\u00eda, Bladimir Gonz\u00e1lez, Sim\u00f3n Lawler, Federico Clarac, Joaqu\u00edn J\u00e1uregui, Joaqu\u00edn Sosa, Felipe Tabossi, Mauro Correa y Mat\u00edas Correa.\u00a0<strong>DT:<\/strong>\u00a0I\u00f1aki Darritchon.\u00a0<strong>Suplentes:<\/strong>\u00a0Angel Cabrera, Vicente Bernal,\u00a0 Juan Calvo y Juan Zamabrano.<br><strong>Goles:<\/strong>  Mat\u00edas Candadosa para Talleres. Mat\u00edas Correa y Felipe Tabossi para Juventud.<br><strong>Cambios:<\/strong>\u00a0Juan Massochiodi por Yoel Kucharki en Comunicaciones. Hern\u00e1n Carreto por Joaqu\u00edn J\u00e1uregui, Juan Mullen por Bladimir Gonz\u00e1lez y Ezequiel Rojas por Mat\u00edas Correa en Juventud.<br><strong>Arbitro:<\/strong>\u00a0Javier Mihura (SADRA). <\/p>\n\n\n\n<p><strong>Los Carteros FC 1:<\/strong>\u00a0David Br\u00edsoliz, Juli\u00e1n Ag\u00fcero, Pedro Gonz\u00e1lez, Blas Alcaraz, Cristian Santana, Jonathan Bartolomeo, Mart\u00edn Zuleta, Laureano torres, Wilson Alcaraz, Germ\u00e1n Lucero y Neri Lazarte.\u00a0<strong>DT:<\/strong>\u00a0Carlos Molina.\u00a0<strong>Suplentes:<\/strong>\u00a0Mat\u00edas Ag\u00fcero y Emanuel Giles.<br><strong>V\u00e9lez Sarsfield 2:<\/strong>\u00a0Mat\u00edas Ram\u00edrez, Alvaro D\u00edaz, Miguel Maldonado, Daniel Jara, Maximiliano Lettieri, Santiago Gonz\u00e1lez, Jonathan Torre, Rodolfo Aquino, Nicol\u00e1s Bartolomeo, Dante D\u00edaz y Gabriel Maldonado.\u00a0<strong>DT:<\/strong>\u00a0Ernesto Ballesteros.\u00a0<strong>Suplentes:<\/strong>\u00a0Lucas Rosito y Edward Doria.<strong><br>Goles:<\/strong> Mat\u00edas Ram\u00edrez y Rodolfo Aquino para V\u00e9lez. Neri<br>Lazarte para Los Carteros.<br><strong>Cambios:<\/strong>\u00a0Jonathan Paj\u00f3n por Pedro Gonz\u00e1lez, Jerem\u00edas Paj\u00f3n por Jonathan Bartolomeo y Nicol\u00e1s Santana por Cristian Santana en Los Carteros. Agust\u00edn De Anchaval por Maximiliano Lettieri, Ariel Mu\u00f1oz por Dante D\u00edaz en V\u00e9lez.<br><strong>Arbitro:<\/strong>\u00a0Franco Prieto (SADRA). <\/p>\n\n\n\n<p><em><strong>Martes 26 de marzo, cancha Liga Mercedina<\/strong><\/em><br>19:30 hs. \u2013 RESERVA- Mercedes Vs. Estudiantes<br>21:15 hs. -PRIMERA- Mercedes Vs. Estudiantes <\/p>\n\n\n\n<div class=\"wp-block-image\"><figure class=\"aligncenter\"><img loading=\"lazy\" decoding=\"async\" width=\"757\" height=\"730\" data-attachment-id=\"90094\" data-permalink=\"https:\/\/www.hoymercedes.com.ar\/principal\/2019\/03\/25\/en-primera-division-se-jugo-la-primera-fecha-interzonal-y-velez-ateneo-y-juventud-suman-seis-puntos\/primera-liga-pos-4\/#main\" data-orig-file=\"https:\/\/www.hoymercedes.com.ar\/principal\/wp-content\/uploads\/2019\/03\/PRIMERA-LIGA-POS-3.png\" data-orig-size=\"757,730\" data-comments-opened=\"0\" data-image-meta=\"{&quot;aperture&quot;:&quot;0&quot;,&quot;credit&quot;:&quot;&quot;,&quot;camera&quot;:&quot;&quot;,&quot;caption&quot;:&quot;&quot;,&quot;created_timestamp&quot;:&quot;0&quot;,&quot;copyright&quot;:&quot;&quot;,&quot;focal_length&quot;:&quot;0&quot;,&quot;iso&quot;:&quot;0&quot;,&quot;shutter_speed&quot;:&quot;0&quot;,&quot;title&quot;:&quot;&quot;,&quot;orientation&quot;:&quot;0&quot;}\" data-image-title=\"PRIMERA LIGA POS\" data-image-description=\"\" data-image-caption=\"\" data-large-file=\"https:\/\/www.hoymercedes.com.ar\/principal\/wp-content\/uploads\/2019\/03\/PRIMERA-LIGA-POS-3.png\" src=\"https:\/\/www.hoymercedes.com.ar\/principal\/wp-content\/uploads\/2019\/03\/PRIMERA-LIGA-POS-3.png\" alt=\"\" class=\"wp-image-90094\" srcset=\"https:\/\/www.hoymercedes.com.ar\/principal\/wp-content\/uploads\/2019\/03\/PRIMERA-LIGA-POS-3.png 757w, https:\/\/www.hoymercedes.com.ar\/principal\/wp-content\/uploads\/2019\/03\/PRIMERA-LIGA-POS-3-150x145.png 150w, https:\/\/www.hoymercedes.com.ar\/principal\/wp-content\/uploads\/2019\/03\/PRIMERA-LIGA-POS-3-630x608.png 630w\" sizes=\"auto, (max-width: 757px) 100vw, 757px\" \/><\/figure><\/div>\n\n\n\n<div class=\"wp-block-image\"><figure class=\"aligncenter\"><img loading=\"lazy\" decoding=\"async\" width=\"312\" height=\"794\" data-attachment-id=\"90095\" data-permalink=\"https:\/\/www.hoymercedes.com.ar\/principal\/2019\/03\/25\/en-primera-division-se-jugo-la-primera-fecha-interzonal-y-velez-ateneo-y-juventud-suman-seis-puntos\/goles-liga-pri-2\/#main\" data-orig-file=\"https:\/\/www.hoymercedes.com.ar\/principal\/wp-content\/uploads\/2019\/03\/Goles-LIGA-PRI-1.png\" data-orig-size=\"312,794\" data-comments-opened=\"0\" data-image-meta=\"{&quot;aperture&quot;:&quot;0&quot;,&quot;credit&quot;:&quot;&quot;,&quot;camera&quot;:&quot;&quot;,&quot;caption&quot;:&quot;&quot;,&quot;created_timestamp&quot;:&quot;0&quot;,&quot;copyright&quot;:&quot;&quot;,&quot;focal_length&quot;:&quot;0&quot;,&quot;iso&quot;:&quot;0&quot;,&quot;shutter_speed&quot;:&quot;0&quot;,&quot;title&quot;:&quot;&quot;,&quot;orientation&quot;:&quot;0&quot;}\" data-image-title=\"Goles LIGA PRI\" data-image-description=\"\" data-image-caption=\"\" data-large-file=\"https:\/\/www.hoymercedes.com.ar\/principal\/wp-content\/uploads\/2019\/03\/Goles-LIGA-PRI-1.png\" src=\"https:\/\/www.hoymercedes.com.ar\/principal\/wp-content\/uploads\/2019\/03\/Goles-LIGA-PRI-1.png\" alt=\"\" class=\"wp-image-90095\" srcset=\"https:\/\/www.hoymercedes.com.ar\/principal\/wp-content\/uploads\/2019\/03\/Goles-LIGA-PRI-1.png 312w, https:\/\/www.hoymercedes.com.ar\/principal\/wp-content\/uploads\/2019\/03\/Goles-LIGA-PRI-1-59x150.png 59w, https:\/\/www.hoymercedes.com.ar\/principal\/wp-content\/uploads\/2019\/03\/Goles-LIGA-PRI-1-244x620.png 244w\" sizes=\"auto, (max-width: 312px) 100vw, 312px\" \/><\/figure><\/div>\n","protected":false},"excerpt":{"rendered":"<p>Se jug\u00f3 la segunda fecha del torneo de Primera Divisi\u00f3n de la Liga Mercedina con la particularidad que fue la &#8230; <a title=\"En Primera Divisi\u00f3n se jug\u00f3 la primera fecha interzonal y V\u00e9lez, Ateneo y Juventud suman seis puntos\" class=\"read-more\" href=\"https:\/\/www.hoymercedes.com.ar\/principal\/2019\/03\/25\/en-primera-division-se-jugo-la-primera-fecha-interzonal-y-velez-ateneo-y-juventud-suman-seis-puntos\/\" aria-label=\"Leer m\u00e1s sobre En Primera Divisi\u00f3n se jug\u00f3 la primera fecha interzonal y V\u00e9lez, Ateneo y Juventud suman seis puntos\">Leer m\u00e1s<\/a><\/p>\n","protected":false},"author":1,"featured_media":90094,"comment_status":"closed","ping_status":"open","sticky":false,"template":"","format":"standard","meta":{"_monsterinsights_skip_tracking":false,"_monsterinsights_sitenote_active":false,"_monsterinsights_sitenote_note":"","_monsterinsights_sitenote_category":0,"jetpack_post_was_ever_published":false,"_jetpack_newsletter_access":"","_jetpack_dont_email_post_to_subs":false,"_jetpack_newsletter_tier_id":0,"_jetpack_memberships_contains_paywalled_content":false,"_jetpack_memberships_contains_paid_content":false,"footnotes":"","jetpack_publicize_message":"","jetpack_publicize_feature_enabled":true,"jetpack_social_post_already_shared":true,"jetpack_social_options":{"image_generator_settings":{"template":"highway","default_image_id":0,"font":"","enabled":false},"version":2},"_wpas_customize_per_network":false},"categories":[21],"tags":[413],"class_list":["post-90092","post","type-post","status-publish","format-standard","has-post-thumbnail","hentry","category-deportes","tag-liga-mercedina-de-futbol","generate-columns","tablet-grid-50","mobile-grid-100","grid-parent","grid-50"],"jetpack_publicize_connections":[],"jetpack_featured_media_url":"https:\/\/www.hoymercedes.com.ar\/principal\/wp-content\/uploads\/2019\/03\/PRIMERA-LIGA-POS-3.png","wps_subtitle":"Liga Mercedina","jetpack_sharing_enabled":true,"_links":{"self":[{"href":"https:\/\/www.hoymercedes.com.ar\/principal\/wp-json\/wp\/v2\/posts\/90092","targetHints":{"allow":["GET"]}}],"collection":[{"href":"https:\/\/www.hoymercedes.com.ar\/principal\/wp-json\/wp\/v2\/posts"}],"about":[{"href":"https:\/\/www.hoymercedes.com.ar\/principal\/wp-json\/wp\/v2\/types\/post"}],"author":[{"embeddable":true,"href":"https:\/\/www.hoymercedes.com.ar\/principal\/wp-json\/wp\/v2\/users\/1"}],"replies":[{"embeddable":true,"href":"https:\/\/www.hoymercedes.com.ar\/principal\/wp-json\/wp\/v2\/comments?post=90092"}],"version-history":[{"count":0,"href":"https:\/\/www.hoymercedes.com.ar\/principal\/wp-json\/wp\/v2\/posts\/90092\/revisions"}],"wp:featuredmedia":[{"embeddable":true,"href":"https:\/\/www.hoymercedes.com.ar\/principal\/wp-json\/wp\/v2\/media\/90094"}],"wp:attachment":[{"href":"https:\/\/www.hoymercedes.com.ar\/principal\/wp-json\/wp\/v2\/media?parent=90092"}],"wp:term":[{"taxonomy":"category","embeddable":true,"href":"https:\/\/www.hoymercedes.com.ar\/principal\/wp-json\/wp\/v2\/categories?post=90092"},{"taxonomy":"post_tag","embeddable":true,"href":"https:\/\/www.hoymercedes.com.ar\/principal\/wp-json\/wp\/v2\/tags?post=90092"}],"curies":[{"name":"wp","href":"https:\/\/api.w.org\/{rel}","templated":true}]}}