{"id":90114,"date":"2019-03-25T15:09:55","date_gmt":"2019-03-25T18:09:55","guid":{"rendered":"http:\/\/www.hoymercedes.com.ar\/principal\/?p=90114"},"modified":"2019-03-25T17:27:42","modified_gmt":"2019-03-25T20:27:42","slug":"fallecio-el-profesor-ricardo-tabossi","status":"publish","type":"post","link":"https:\/\/www.hoymercedes.com.ar\/principal\/2019\/03\/25\/fallecio-el-profesor-ricardo-tabossi\/","title":{"rendered":"Falleci\u00f3 el Profesor Ricardo Tabossi"},"content":{"rendered":"\n<p>Profesor de Historia e historiador de los or\u00edgenes e instituciones de Mercedes, el Profesor Ricardo Tabossi falleci\u00f3 este lunes luego de una larga dolencia que lo ten\u00eda internado en el Policl\u00ednico Docente en la ciudad de Buenos Aires. Sus restos ser\u00e1n velados en la casa velatoria de calle 22 N\u00b0 891 y habr\u00e1 una misa con cuerpo presente el martes 26, 10 horas, en la Iglesia Catedral. <\/p>\n\n\n\n<figure class=\"wp-block-image\"><img loading=\"lazy\" decoding=\"async\" width=\"750\" height=\"500\" data-attachment-id=\"90115\" data-permalink=\"https:\/\/www.hoymercedes.com.ar\/principal\/2019\/03\/25\/fallecio-el-profesor-ricardo-tabossi\/25-tabossi\/#main\" data-orig-file=\"https:\/\/www.hoymercedes.com.ar\/principal\/wp-content\/uploads\/2019\/03\/25-tabossi.jpg\" data-orig-size=\"750,500\" data-comments-opened=\"0\" data-image-meta=\"{&quot;aperture&quot;:&quot;2&quot;,&quot;credit&quot;:&quot;&quot;,&quot;camera&quot;:&quot;Moto G (5S) Plus&quot;,&quot;caption&quot;:&quot;&quot;,&quot;created_timestamp&quot;:&quot;1538160751&quot;,&quot;copyright&quot;:&quot;&quot;,&quot;focal_length&quot;:&quot;3.59&quot;,&quot;iso&quot;:&quot;1231&quot;,&quot;shutter_speed&quot;:&quot;0.05&quot;,&quot;title&quot;:&quot;&quot;,&quot;orientation&quot;:&quot;1&quot;}\" data-image-title=\"25 tabossi\" data-image-description=\"\" data-image-caption=\"\" data-large-file=\"https:\/\/www.hoymercedes.com.ar\/principal\/wp-content\/uploads\/2019\/03\/25-tabossi.jpg\" src=\"https:\/\/www.hoymercedes.com.ar\/principal\/wp-content\/uploads\/2019\/03\/25-tabossi.jpg\" alt=\"\" class=\"wp-image-90115\" srcset=\"https:\/\/www.hoymercedes.com.ar\/principal\/wp-content\/uploads\/2019\/03\/25-tabossi.jpg 750w, https:\/\/www.hoymercedes.com.ar\/principal\/wp-content\/uploads\/2019\/03\/25-tabossi-150x100.jpg 150w, https:\/\/www.hoymercedes.com.ar\/principal\/wp-content\/uploads\/2019\/03\/25-tabossi-630x420.jpg 630w, https:\/\/www.hoymercedes.com.ar\/principal\/wp-content\/uploads\/2019\/03\/25-tabossi-720x480.jpg 720w, https:\/\/www.hoymercedes.com.ar\/principal\/wp-content\/uploads\/2019\/03\/25-tabossi-360x240.jpg 360w\" sizes=\"auto, (max-width: 750px) 100vw, 750px\" \/><\/figure>\n\n\n\n<p>Licenciado en Historia Argentina y Americana. Docente en los\ntres niveles, secundario, terciario y universitario. Investigador hist\u00f3rico con\nt\u00edtulos para la historia de la frontera y pueblos de la&nbsp; provincia de\nBuenos Aires. <\/p>\n\n\n\n<p>Fue Primer Premio en el Noveno Concurso de Monograf\u00edas\nIn\u00e9ditas sobre la Historia de los Pueblos de la Provincia de Buenos Aires, por\nel Archivo Hist\u00f3rico de la Provincia \u00abRicardo Levene\u00bb, 1987. <\/p>\n\n\n\n<p>Recientemente present\u00f3 un libro sobre la historia de la Iglesia\nSan Luis que present\u00f3 all\u00ed mismo relacion\u00e1ndola con la historia y fundaci\u00f3n de\nla ciudad de Mercedes cuando lleg\u00f3 la Valerosa a la plaza frente a la iglesia. <\/p>\n","protected":false},"excerpt":{"rendered":"<p>Profesor de Historia e historiador de los or\u00edgenes e instituciones de Mercedes, el Profesor Ricardo Tabossi falleci\u00f3 este lunes luego &#8230; <a title=\"Falleci\u00f3 el Profesor Ricardo Tabossi\" class=\"read-more\" href=\"https:\/\/www.hoymercedes.com.ar\/principal\/2019\/03\/25\/fallecio-el-profesor-ricardo-tabossi\/\" aria-label=\"Leer m\u00e1s sobre Falleci\u00f3 el Profesor Ricardo Tabossi\">Leer m\u00e1s<\/a><\/p>\n","protected":false},"author":1,"featured_media":90115,"comment_status":"closed","ping_status":"open","sticky":false,"template":"","format":"standard","meta":{"_monsterinsights_skip_tracking":false,"_monsterinsights_sitenote_active":false,"_monsterinsights_sitenote_note":"","_monsterinsights_sitenote_category":0,"jetpack_post_was_ever_published":false,"_jetpack_newsletter_access":"","_jetpack_dont_email_post_to_subs":false,"_jetpack_newsletter_tier_id":0,"_jetpack_memberships_contains_paywalled_content":false,"_jetpack_memberships_contains_paid_content":false,"footnotes":"","jetpack_publicize_message":"","jetpack_publicize_feature_enabled":true,"jetpack_social_post_already_shared":true,"jetpack_social_options":{"image_generator_settings":{"template":"highway","default_image_id":0,"font":"","enabled":false},"version":2},"_wpas_customize_per_network":false},"categories":[8],"tags":[7805,8777,11123],"class_list":["post-90114","post","type-post","status-publish","format-standard","has-post-thumbnail","hentry","category-sociedad","tag-cultura","tag-fallecimiento","tag-historiador","generate-columns","tablet-grid-50","mobile-grid-100","grid-parent","grid-50"],"jetpack_publicize_connections":[],"jetpack_featured_media_url":"https:\/\/www.hoymercedes.com.ar\/principal\/wp-content\/uploads\/2019\/03\/25-tabossi.jpg","wps_subtitle":"","jetpack_sharing_enabled":true,"_links":{"self":[{"href":"https:\/\/www.hoymercedes.com.ar\/principal\/wp-json\/wp\/v2\/posts\/90114","targetHints":{"allow":["GET"]}}],"collection":[{"href":"https:\/\/www.hoymercedes.com.ar\/principal\/wp-json\/wp\/v2\/posts"}],"about":[{"href":"https:\/\/www.hoymercedes.com.ar\/principal\/wp-json\/wp\/v2\/types\/post"}],"author":[{"embeddable":true,"href":"https:\/\/www.hoymercedes.com.ar\/principal\/wp-json\/wp\/v2\/users\/1"}],"replies":[{"embeddable":true,"href":"https:\/\/www.hoymercedes.com.ar\/principal\/wp-json\/wp\/v2\/comments?post=90114"}],"version-history":[{"count":0,"href":"https:\/\/www.hoymercedes.com.ar\/principal\/wp-json\/wp\/v2\/posts\/90114\/revisions"}],"wp:featuredmedia":[{"embeddable":true,"href":"https:\/\/www.hoymercedes.com.ar\/principal\/wp-json\/wp\/v2\/media\/90115"}],"wp:attachment":[{"href":"https:\/\/www.hoymercedes.com.ar\/principal\/wp-json\/wp\/v2\/media?parent=90114"}],"wp:term":[{"taxonomy":"category","embeddable":true,"href":"https:\/\/www.hoymercedes.com.ar\/principal\/wp-json\/wp\/v2\/categories?post=90114"},{"taxonomy":"post_tag","embeddable":true,"href":"https:\/\/www.hoymercedes.com.ar\/principal\/wp-json\/wp\/v2\/tags?post=90114"}],"curies":[{"name":"wp","href":"https:\/\/api.w.org\/{rel}","templated":true}]}}