{"id":90133,"date":"2019-03-25T23:37:03","date_gmt":"2019-03-26T02:37:03","guid":{"rendered":"http:\/\/www.hoymercedes.com.ar\/principal\/?p=90133"},"modified":"2019-03-26T23:18:46","modified_gmt":"2019-03-27T02:18:46","slug":"el-reconocido-academico-atilio-boron-dara-una-charla-en-mercedes%ef%bb%bf","status":"publish","type":"post","link":"https:\/\/www.hoymercedes.com.ar\/principal\/2019\/03\/25\/el-reconocido-academico-atilio-boron-dara-una-charla-en-mercedes%ef%bb%bf\/","title":{"rendered":"El reconocido acad\u00e9mico Atilio Bor\u00f3n dar\u00e1 una charla en Mercedes\ufeff"},"content":{"rendered":"\n<p><br><\/p>\n\n\n\n<figure class=\"wp-block-image\"><img loading=\"lazy\" decoding=\"async\" width=\"765\" height=\"510\" data-attachment-id=\"90134\" data-permalink=\"https:\/\/www.hoymercedes.com.ar\/principal\/2019\/03\/25\/el-reconocido-academico-atilio-boron-dara-una-charla-en-mercedes%ef%bb%bf\/atilio-boron-765x510\/#main\" data-orig-file=\"https:\/\/www.hoymercedes.com.ar\/principal\/wp-content\/uploads\/2019\/03\/ATILIO-BORON-765x510.jpg\" data-orig-size=\"765,510\" data-comments-opened=\"0\" data-image-meta=\"{&quot;aperture&quot;:&quot;0&quot;,&quot;credit&quot;:&quot;&quot;,&quot;camera&quot;:&quot;&quot;,&quot;caption&quot;:&quot;&quot;,&quot;created_timestamp&quot;:&quot;0&quot;,&quot;copyright&quot;:&quot;&quot;,&quot;focal_length&quot;:&quot;0&quot;,&quot;iso&quot;:&quot;0&quot;,&quot;shutter_speed&quot;:&quot;0&quot;,&quot;title&quot;:&quot;&quot;,&quot;orientation&quot;:&quot;0&quot;}\" data-image-title=\"ATILIO-BORON-765&amp;#215;510\" data-image-description=\"\" data-image-caption=\"\" data-large-file=\"https:\/\/www.hoymercedes.com.ar\/principal\/wp-content\/uploads\/2019\/03\/ATILIO-BORON-765x510.jpg\" src=\"https:\/\/www.hoymercedes.com.ar\/principal\/wp-content\/uploads\/2019\/03\/ATILIO-BORON-765x510.jpg\" alt=\"\" class=\"wp-image-90134\" srcset=\"https:\/\/www.hoymercedes.com.ar\/principal\/wp-content\/uploads\/2019\/03\/ATILIO-BORON-765x510.jpg 765w, https:\/\/www.hoymercedes.com.ar\/principal\/wp-content\/uploads\/2019\/03\/ATILIO-BORON-765x510-150x100.jpg 150w, https:\/\/www.hoymercedes.com.ar\/principal\/wp-content\/uploads\/2019\/03\/ATILIO-BORON-765x510-630x420.jpg 630w, https:\/\/www.hoymercedes.com.ar\/principal\/wp-content\/uploads\/2019\/03\/ATILIO-BORON-765x510-720x480.jpg 720w, https:\/\/www.hoymercedes.com.ar\/principal\/wp-content\/uploads\/2019\/03\/ATILIO-BORON-765x510-360x240.jpg 360w\" sizes=\"auto, (max-width: 765px) 100vw, 765px\" \/><figcaption>Atilio Bor\u00f3n en Mercedes <\/figcaption><\/figure>\n\n\n\n<p>Este viernes 29 de marzo se estar\u00e1 realizando en el Complejo Cultural La Trocha una Conferencia Magistral a las 19:00 en la que participar\u00e1 Atilio Bor\u00f3n, reconocido soci\u00f3logo y polit\u00f3logo argentino de renombre internacional. El evento marco es el lanzamiento del IEM (Instituto Mercedino para la gobernabilidad) donde a su vez, Alejo Brignole, uno de los impulsores de este instituto -vecino de nuestra ciudad- presentar\u00e1 su libro \u201cBases para un Desarrollo Confrontado\u201d. La entrada para este evento es libre y gratuita. &nbsp;&nbsp;<\/p>\n\n\n\n<p>Alejo Brignole, uno de los art\u00edfices de este singular evento en nuestra ciudad, destac\u00f3 \u201ctenemos la fortuna y el honor de que Atilio Boron, qui\u00e9n es reconocido y consultado a nivel mundial, pueda venir a Mercedes a dar una charla\u201d<\/p>\n\n\n\n<p>Adem\u00e1s, se\u00f1al\u00f3 \u201chemos invitado tambi\u00e9n al intendente Juan Ignacio Ustarroz, quien nos ha facilitado la realizaci\u00f3n de este triple evento, por lo cual, le estamos muy agradecidos\u201d.&nbsp;<\/p>\n\n\n\n<p><strong>ATILIO BOR\u00d3N<\/strong><\/p>\n\n\n\n<p>La conferencia se titula \u201cArgentina neoliberalismo y los desaf\u00edos estrat\u00e9gicos del siglo 21\u201d.<\/p>\n\n\n\n<p>Esta personalidad a nivel internacional, que se har\u00e1 presente este viernes, es soci\u00f3logo y polit\u00f3logo, tiene un doctorado en ciencia Pol\u00edtica en la Universidad de Harvard. Fue durante 9 a\u00f1os, hasta 2006, Secretario Ejecutivo del Consejo Latinoamericano de Ciencias Sociales (CLACSO). Profesor de Teor\u00eda Pol\u00edtica y Social, en la Facultad de Ciencias Sociales de la Universidad de Buenos Aires desde 1986, y es tambi\u00e9n, investigador superior del CONICET y director del PLED (Programa Latinoamericano de Educaci\u00f3n a Distancia en Ciencias Sociales).<\/p>\n\n\n\n<p><strong>LANZAMIENTO DEL IEM<\/strong><\/p>\n\n\n\n<p>\u201cLo integran un grupo de vecinos de la ciudad de Mercedes, inquieta por la pol\u00edtica y la necesidad que hay de participar para colaborar, de alguna manera, con una mejor gesti\u00f3n\u201d explic\u00f3 Alejo Brignole y a\u00f1adi\u00f3 \u201cla idea es que sea un usina de ideas para pensar la realidad mercedina, y que sea un canal entre la gente y el gobierno -cualquiera sea su signo pol\u00edtico- donde se viabilicen inquietudes y se generen proyectos\u201d.<\/p>\n\n\n\n<p><strong>PRESENTACI\u00d3N<\/strong><\/p>\n\n\n\n<p>Es un libro que ya circula por Latinoam\u00e9rica, a\u00fan no mucho por nuestro pa\u00eds \u201cla tesis principal del libro es que Am\u00e9rica Latina tiene que entender qu\u00e9 lugar juega dentro del esquema mundial\u201d explic\u00f3 Brignole y apunt\u00f3 \u201call\u00ed, ensayo algunas nuevos conceptos y estrategias que han sido motivo de art\u00edculos en diversos medios latinoamericanos\u201d.<\/p>\n\n\n\n<p>El libro lleva el t\u00edtulo\u00bbManual de Guerra del Buen Latinoamericano\u00bb y este viernes ser\u00e1 una buena oportunidad para interiorizarse en la propuesta del autor.  <\/p>\n\n\n\n<p>Fuente: IEM<\/p>\n","protected":false},"excerpt":{"rendered":"<p>Este viernes 29 de marzo se estar\u00e1 realizando en el Complejo Cultural La Trocha una Conferencia Magistral a las 19:00 en la que participar\u00e1 Atilio Bor\u00f3n, reconocido soci\u00f3logo y polit\u00f3logo argentino de renombre internacional<\/p>\n","protected":false},"author":1,"featured_media":90134,"comment_status":"closed","ping_status":"open","sticky":false,"template":"","format":"standard","meta":{"_monsterinsights_skip_tracking":false,"_monsterinsights_sitenote_active":false,"_monsterinsights_sitenote_note":"","_monsterinsights_sitenote_category":0,"jetpack_post_was_ever_published":false,"_jetpack_newsletter_access":"","_jetpack_dont_email_post_to_subs":false,"_jetpack_newsletter_tier_id":0,"_jetpack_memberships_contains_paywalled_content":false,"_jetpack_memberships_contains_paid_content":false,"footnotes":"","jetpack_publicize_message":"","jetpack_publicize_feature_enabled":true,"jetpack_social_post_already_shared":true,"jetpack_social_options":{"image_generator_settings":{"template":"highway","default_image_id":0,"font":"","enabled":false},"version":2},"_wpas_customize_per_network":false},"categories":[8],"tags":[14703],"class_list":["post-90133","post","type-post","status-publish","format-standard","has-post-thumbnail","hentry","category-sociedad","tag-atilio-boron","generate-columns","tablet-grid-50","mobile-grid-100","grid-parent","grid-50"],"jetpack_publicize_connections":[],"jetpack_featured_media_url":"https:\/\/www.hoymercedes.com.ar\/principal\/wp-content\/uploads\/2019\/03\/ATILIO-BORON-765x510.jpg","wps_subtitle":"Charlas y debates","jetpack_sharing_enabled":true,"_links":{"self":[{"href":"https:\/\/www.hoymercedes.com.ar\/principal\/wp-json\/wp\/v2\/posts\/90133","targetHints":{"allow":["GET"]}}],"collection":[{"href":"https:\/\/www.hoymercedes.com.ar\/principal\/wp-json\/wp\/v2\/posts"}],"about":[{"href":"https:\/\/www.hoymercedes.com.ar\/principal\/wp-json\/wp\/v2\/types\/post"}],"author":[{"embeddable":true,"href":"https:\/\/www.hoymercedes.com.ar\/principal\/wp-json\/wp\/v2\/users\/1"}],"replies":[{"embeddable":true,"href":"https:\/\/www.hoymercedes.com.ar\/principal\/wp-json\/wp\/v2\/comments?post=90133"}],"version-history":[{"count":0,"href":"https:\/\/www.hoymercedes.com.ar\/principal\/wp-json\/wp\/v2\/posts\/90133\/revisions"}],"wp:featuredmedia":[{"embeddable":true,"href":"https:\/\/www.hoymercedes.com.ar\/principal\/wp-json\/wp\/v2\/media\/90134"}],"wp:attachment":[{"href":"https:\/\/www.hoymercedes.com.ar\/principal\/wp-json\/wp\/v2\/media?parent=90133"}],"wp:term":[{"taxonomy":"category","embeddable":true,"href":"https:\/\/www.hoymercedes.com.ar\/principal\/wp-json\/wp\/v2\/categories?post=90133"},{"taxonomy":"post_tag","embeddable":true,"href":"https:\/\/www.hoymercedes.com.ar\/principal\/wp-json\/wp\/v2\/tags?post=90133"}],"curies":[{"name":"wp","href":"https:\/\/api.w.org\/{rel}","templated":true}]}}