{"id":90153,"date":"2019-03-26T09:28:35","date_gmt":"2019-03-26T12:28:35","guid":{"rendered":"http:\/\/www.hoymercedes.com.ar\/principal\/?p=90153"},"modified":"2019-03-26T09:33:39","modified_gmt":"2019-03-26T12:33:39","slug":"sin-heridos-familia-mercedina-colisiono-en-ruta-5","status":"publish","type":"post","link":"https:\/\/www.hoymercedes.com.ar\/principal\/2019\/03\/26\/sin-heridos-familia-mercedina-colisiono-en-ruta-5\/","title":{"rendered":"Sin heridos: Familia mercedina colision\u00f3 en ruta 5"},"content":{"rendered":"\n<p>Se produjo en el kil\u00f3metros 168. Fue protagonizado por una familia mercedina, que dijo haber sido encerrada por un cami\u00f3n.<\/p>\n\n\n\n<figure class=\"wp-block-image\"><img loading=\"lazy\" decoding=\"async\" width=\"620\" height=\"349\" data-attachment-id=\"90154\" data-permalink=\"https:\/\/www.hoymercedes.com.ar\/principal\/2019\/03\/26\/sin-heridos-familia-mercedina-colisiono-en-ruta-5\/26-choque-r5\/#main\" data-orig-file=\"https:\/\/www.hoymercedes.com.ar\/principal\/wp-content\/uploads\/2019\/03\/26-choque-R5.jpg\" data-orig-size=\"620,349\" data-comments-opened=\"0\" data-image-meta=\"{&quot;aperture&quot;:&quot;0&quot;,&quot;credit&quot;:&quot;&quot;,&quot;camera&quot;:&quot;&quot;,&quot;caption&quot;:&quot;&quot;,&quot;created_timestamp&quot;:&quot;0&quot;,&quot;copyright&quot;:&quot;&quot;,&quot;focal_length&quot;:&quot;0&quot;,&quot;iso&quot;:&quot;0&quot;,&quot;shutter_speed&quot;:&quot;0&quot;,&quot;title&quot;:&quot;&quot;,&quot;orientation&quot;:&quot;0&quot;}\" data-image-title=\"26 choque R5\" data-image-description=\"\" data-image-caption=\"\" data-large-file=\"https:\/\/www.hoymercedes.com.ar\/principal\/wp-content\/uploads\/2019\/03\/26-choque-R5.jpg\" src=\"https:\/\/www.hoymercedes.com.ar\/principal\/wp-content\/uploads\/2019\/03\/26-choque-R5.jpg\" alt=\"\" class=\"wp-image-90154\" srcset=\"https:\/\/www.hoymercedes.com.ar\/principal\/wp-content\/uploads\/2019\/03\/26-choque-R5.jpg 620w, https:\/\/www.hoymercedes.com.ar\/principal\/wp-content\/uploads\/2019\/03\/26-choque-R5-150x84.jpg 150w\" sizes=\"auto, (max-width: 620px) 100vw, 620px\" \/><\/figure>\n\n\n\n<p>Si bien las informaciones recogidas en el lugar del hecho no pudieron ser certeras, m\u00e1s all\u00e1 de los comentarios de los primeros autos que se detuvieron al ver lo ocurrido, en la noche de ayer, un matrimonio y una nena de dos a\u00f1os fueron protagonistas de una colisi\u00f3n, que afortunadamente no provocaron lesiones de consideraci\u00f3n en ninguno de los tres.<\/p>\n\n\n\n<p>Aparentemente la camioneta Honda color azul, patente FWQ 102 tripulada por tres personas: una joven pareja y una ni\u00f1a de dos a\u00f1os habr\u00eda sido encerrada por un cami\u00f3n y otro veh\u00edculo, perdiendo el control de la unidad, y quedando detenida en la banquina derecha.<\/p>\n\n\n\n<p>Ante la situaci\u00f3n los primeros automovilistas convocaron al 911 chivilcoyano, que asisti\u00f3 con una ambulancia de la MultiAgencia, personal de la polic\u00eda y tres unidades con 15 hombres del Cuerpo de Bomberos Voluntarios, quienes asistieron en forma r\u00e1pida a los protagonistas, derivados al Hospital Municipal, para un control m\u00e1s profesional.<\/p>\n\n\n\n<p>El hecho ocurri\u00f3 alrededor de las 21 horas, no siendo necesario el corte del fluido paso vehicular, que por ese momento \u2013en su mayor parte transitaba en direcci\u00f3n hacia la Ciudad Aut\u00f3noma de Buenos Aires.<\/p>\n\n\n\n<p>Fuente: La Raz\u00f3n de Chivilcoy<\/p>\n","protected":false},"excerpt":{"rendered":"<p>Se produjo en el kil\u00f3metros 168. Fue protagonizado por una familia mercedina, que dijo haber sido encerrada por un cami\u00f3n. &#8230; <a title=\"Sin heridos: Familia mercedina colision\u00f3 en ruta 5\" class=\"read-more\" href=\"https:\/\/www.hoymercedes.com.ar\/principal\/2019\/03\/26\/sin-heridos-familia-mercedina-colisiono-en-ruta-5\/\" aria-label=\"Leer m\u00e1s sobre Sin heridos: Familia mercedina colision\u00f3 en ruta 5\">Leer m\u00e1s<\/a><\/p>\n","protected":false},"author":1,"featured_media":90154,"comment_status":"closed","ping_status":"open","sticky":false,"template":"","format":"standard","meta":{"_monsterinsights_skip_tracking":false,"_monsterinsights_sitenote_active":false,"_monsterinsights_sitenote_note":"","_monsterinsights_sitenote_category":0,"jetpack_post_was_ever_published":false,"_jetpack_newsletter_access":"","_jetpack_dont_email_post_to_subs":false,"_jetpack_newsletter_tier_id":0,"_jetpack_memberships_contains_paywalled_content":false,"_jetpack_memberships_contains_paid_content":false,"footnotes":"","jetpack_publicize_message":"","jetpack_publicize_feature_enabled":true,"jetpack_social_post_already_shared":true,"jetpack_social_options":{"image_generator_settings":{"template":"highway","default_image_id":0,"font":"","enabled":false},"version":2},"_wpas_customize_per_network":false},"categories":[85],"tags":[14707,96],"class_list":["post-90153","post","type-post","status-publish","format-standard","has-post-thumbnail","hentry","category-policial","tag-colision-ruta-5","tag-policial-2","generate-columns","tablet-grid-50","mobile-grid-100","grid-parent","grid-50"],"jetpack_publicize_connections":[],"jetpack_featured_media_url":"https:\/\/www.hoymercedes.com.ar\/principal\/wp-content\/uploads\/2019\/03\/26-choque-R5.jpg","wps_subtitle":"Sin heridos","jetpack_sharing_enabled":true,"_links":{"self":[{"href":"https:\/\/www.hoymercedes.com.ar\/principal\/wp-json\/wp\/v2\/posts\/90153","targetHints":{"allow":["GET"]}}],"collection":[{"href":"https:\/\/www.hoymercedes.com.ar\/principal\/wp-json\/wp\/v2\/posts"}],"about":[{"href":"https:\/\/www.hoymercedes.com.ar\/principal\/wp-json\/wp\/v2\/types\/post"}],"author":[{"embeddable":true,"href":"https:\/\/www.hoymercedes.com.ar\/principal\/wp-json\/wp\/v2\/users\/1"}],"replies":[{"embeddable":true,"href":"https:\/\/www.hoymercedes.com.ar\/principal\/wp-json\/wp\/v2\/comments?post=90153"}],"version-history":[{"count":0,"href":"https:\/\/www.hoymercedes.com.ar\/principal\/wp-json\/wp\/v2\/posts\/90153\/revisions"}],"wp:featuredmedia":[{"embeddable":true,"href":"https:\/\/www.hoymercedes.com.ar\/principal\/wp-json\/wp\/v2\/media\/90154"}],"wp:attachment":[{"href":"https:\/\/www.hoymercedes.com.ar\/principal\/wp-json\/wp\/v2\/media?parent=90153"}],"wp:term":[{"taxonomy":"category","embeddable":true,"href":"https:\/\/www.hoymercedes.com.ar\/principal\/wp-json\/wp\/v2\/categories?post=90153"},{"taxonomy":"post_tag","embeddable":true,"href":"https:\/\/www.hoymercedes.com.ar\/principal\/wp-json\/wp\/v2\/tags?post=90153"}],"curies":[{"name":"wp","href":"https:\/\/api.w.org\/{rel}","templated":true}]}}