{"id":90217,"date":"2019-03-27T19:17:46","date_gmt":"2019-03-27T22:17:46","guid":{"rendered":"http:\/\/www.hoymercedes.com.ar\/principal\/?p=90217"},"modified":"2019-03-27T18:33:07","modified_gmt":"2019-03-27T21:33:07","slug":"pabellon-perdio-su-invicto-ante-atilra-en-la-ida-de-los-cuartos-de-final","status":"publish","type":"post","link":"https:\/\/www.hoymercedes.com.ar\/principal\/2019\/03\/27\/pabellon-perdio-su-invicto-ante-atilra-en-la-ida-de-los-cuartos-de-final\/","title":{"rendered":"Pabell\u00f3n perdi\u00f3 su invicto ante ATILRA en la ida de los cuartos de final"},"content":{"rendered":"\n<p>VDP Noticias. El equipo de Atilra conquist\u00f3 una victoria important\u00edsima. Fue 1-0 en Cuartos de Final ante Pabell\u00f3n Argentino en el partido de ida. El gol fue convertido por Leonardo Carinci.<\/p>\n\n\n\n<figure class=\"wp-block-image\"><img loading=\"lazy\" decoding=\"async\" width=\"696\" height=\"469\" data-attachment-id=\"90218\" data-permalink=\"https:\/\/www.hoymercedes.com.ar\/principal\/2019\/03\/27\/pabellon-perdio-su-invicto-ante-atilra-en-la-ida-de-los-cuartos-de-final\/atilra-fc-cuartos-de-final-pabellon-argentino-1-696x469\/#main\" data-orig-file=\"https:\/\/www.hoymercedes.com.ar\/principal\/wp-content\/uploads\/2019\/03\/Atilra-FC-Cuartos-de-final-Pabell\u00f3n-Argentino-1-696x469.jpg\" data-orig-size=\"696,469\" data-comments-opened=\"0\" data-image-meta=\"{&quot;aperture&quot;:&quot;0&quot;,&quot;credit&quot;:&quot;&quot;,&quot;camera&quot;:&quot;&quot;,&quot;caption&quot;:&quot;&quot;,&quot;created_timestamp&quot;:&quot;0&quot;,&quot;copyright&quot;:&quot;&quot;,&quot;focal_length&quot;:&quot;0&quot;,&quot;iso&quot;:&quot;0&quot;,&quot;shutter_speed&quot;:&quot;0&quot;,&quot;title&quot;:&quot;&quot;,&quot;orientation&quot;:&quot;0&quot;}\" data-image-title=\"Atilra-FC-Cuartos-de-final-Pabell\u00f3n-Argentino-1-696&amp;#215;469\" data-image-description=\"\" data-image-caption=\"\" data-large-file=\"https:\/\/www.hoymercedes.com.ar\/principal\/wp-content\/uploads\/2019\/03\/Atilra-FC-Cuartos-de-final-Pabell\u00f3n-Argentino-1-696x469.jpg\" src=\"https:\/\/www.hoymercedes.com.ar\/principal\/wp-content\/uploads\/2019\/03\/Atilra-FC-Cuartos-de-final-Pabell\u00f3n-Argentino-1-696x469.jpg\" alt=\"\" class=\"wp-image-90218\" srcset=\"https:\/\/www.hoymercedes.com.ar\/principal\/wp-content\/uploads\/2019\/03\/Atilra-FC-Cuartos-de-final-Pabell\u00f3n-Argentino-1-696x469.jpg 696w, https:\/\/www.hoymercedes.com.ar\/principal\/wp-content\/uploads\/2019\/03\/Atilra-FC-Cuartos-de-final-Pabell\u00f3n-Argentino-1-696x469-150x101.jpg 150w, https:\/\/www.hoymercedes.com.ar\/principal\/wp-content\/uploads\/2019\/03\/Atilra-FC-Cuartos-de-final-Pabell\u00f3n-Argentino-1-696x469-630x425.jpg 630w\" sizes=\"auto, (max-width: 696px) 100vw, 696px\" \/><\/figure>\n\n\n\n<p>En la tarde del d\u00eda s\u00e1bado 23 de marzo, el plantel de Atilra F\u00fatbol Club conducido por Marcelo Costa, se enfrent\u00f3 a Pabell\u00f3n Argentino de Marcos Paz por los Cuartos de Final del Torneo Federaci\u00f3n Norte. En el partido de IDA, los rodriguenses sacaron una m\u00ednima ventaja y sue\u00f1an con seguir avanzando en el campeonato.<\/p>\n\n\n\n<p>Con respecto al cotejo, Atilra F\u00fatbol Club se encontr\u00f3 con el bal\u00f3n r\u00e1pidamente ante un rival con el cual ya se hab\u00eda enfrentado en dos ocasiones en la fase de grupos. <strong>Luego de tantas idas y vueltas con llegadas para ambos planteles, apareci\u00f3 el gol del \u201cPela\u201d Carinci al minuto 24 tras pasar al ataque en una jugada colectiva de Jonathan Isasi y Maximiliano Suarez.\u00a0<\/strong>Cinco minutos m\u00e1s tarde, el mediocampista Suarez, debi\u00f3 abandonar el campo de juego tras un duro golpe en uno de sus hombros. <\/p>\n\n\n\n<p>Para el complemento, los \u00a0rodriguenses supieron aguantar el resultado y generaron grandes chances donde pudieron haber ampliado el marcador. Sin embargo, la mala fortuna a la hora de definir estuvo presente y solo bast\u00f3 con el 1-0 para conquistar un triunfo heroico.<\/p>\n\n\n\n<p><strong>Los otros resultados<\/strong><\/p>\n\n\n\n<p>Social Obrero (Z\u00e1rate) 1 &#8211; La Sonia (Escobar) 3<\/p>\n\n\n\n<p>La Josefa (Campana) 3 &#8211; Las Palmeras (San Pedro) 1<\/p>\n\n\n\n<p>12 de Octubre (San Nicol\u00e1s) 2 &#8211; Sarmiento (Z\u00e1rate) 0<br><\/p>\n","protected":false},"excerpt":{"rendered":"<p>VDP Noticias. El equipo de Atilra conquist\u00f3 una victoria important\u00edsima. Fue 1-0 en Cuartos de Final ante Pabell\u00f3n Argentino en &#8230; <a title=\"Pabell\u00f3n perdi\u00f3 su invicto ante ATILRA en la ida de los cuartos de final\" class=\"read-more\" href=\"https:\/\/www.hoymercedes.com.ar\/principal\/2019\/03\/27\/pabellon-perdio-su-invicto-ante-atilra-en-la-ida-de-los-cuartos-de-final\/\" aria-label=\"Leer m\u00e1s sobre Pabell\u00f3n perdi\u00f3 su invicto ante ATILRA en la ida de los cuartos de final\">Leer m\u00e1s<\/a><\/p>\n","protected":false},"author":1,"featured_media":90218,"comment_status":"closed","ping_status":"open","sticky":false,"template":"","format":"standard","meta":{"_monsterinsights_skip_tracking":false,"_monsterinsights_sitenote_active":false,"_monsterinsights_sitenote_note":"","_monsterinsights_sitenote_category":0,"jetpack_post_was_ever_published":false,"_jetpack_newsletter_access":"","_jetpack_dont_email_post_to_subs":false,"_jetpack_newsletter_tier_id":0,"_jetpack_memberships_contains_paywalled_content":false,"_jetpack_memberships_contains_paid_content":false,"footnotes":"","jetpack_publicize_message":"","jetpack_publicize_feature_enabled":true,"jetpack_social_post_already_shared":true,"jetpack_social_options":{"image_generator_settings":{"template":"highway","default_image_id":0,"font":"","enabled":false},"version":2},"_wpas_customize_per_network":false},"categories":[21],"tags":[14382],"class_list":["post-90217","post","type-post","status-publish","format-standard","has-post-thumbnail","hentry","category-deportes","tag-pabellon-marcos-paz","generate-columns","tablet-grid-50","mobile-grid-100","grid-parent","grid-50"],"jetpack_publicize_connections":[],"jetpack_featured_media_url":"https:\/\/www.hoymercedes.com.ar\/principal\/wp-content\/uploads\/2019\/03\/Atilra-FC-Cuartos-de-final-Pabell\u00f3n-Argentino-1-696x469.jpg","wps_subtitle":"Federaci\u00f3n Norte","jetpack_sharing_enabled":true,"_links":{"self":[{"href":"https:\/\/www.hoymercedes.com.ar\/principal\/wp-json\/wp\/v2\/posts\/90217","targetHints":{"allow":["GET"]}}],"collection":[{"href":"https:\/\/www.hoymercedes.com.ar\/principal\/wp-json\/wp\/v2\/posts"}],"about":[{"href":"https:\/\/www.hoymercedes.com.ar\/principal\/wp-json\/wp\/v2\/types\/post"}],"author":[{"embeddable":true,"href":"https:\/\/www.hoymercedes.com.ar\/principal\/wp-json\/wp\/v2\/users\/1"}],"replies":[{"embeddable":true,"href":"https:\/\/www.hoymercedes.com.ar\/principal\/wp-json\/wp\/v2\/comments?post=90217"}],"version-history":[{"count":0,"href":"https:\/\/www.hoymercedes.com.ar\/principal\/wp-json\/wp\/v2\/posts\/90217\/revisions"}],"wp:featuredmedia":[{"embeddable":true,"href":"https:\/\/www.hoymercedes.com.ar\/principal\/wp-json\/wp\/v2\/media\/90218"}],"wp:attachment":[{"href":"https:\/\/www.hoymercedes.com.ar\/principal\/wp-json\/wp\/v2\/media?parent=90217"}],"wp:term":[{"taxonomy":"category","embeddable":true,"href":"https:\/\/www.hoymercedes.com.ar\/principal\/wp-json\/wp\/v2\/categories?post=90217"},{"taxonomy":"post_tag","embeddable":true,"href":"https:\/\/www.hoymercedes.com.ar\/principal\/wp-json\/wp\/v2\/tags?post=90217"}],"curies":[{"name":"wp","href":"https:\/\/api.w.org\/{rel}","templated":true}]}}