{"id":9022,"date":"2011-11-11T12:30:32","date_gmt":"2011-11-11T12:30:32","guid":{"rendered":"http:\/\/www.hoymercedes.com.ar\/principal\/?p=9022"},"modified":"2011-11-11T12:30:32","modified_gmt":"2011-11-11T12:30:32","slug":"pre-cosquin-mas-de-250-inscriptos-en-mercedes","status":"publish","type":"post","link":"https:\/\/www.hoymercedes.com.ar\/principal\/2011\/11\/11\/pre-cosquin-mas-de-250-inscriptos-en-mercedes\/","title":{"rendered":"Pre-Cosquin: m\u00e1s de 250 inscriptos en Mercedes"},"content":{"rendered":"<figure id=\"attachment_9024\" aria-describedby=\"caption-attachment-9024\" style=\"width: 290px\" class=\"wp-caption alignleft\"><a href=\"https:\/\/www.hoymercedes.com.ar\/principal\/wp-content\/uploads\/2011\/11\/PikiCaballero.jpg\"><img loading=\"lazy\" decoding=\"async\" data-attachment-id=\"9024\" data-permalink=\"https:\/\/www.hoymercedes.com.ar\/principal\/2011\/11\/11\/pre-cosquin-mas-de-250-inscriptos-en-mercedes\/pikicaballero\/#main\" data-orig-file=\"https:\/\/www.hoymercedes.com.ar\/principal\/wp-content\/uploads\/2011\/11\/PikiCaballero.jpg\" data-orig-size=\"350,196\" data-comments-opened=\"1\" data-image-meta=\"{&quot;aperture&quot;:&quot;2.8&quot;,&quot;credit&quot;:&quot;&quot;,&quot;camera&quot;:&quot;COOLPIX L10&quot;,&quot;caption&quot;:&quot;&quot;,&quot;created_timestamp&quot;:&quot;1320740563&quot;,&quot;copyright&quot;:&quot;Copyright 2006&quot;,&quot;focal_length&quot;:&quot;6.2&quot;,&quot;iso&quot;:&quot;64&quot;,&quot;shutter_speed&quot;:&quot;0.033333333333333&quot;,&quot;title&quot;:&quot;&quot;}\" data-image-title=\"PikiCaballero\" data-image-description=\"\" data-image-caption=\"\" data-large-file=\"https:\/\/www.hoymercedes.com.ar\/principal\/wp-content\/uploads\/2011\/11\/PikiCaballero.jpg\" class=\"size-medium wp-image-9024\" title=\"PikiCaballero\" src=\"https:\/\/www.hoymercedes.com.ar\/principal\/wp-content\/uploads\/2011\/11\/PikiCaballero-300x168.jpg\" alt=\"\" width=\"300\" height=\"168\" srcset=\"https:\/\/www.hoymercedes.com.ar\/principal\/wp-content\/uploads\/2011\/11\/PikiCaballero-300x168.jpg 300w, https:\/\/www.hoymercedes.com.ar\/principal\/wp-content\/uploads\/2011\/11\/PikiCaballero.jpg 350w\" sizes=\"auto, (max-width: 300px) 100vw, 300px\" \/><\/a><figcaption id=\"caption-attachment-9024\" class=\"wp-caption-text\">Picki Caballero<\/figcaption><\/figure>\n<p>Restan muy pocas horas para que en nuestra ciudad de comienzo la edici\u00f3n 2011 del Pre Cosquin que como se sabe por ser nuestra ciudad sede fija de selecci\u00f3n, quienes ganen en los diferentes rubros clasifican de manera directa para participar en C\u00f3rdoba en la selecci\u00f3n nacional del Festival que se hace en enero.<\/p>\n<p>Para este a\u00f1o hay una muy significativa cantidad de participantes inscriptos como desde hace muchos a\u00f1os no ocurr\u00eda y en tal sentido Gerardo caballero, la cara visible de la organizaci\u00f3n en nuestra ciudad expres\u00f3 \u201cya contamos con doscientas cincuenta inscripciones presentadas de manera totalmente reglamentaria y siguen llegando algunas de gente que por diferentes motivos tenia alguna duda en inscribirse.<\/p>\n<p>Creo que el aumento de las personas que eligen Mercedes se debe a varios motivos, por un lado el cambio en la tem\u00e1tica en el desarrollo de la selecci\u00f3n, quiero recordar que los comienzos con la siempre presente Cristina Chuffo, la selecci\u00f3n duraba un fin de semana completo y se hacia dif\u00edcil en muchos casos para los participantes poder estar en Mercedes desde el viernes hasta el domingo, especialmente por lo relacionado al alojamiento, el gasto en s\u00ed y hasta porque no decirlo la falta de plazas disponibles en nuestra ciudad.<\/p>\n<p>Ahora al comenzar y terminar en una sola jornada se les hace m\u00e1s f\u00e1cil venir, esperar hasta que se den a conocer los resultados y luego retornar a sus lugares de procedencia.<\/p>\n<p>Por otra parte antes hab\u00eda pre selecciones en varias localidades de la zona cuyos ganadores si pod\u00edan participar dela que se hac\u00eda en Mercedes, eso ahora tambi\u00e9n se modifico y el que gana en nuestra ciudad pasa directamente sin otro requisito a la ronda final en Cosqu\u00edn y la otra causa que hace a mercedes una sede muy buscada es que desde que comenz\u00f3 la gesti\u00f3n Carlos Selva al frente de nuestro municipio, los ganadores en los diferentes rubros tienen como premio otorgado desde nuestra ciudad el viaje y la estad\u00eda paga en la provincia de C\u00f3rdoba.<\/p>\n<p>Por eso no solo tenemos inscriptos de las ciudades vecinas, sino sobre todo de la mayor\u00eda de las localidades del conurbano, de mucha ciudades de la Provincia de Buenos Aires, desde ya la propia Ciudad Aut\u00f3noma y por ahora el m\u00e1s alejado que se inscribi\u00f3 es de Balcarce.<\/p>\n<p>Si bien sabemos que este s\u00e1bado 12 vamos a estar hasta altas horas de la madrugada del domingo dada la gran cantidad de participantes, es algo que nos agrada porque afianza cada vez m\u00e1s la importancia de nuestra sede dentro del territorio bonaerense\u201d<\/p>\n<p>Con relaci\u00f3n al jurado, Gerardo Caballero sostuvo \u201ceste a\u00f1o hemos incorporado a dos personas de nuestra ciudad, en el rubro malambo hemos convocado a la profesora Blanca Fusco que por cierto tiene una amplia trayectoria dentro de dicho rubro sobre todo por sus amplios conocimientos y en el rubro musical del folclore hemos resuelto convocar a otro mercedino con una experiencia realmente muy amplia como es Ricardo Coronel y la veedora que todos los a\u00f1os nos env\u00eda la Comisi\u00f3n del Festival de Cosquin ser\u00e1 casi con seguridad la se\u00f1ora Alicia Soria, alguien que ya ha estado cumpliendo dicha tarea en Mercedes en m\u00e1s de una oportunidad.<\/p>\n<p>Por otra pate tengo que destacar que este a\u00f1o Mercedes se ver\u00e1 galardonada con la presencia como jurado de Viviana Vigil que es una reconocida cantante de tangos, una mujer que a participado en orquestas como las de Mariano Mores, Osvaldo Piro y \u00faltimamente con Juanjo Dom\u00ednguez y que en su momento fue la elegida por Julio Bocca durante sus cinco a\u00f1os de gira por Europa y Am\u00e9rica y dem\u00e1s hay que recordar que fue revelaci\u00f3n de Cosquin en 1981, asi que realmente ser\u00e1 un lujo tenerla entre nosotros como integrante del jurado\u201d<\/p>\n","protected":false},"excerpt":{"rendered":"<p>Restan muy pocas horas para que en nuestra ciudad de comienzo la edici\u00f3n 2011 del Pre Cosquin que como se &#8230; <a title=\"Pre-Cosquin: m\u00e1s de 250 inscriptos en Mercedes\" class=\"read-more\" href=\"https:\/\/www.hoymercedes.com.ar\/principal\/2011\/11\/11\/pre-cosquin-mas-de-250-inscriptos-en-mercedes\/\" aria-label=\"Leer m\u00e1s sobre Pre-Cosquin: m\u00e1s de 250 inscriptos en Mercedes\">Leer m\u00e1s<\/a><\/p>\n","protected":false},"author":1,"featured_media":0,"comment_status":"open","ping_status":"open","sticky":false,"template":"","format":"standard","meta":{"_monsterinsights_skip_tracking":false,"_monsterinsights_sitenote_active":false,"_monsterinsights_sitenote_note":"","_monsterinsights_sitenote_category":0,"jetpack_post_was_ever_published":false,"_jetpack_newsletter_access":"","_jetpack_dont_email_post_to_subs":false,"_jetpack_newsletter_tier_id":0,"_jetpack_memberships_contains_paywalled_content":false,"_jetpack_memberships_contains_paid_content":false,"footnotes":"","jetpack_publicize_message":"","jetpack_publicize_feature_enabled":true,"jetpack_social_post_already_shared":false,"jetpack_social_options":{"image_generator_settings":{"template":"highway","default_image_id":0,"font":"","enabled":false},"version":2},"_wpas_customize_per_network":false},"categories":[30],"tags":[235,1572],"class_list":["post-9022","post","type-post","status-publish","format-standard","hentry","category-municipio","tag-cosquin","tag-piki-caballero","generate-columns","tablet-grid-50","mobile-grid-100","grid-parent","grid-50"],"jetpack_publicize_connections":[],"jetpack_featured_media_url":"","wps_subtitle":"","jetpack_sharing_enabled":true,"_links":{"self":[{"href":"https:\/\/www.hoymercedes.com.ar\/principal\/wp-json\/wp\/v2\/posts\/9022","targetHints":{"allow":["GET"]}}],"collection":[{"href":"https:\/\/www.hoymercedes.com.ar\/principal\/wp-json\/wp\/v2\/posts"}],"about":[{"href":"https:\/\/www.hoymercedes.com.ar\/principal\/wp-json\/wp\/v2\/types\/post"}],"author":[{"embeddable":true,"href":"https:\/\/www.hoymercedes.com.ar\/principal\/wp-json\/wp\/v2\/users\/1"}],"replies":[{"embeddable":true,"href":"https:\/\/www.hoymercedes.com.ar\/principal\/wp-json\/wp\/v2\/comments?post=9022"}],"version-history":[{"count":0,"href":"https:\/\/www.hoymercedes.com.ar\/principal\/wp-json\/wp\/v2\/posts\/9022\/revisions"}],"wp:attachment":[{"href":"https:\/\/www.hoymercedes.com.ar\/principal\/wp-json\/wp\/v2\/media?parent=9022"}],"wp:term":[{"taxonomy":"category","embeddable":true,"href":"https:\/\/www.hoymercedes.com.ar\/principal\/wp-json\/wp\/v2\/categories?post=9022"},{"taxonomy":"post_tag","embeddable":true,"href":"https:\/\/www.hoymercedes.com.ar\/principal\/wp-json\/wp\/v2\/tags?post=9022"}],"curies":[{"name":"wp","href":"https:\/\/api.w.org\/{rel}","templated":true}]}}