{"id":90221,"date":"2019-03-28T07:15:43","date_gmt":"2019-03-28T10:15:43","guid":{"rendered":"http:\/\/www.hoymercedes.com.ar\/principal\/?p=90221"},"modified":"2019-03-26T20:20:28","modified_gmt":"2019-03-26T23:20:28","slug":"lucas-biglia-rompio-el-silencio-y-hablo-de-la-seleccion","status":"publish","type":"post","link":"https:\/\/www.hoymercedes.com.ar\/principal\/2019\/03\/28\/lucas-biglia-rompio-el-silencio-y-hablo-de-la-seleccion\/","title":{"rendered":"Lucas Biglia rompi\u00f3 el silencio y habl\u00f3 de la Selecci\u00f3n"},"content":{"rendered":"\n<p>Infobae. La \u00faltima imagen de&nbsp;<strong>Lucas Biglia<\/strong>&nbsp;con la camiseta de la&nbsp;<strong>Selecci\u00f3n<\/strong>&nbsp;no qued\u00f3 asociada a un recuerdo agradable: se dio en la eliminaci\u00f3n en octavos de final del&nbsp;<strong>Mundial de Rusia<\/strong>&nbsp;frente a Francia, a la postre, el campe\u00f3n. Luego, al igual que Javier Mascherano, decidi\u00f3 dar un paso al costado \u00abpara darles lugar a que crezcan los chicos que ven\u00edan atr\u00e1s\u00bb. El mediocampista del Milan, de 33 a\u00f1os, rompi\u00f3 el silencio y habl\u00f3 de lo sucedido en la Copa del Mundo. El ex Argentinos e Independiente realiz\u00f3 una<strong>&nbsp;profunda autocr\u00edtica<\/strong>.<\/p>\n\n\n\n<figure class=\"wp-block-image\"><img loading=\"lazy\" decoding=\"async\" width=\"1024\" height=\"576\" data-attachment-id=\"77914\" data-permalink=\"https:\/\/www.hoymercedes.com.ar\/principal\/2018\/06\/29\/lucas-biglia-es-el-nombre-que-reemplaza-a-enzo-perez-si-no-se-recupera-para-el-sabado\/lucas-biglia-camisetea-negra-seleccion\/#main\" data-orig-file=\"https:\/\/www.hoymercedes.com.ar\/principal\/wp-content\/uploads\/2018\/06\/Lucas-Biglia-camisetea-negra-Seleccion.jpg\" data-orig-size=\"1280,720\" data-comments-opened=\"0\" data-image-meta=\"{&quot;aperture&quot;:&quot;0&quot;,&quot;credit&quot;:&quot;&quot;,&quot;camera&quot;:&quot;&quot;,&quot;caption&quot;:&quot;&quot;,&quot;created_timestamp&quot;:&quot;0&quot;,&quot;copyright&quot;:&quot;&quot;,&quot;focal_length&quot;:&quot;0&quot;,&quot;iso&quot;:&quot;0&quot;,&quot;shutter_speed&quot;:&quot;0&quot;,&quot;title&quot;:&quot;&quot;,&quot;orientation&quot;:&quot;0&quot;}\" data-image-title=\"Lucas Biglia camisetea negra Seleccion\" data-image-description=\"\" data-image-caption=\"\" data-large-file=\"https:\/\/www.hoymercedes.com.ar\/principal\/wp-content\/uploads\/2018\/06\/Lucas-Biglia-camisetea-negra-Seleccion-1024x576.jpg\" src=\"https:\/\/www.hoymercedes.com.ar\/principal\/wp-content\/uploads\/2018\/06\/Lucas-Biglia-camisetea-negra-Seleccion-1024x576.jpg\" alt=\"\" class=\"wp-image-77914\" srcset=\"https:\/\/www.hoymercedes.com.ar\/principal\/wp-content\/uploads\/2018\/06\/Lucas-Biglia-camisetea-negra-Seleccion-1024x576.jpg 1024w, https:\/\/www.hoymercedes.com.ar\/principal\/wp-content\/uploads\/2018\/06\/Lucas-Biglia-camisetea-negra-Seleccion-150x84.jpg 150w, https:\/\/www.hoymercedes.com.ar\/principal\/wp-content\/uploads\/2018\/06\/Lucas-Biglia-camisetea-negra-Seleccion-630x354.jpg 630w, https:\/\/www.hoymercedes.com.ar\/principal\/wp-content\/uploads\/2018\/06\/Lucas-Biglia-camisetea-negra-Seleccion.jpg 1280w\" sizes=\"auto, (max-width: 1024px) 100vw, 1024px\" \/><\/figure>\n\n\n\n<p>\u00abPas\u00f3 el tiempo para que hablara porque est\u00e1bamos doloridos, duele, para muchos fue la \u00faltima oportunidad. A veces en el dolor pod\u00e9s decir cosas que est\u00e1n mal, es bueno dejar pasar el tiempo y despu\u00e9s s\u00ed dar la cara.<strong>\u00a0Llegamos mal al Mundial, no estuvimos a la altura<\/strong>. La ilusi\u00f3n era grande porque ven\u00edamos de una final, de dos finales de la Copa Am\u00e9rica, pero no llegamos de la mejor manera; llegamos golpeados\u00bb, sorprendi\u00f3 con su profunda sinceridad.<\/p>\n\n\n\n<p>\u00abSab\u00edamos que Islandia, Nigeria y Croacia eran complicados. Cuando encontr\u00e1s selecciones consolidadas y vos no lleg\u00e1s en el mejor momento, es dif\u00edcil, por m\u00e1s que tengas a los mejores en los mejores campeonatos; cuesta mucho lo colectivo\u00bb, justific\u00f3.<\/p>\n\n\n\n<p>Biglia realiz\u00f3 una detallada descripci\u00f3n de lo que sucedi\u00f3 en la intimidad de la Selecci\u00f3n tras la dura derrota 3-0 ante Croacia, que le abri\u00f3 la puerta al \u00abdoble comando\u00bb en el combinado nacional, entre los referentes y el entonces entrenador Jorge Sampaoli. El futbolista del Milan plantea que fue una b\u00fasqueda conjunta para salir adelante.<\/p>\n\n\n\n<p>\u00abSe pierde contra Croacia, ya ven\u00edamos del partido con Islandia; empezar ganando es important\u00edsimo y fue una decepci\u00f3n. Nos toc\u00f3 un equipo duro, que juega un grand\u00edsimo f\u00fatbol, cambiamos el sistema para encontrarle la vuelta, pero en el segundo tiempo fue much\u00edsimo mejor que nosotros. Y post partido hab\u00eda que esperar Nigeria-Islandia, nadie se imaginaba volverse en la fase de grupos. Al otro d\u00eda, con el resultado, nos juntamos y dijimos:&nbsp;<strong>&#8216;Muchachos, esta oportunidad no la podemos dejar pasar&#8217;. Es simple, fue una reuni\u00f3n de gente que quer\u00eda avanzar<\/strong>. Algo normal en un plantel con ambici\u00f3n, aunque no est\u00e1bamos en el mejor momento\u00bb, prolog\u00f3 en la entrevista con&nbsp;<em>radio La Red<\/em>.<\/p>\n\n\n\n<p>\u00ab<strong>Con el cuerpo t\u00e9cnico fue una relaci\u00f3n abierta, la decisi\u00f3n la tomaba Jorge y se hablaba si hab\u00eda algo para mejorar o si el equipo no llegaba a dar lo que esperaba el cuerpo t\u00e9cnico; nada del otro mundo<\/strong>. El problema fue despu\u00e9s de Croacia. En la conferencia con Javier (Mascherano), salir a desmentir un mont\u00f3n de cosas. Ve\u00edamos que la cosa ven\u00eda mal, y tener que salir a desmentir y afrontar preguntas que no tienen que ver con lo futbol\u00edstico, te va complicando todo, y a nivel moral es duro. No ayud\u00f3 en nada. Despu\u00e9s, tuvimos la suerte de pasar y nos encontramos con un equipo que nos super\u00f3 y fue un gran campe\u00f3n\u00bb, continu\u00f3.<\/p>\n\n\n\n<p>\u00abFue una charla donde estuvo el cuerpo t\u00e9cnico y el presidente de la AFA,\u00a0<em>Chiqui<\/em>Tapia, que quiso ser parte y nos pareci\u00f3 correcto.\u00a0<strong>Planteamos hacer las cosas m\u00e1s simples en ese momento<\/strong>. Despu\u00e9s, con todo lo que pas\u00f3, a nivel emocional se pag\u00f3 un costo muy grande, y el desgaste se not\u00f3 en el segundo tiempo con Francia. Si hubi\u00e9semos estados m\u00e1s completos f\u00edsicamente no s\u00e9 si no lleg\u00e1bamos al alargue.\u00a0<strong>Se termin\u00f3 de una manera que a nivel personal no me gust\u00f3 nada<\/strong>, cerrar la puerta de algo que me hizo feliz mucho tiempo fue duro\u00bb, apunt\u00f3.<\/p>\n\n\n\n<p>LAS MEJORES DEFINICIONES DE LUCAS BIGLIA&nbsp;<\/p>\n\n\n\n<p><strong>Su f\u00e9rrea defensa a Lionel Messi ante las cr\u00edticas<\/strong><\/p>\n\n\n\n<p>\u00abTengo que sentir o leer, que Messi se fue a un cumplea\u00f1os y no fue a la Selecci\u00f3n, que Messi lo otro, estoy podrido de escuchar boludeces. \u00bfUstedes piensan que Messi, si no quisiera estar en la Selecci\u00f3n, seguir\u00eda yendo con todos los palazos que recibi\u00f3?\u00bb<\/p>\n\n\n\n<p>\u00abLo que dijo Ruggeri puede ser \u2013<a href=\"https:\/\/www.infobae.com\/deportes-2\/2019\/03\/25\/oscar-ruggeri-critico-a-lionel-messi-por-no-jugar-el-amistoso-de-la-seleccion-ante-marruecos-y-apunto-contra-menotti\/\" target=\"_blank\" rel=\"noreferrer noopener\">en relaci\u00f3n a la cr\u00edtica a la&nbsp;<em>Pulga<\/em>&nbsp;por no estar ante Marruecos<\/a>\u2013 \u00e9l fue jugador, tuvo la suerte de jugar un Mundial, pero qu\u00e9 se yo, este chico est\u00e1 cada tres d\u00edas viajando y jugando, qu\u00e9 se yo\u2026 No se va a una fiesta, est\u00e1 con la familia, la mujer y los tres hijos, para volver a cargar energ\u00edas, yo lo dejo que se vaya\u2026\u00bb.<\/p>\n\n\n\n<p>\u00ab\u00bfQu\u00e9 quer\u00e9s que te diga sobre los que dicen que Messi arm\u00f3 la lista para el Mundial? \u00bfQui\u00e9n es el que lo dice? A veces metemos en la bolsa a todos los periodistas y muchos en el periodismo no tienen la culpa\u00bb.<\/p>\n\n\n\n<p>\u00abEn la Selecci\u00f3n, por H o por B, sufr\u00eds. Me gustar\u00eda estar en la cabecita del 10, mir\u00e1 que le han pegado palos, pero se sigue levantando con ganas\u00bb.<\/p>\n\n\n\n<p><strong>\u00bfEstaba en condiciones f\u00edsicas de jugar el Mundial?<\/strong><\/p>\n\n\n\n<p>\u00abCon el diario del lunes, qu\u00e9 se yo. Si vos me pregunt\u00e1s a m\u00ed, yo llegaba con una lesi\u00f3n a lo \u00faltimo, no en las mejores condiciones f\u00edsicas. Ya lo dije al principio. No necesito que me lo diga nadie. No estuve a la altura. Soy consciente, Lo admito y lo digo. Pero uno ir al Mundial\u00bb.<\/p>\n\n\n\n<p><strong>La decisi\u00f3n de retirarse de la Selecci\u00f3n y la comparaci\u00f3n con Mascherano<\/strong><\/p>\n\n\n\n<p>\u00abLo de Javi\u2026 \u00c9l lo ten\u00eda decidido, es tan correcto que ya sab\u00eda que su final era ese Mundial, hab\u00eda sido criticado injustamente. Mascherano, en un equipo como el de hoy, vendr\u00eda de 10. Y lo m\u00edo lo ven\u00eda hablando con \u00e9l, tenemos una manera de ver el f\u00fatbol parecida. Cuando sent\u00eds que no ten\u00e9s nada para dar, que el pr\u00f3ximo objetivo queda lejos; para ocupar un lugar por ocupar un lugar, lo m\u00e1s correcto era abrirles a las puertas a los chicos que vienen, darles cuatro a\u00f1os de crecimiento con una camiseta que pesa un mont\u00f3n, para que puedan llevarla lo m\u00e1s arriba posible. No fue calentura\u00bb.<\/p>\n\n\n\n<p><strong>Su charla con Scaloni para que evaluara no retirarse de la albiceleste<\/strong><\/p>\n\n\n\n<p>\u00abDespu\u00e9s del Mundial, me fui de vacaciones unos d\u00edas, ven\u00eda de un a\u00f1o malo con el club, necesitaba desconectar. Cuando volv\u00ed a Argentina y empec\u00e9 a entrenarme, porque despu\u00e9s de tal decepci\u00f3n no ten\u00e9s ganas de nada, me lleg\u00f3 un mensaje de \u00e9l. Me pregunt\u00f3 si realmente estaba convencido de la decisi\u00f3n que hab\u00eda tomado. Que si lo estaba, \u00e9l la respetaba y, si no, ve\u00eda si entraba en los planes\u00bb.<\/p>\n\n\n\n<p><strong>La Copa Am\u00e9rica 2019<\/strong><\/p>\n\n\n\n<p>\u00abTeniendo una figura como Messi, \u00bfc\u00f3mo sal\u00eds a decir que Argentina no va a ganar la Copa Am\u00e9rica? \u00bfAg\u00fcero, Otamendi, Dybala, van a ir a la playa a tomar sol?\u00bb.<\/p>\n\n\n\n<p><strong>Su furia contra los memes<\/strong><\/p>\n\n\n\n<p>\u00abAlemania va a llegar al Mundial con L\u00f6w con 14 a\u00f1os de Selecci\u00f3n -en realidad ser\u00e1n 16-. \u00bfNosotros a cu\u00e1ntos t\u00e9cnicos tuvimos en 14 a\u00f1os? \u00bfC\u00f3mo podemos crecer si se te r\u00eden de los jugadores y buscan cualquier chiste para hacer re\u00edr a cualquier tonto en las redes sociales? \u00bfC\u00f3mo crecemos? Hay memes que van con una desgracia. Un jugador que la rompe en su equipo, viene a la Selecci\u00f3n y tiene la desgracia de lesionarse. \u00c1ngel (Di Mar\u00eda) cont\u00f3 que est\u00e1 con un psic\u00f3logo por la presi\u00f3n. Pero salen igual\u00bb.<\/p>\n\n\n\n<p><strong>\u00bfC\u00f3mo van a ser recordados?<\/strong><\/p>\n\n\n\n<p>\u00abNo s\u00e9. Como la generaci\u00f3n dorada no, tal vez como la generaci\u00f3n plateada plateada. Rom\u00e1n (Riquelme) la otra vez dijo algo despu\u00e9s de la final de la Libertadores: hay que llegar a la final\u00bb.<\/p>\n","protected":false},"excerpt":{"rendered":"<p>Infobae. La \u00faltima imagen de&nbsp;Lucas Biglia&nbsp;con la camiseta de la&nbsp;Selecci\u00f3n&nbsp;no qued\u00f3 asociada a un recuerdo agradable: se dio en la &#8230; <a title=\"Lucas Biglia rompi\u00f3 el silencio y habl\u00f3 de la Selecci\u00f3n\" class=\"read-more\" href=\"https:\/\/www.hoymercedes.com.ar\/principal\/2019\/03\/28\/lucas-biglia-rompio-el-silencio-y-hablo-de-la-seleccion\/\" aria-label=\"Leer m\u00e1s sobre Lucas Biglia rompi\u00f3 el silencio y habl\u00f3 de la Selecci\u00f3n\">Leer m\u00e1s<\/a><\/p>\n","protected":false},"author":1,"featured_media":77914,"comment_status":"closed","ping_status":"open","sticky":false,"template":"","format":"standard","meta":{"_monsterinsights_skip_tracking":false,"_monsterinsights_sitenote_active":false,"_monsterinsights_sitenote_note":"","_monsterinsights_sitenote_category":0,"jetpack_post_was_ever_published":false,"_jetpack_newsletter_access":"","_jetpack_dont_email_post_to_subs":false,"_jetpack_newsletter_tier_id":0,"_jetpack_memberships_contains_paywalled_content":false,"_jetpack_memberships_contains_paid_content":false,"footnotes":"","jetpack_publicize_message":"","jetpack_publicize_feature_enabled":true,"jetpack_social_post_already_shared":true,"jetpack_social_options":{"image_generator_settings":{"template":"highway","default_image_id":0,"font":"","enabled":false},"version":2},"_wpas_customize_per_network":false},"categories":[21],"tags":[14718,14717,459],"class_list":["post-90221","post","type-post","status-publish","format-standard","has-post-thumbnail","hentry","category-deportes","tag-lionel-messi","tag-lionel-scaloni","tag-seleccion-argentina","generate-columns","tablet-grid-50","mobile-grid-100","grid-parent","grid-50"],"jetpack_publicize_connections":[],"jetpack_featured_media_url":"https:\/\/www.hoymercedes.com.ar\/principal\/wp-content\/uploads\/2018\/06\/Lucas-Biglia-camisetea-negra-Seleccion.jpg","wps_subtitle":"La Legi\u00f3n","jetpack_sharing_enabled":true,"_links":{"self":[{"href":"https:\/\/www.hoymercedes.com.ar\/principal\/wp-json\/wp\/v2\/posts\/90221","targetHints":{"allow":["GET"]}}],"collection":[{"href":"https:\/\/www.hoymercedes.com.ar\/principal\/wp-json\/wp\/v2\/posts"}],"about":[{"href":"https:\/\/www.hoymercedes.com.ar\/principal\/wp-json\/wp\/v2\/types\/post"}],"author":[{"embeddable":true,"href":"https:\/\/www.hoymercedes.com.ar\/principal\/wp-json\/wp\/v2\/users\/1"}],"replies":[{"embeddable":true,"href":"https:\/\/www.hoymercedes.com.ar\/principal\/wp-json\/wp\/v2\/comments?post=90221"}],"version-history":[{"count":0,"href":"https:\/\/www.hoymercedes.com.ar\/principal\/wp-json\/wp\/v2\/posts\/90221\/revisions"}],"wp:featuredmedia":[{"embeddable":true,"href":"https:\/\/www.hoymercedes.com.ar\/principal\/wp-json\/wp\/v2\/media\/77914"}],"wp:attachment":[{"href":"https:\/\/www.hoymercedes.com.ar\/principal\/wp-json\/wp\/v2\/media?parent=90221"}],"wp:term":[{"taxonomy":"category","embeddable":true,"href":"https:\/\/www.hoymercedes.com.ar\/principal\/wp-json\/wp\/v2\/categories?post=90221"},{"taxonomy":"post_tag","embeddable":true,"href":"https:\/\/www.hoymercedes.com.ar\/principal\/wp-json\/wp\/v2\/tags?post=90221"}],"curies":[{"name":"wp","href":"https:\/\/api.w.org\/{rel}","templated":true}]}}