{"id":90234,"date":"2019-03-28T18:52:35","date_gmt":"2019-03-28T21:52:35","guid":{"rendered":"http:\/\/www.hoymercedes.com.ar\/principal\/?p=90234"},"modified":"2019-03-26T20:58:14","modified_gmt":"2019-03-26T23:58:14","slug":"alessandro-musso-gano-en-san-andres-de-giles","status":"publish","type":"post","link":"https:\/\/www.hoymercedes.com.ar\/principal\/2019\/03\/28\/alessandro-musso-gano-en-san-andres-de-giles\/","title":{"rendered":"Alessandro Musso gan\u00f3 en San Andr\u00e9s de Giles"},"content":{"rendered":"\n<p><strong>Por Iv\u00e1n Alday (Todo el Deporte Est\u00e1 Ac\u00e1)<\/strong> El piloto Alessandro Musso se impuso en instalaciones del \u00f3valo de San Andr\u00e9s de Giles, a un d\u00eda de cumplir 8 a\u00f1os, en el certamen Anual de la vecina localidad<\/p>\n\n\n\n<figure class=\"wp-block-image\"><img loading=\"lazy\" decoding=\"async\" width=\"960\" height=\"688\" data-attachment-id=\"90235\" data-permalink=\"https:\/\/www.hoymercedes.com.ar\/principal\/2019\/03\/28\/alessandro-musso-gano-en-san-andres-de-giles\/alessandro-musso-primero-en-giles\/#main\" data-orig-file=\"https:\/\/www.hoymercedes.com.ar\/principal\/wp-content\/uploads\/2019\/03\/Alessandro-Musso-primero-en-giles.jpg\" data-orig-size=\"960,688\" data-comments-opened=\"0\" data-image-meta=\"{&quot;aperture&quot;:&quot;0&quot;,&quot;credit&quot;:&quot;&quot;,&quot;camera&quot;:&quot;&quot;,&quot;caption&quot;:&quot;&quot;,&quot;created_timestamp&quot;:&quot;0&quot;,&quot;copyright&quot;:&quot;&quot;,&quot;focal_length&quot;:&quot;0&quot;,&quot;iso&quot;:&quot;0&quot;,&quot;shutter_speed&quot;:&quot;0&quot;,&quot;title&quot;:&quot;&quot;,&quot;orientation&quot;:&quot;0&quot;}\" data-image-title=\"Alessandro Musso primero en giles\" data-image-description=\"\" data-image-caption=\"\" data-large-file=\"https:\/\/www.hoymercedes.com.ar\/principal\/wp-content\/uploads\/2019\/03\/Alessandro-Musso-primero-en-giles.jpg\" src=\"https:\/\/www.hoymercedes.com.ar\/principal\/wp-content\/uploads\/2019\/03\/Alessandro-Musso-primero-en-giles.jpg\" alt=\"\" class=\"wp-image-90235\" srcset=\"https:\/\/www.hoymercedes.com.ar\/principal\/wp-content\/uploads\/2019\/03\/Alessandro-Musso-primero-en-giles.jpg 960w, https:\/\/www.hoymercedes.com.ar\/principal\/wp-content\/uploads\/2019\/03\/Alessandro-Musso-primero-en-giles-150x108.jpg 150w, https:\/\/www.hoymercedes.com.ar\/principal\/wp-content\/uploads\/2019\/03\/Alessandro-Musso-primero-en-giles-630x452.jpg 630w\" sizes=\"auto, (max-width: 960px) 100vw, 960px\" \/><\/figure>\n\n\n\n<p>La jornada comenz\u00f3 muy temprano con un segundo puesto en clasificacion y serie, para posteriormente triunfar a la hora de la final. El torneo constar\u00e1 de diez fechas. <\/p>\n\n\n\n<p>Al concluir la fecha triunfal, la familia de Alessandro expres\u00f3: \u00abarrancamos con el pie derecho, siempre y cuando no coincida con el Campeonato Argentino de Motociclismo diremos presente\u00bb.<\/p>\n\n\n\n<p>La continuidad de los torneos llegar\u00e1 con la segunda presentacion en el Argentino a desarrollarse en Villa Trinidad y el 21 de abril la segunda del Anual Gilense <\/p>\n","protected":false},"excerpt":{"rendered":"<p>Por Iv\u00e1n Alday (Todo el Deporte Est\u00e1 Ac\u00e1) El piloto Alessandro Musso se impuso en instalaciones del \u00f3valo de San &#8230; <a title=\"Alessandro Musso gan\u00f3 en San Andr\u00e9s de Giles\" class=\"read-more\" href=\"https:\/\/www.hoymercedes.com.ar\/principal\/2019\/03\/28\/alessandro-musso-gano-en-san-andres-de-giles\/\" aria-label=\"Leer m\u00e1s sobre Alessandro Musso gan\u00f3 en San Andr\u00e9s de Giles\">Leer m\u00e1s<\/a><\/p>\n","protected":false},"author":1,"featured_media":90235,"comment_status":"closed","ping_status":"open","sticky":false,"template":"","format":"standard","meta":{"_monsterinsights_skip_tracking":false,"_monsterinsights_sitenote_active":false,"_monsterinsights_sitenote_note":"","_monsterinsights_sitenote_category":0,"jetpack_post_was_ever_published":false,"_jetpack_newsletter_access":"","_jetpack_dont_email_post_to_subs":false,"_jetpack_newsletter_tier_id":0,"_jetpack_memberships_contains_paywalled_content":false,"_jetpack_memberships_contains_paid_content":false,"footnotes":"","jetpack_publicize_message":"","jetpack_publicize_feature_enabled":true,"jetpack_social_post_already_shared":true,"jetpack_social_options":{"image_generator_settings":{"template":"highway","default_image_id":0,"font":"","enabled":false},"version":2},"_wpas_customize_per_network":false},"categories":[21],"tags":[13697,14724,14723],"class_list":["post-90234","post","type-post","status-publish","format-standard","has-post-thumbnail","hentry","category-deportes","tag-alessandro-musso","tag-minimots","tag-ovalo-de-giles","generate-columns","tablet-grid-50","mobile-grid-100","grid-parent","grid-50"],"jetpack_publicize_connections":[],"jetpack_featured_media_url":"https:\/\/www.hoymercedes.com.ar\/principal\/wp-content\/uploads\/2019\/03\/Alessandro-Musso-primero-en-giles.jpg","wps_subtitle":"","jetpack_sharing_enabled":true,"_links":{"self":[{"href":"https:\/\/www.hoymercedes.com.ar\/principal\/wp-json\/wp\/v2\/posts\/90234","targetHints":{"allow":["GET"]}}],"collection":[{"href":"https:\/\/www.hoymercedes.com.ar\/principal\/wp-json\/wp\/v2\/posts"}],"about":[{"href":"https:\/\/www.hoymercedes.com.ar\/principal\/wp-json\/wp\/v2\/types\/post"}],"author":[{"embeddable":true,"href":"https:\/\/www.hoymercedes.com.ar\/principal\/wp-json\/wp\/v2\/users\/1"}],"replies":[{"embeddable":true,"href":"https:\/\/www.hoymercedes.com.ar\/principal\/wp-json\/wp\/v2\/comments?post=90234"}],"version-history":[{"count":0,"href":"https:\/\/www.hoymercedes.com.ar\/principal\/wp-json\/wp\/v2\/posts\/90234\/revisions"}],"wp:featuredmedia":[{"embeddable":true,"href":"https:\/\/www.hoymercedes.com.ar\/principal\/wp-json\/wp\/v2\/media\/90235"}],"wp:attachment":[{"href":"https:\/\/www.hoymercedes.com.ar\/principal\/wp-json\/wp\/v2\/media?parent=90234"}],"wp:term":[{"taxonomy":"category","embeddable":true,"href":"https:\/\/www.hoymercedes.com.ar\/principal\/wp-json\/wp\/v2\/categories?post=90234"},{"taxonomy":"post_tag","embeddable":true,"href":"https:\/\/www.hoymercedes.com.ar\/principal\/wp-json\/wp\/v2\/tags?post=90234"}],"curies":[{"name":"wp","href":"https:\/\/api.w.org\/{rel}","templated":true}]}}