{"id":90246,"date":"2019-03-27T15:00:47","date_gmt":"2019-03-27T18:00:47","guid":{"rendered":"http:\/\/www.hoymercedes.com.ar\/principal\/?p=90246"},"modified":"2019-03-27T15:20:34","modified_gmt":"2019-03-27T18:20:34","slug":"selva-con-otros-diputados-massistas-recorrieron-lujan","status":"publish","type":"post","link":"https:\/\/www.hoymercedes.com.ar\/principal\/2019\/03\/27\/selva-con-otros-diputados-massistas-recorrieron-lujan\/","title":{"rendered":"Selva con otros diputados massistas recorrieron Luj\u00e1n"},"content":{"rendered":"\n<p>D\u00edas atr\u00e1s recorrieron la ciudad de Luj\u00e1n, los Diputados Nacionales por el Frente Renovador Carlos Selva, Mirta Tundis, Cecilia Moreau y Marcela Passo.<\/p>\n\n\n\n<figure class=\"wp-block-image\"><img loading=\"lazy\" decoding=\"async\" width=\"960\" height=\"640\" data-attachment-id=\"90247\" data-permalink=\"https:\/\/www.hoymercedes.com.ar\/principal\/2019\/03\/27\/selva-con-otros-diputados-massistas-recorrieron-lujan\/27-selva-lujan\/#main\" data-orig-file=\"https:\/\/www.hoymercedes.com.ar\/principal\/wp-content\/uploads\/2019\/03\/27-selva-lujan.jpg\" data-orig-size=\"960,640\" data-comments-opened=\"0\" data-image-meta=\"{&quot;aperture&quot;:&quot;0&quot;,&quot;credit&quot;:&quot;&quot;,&quot;camera&quot;:&quot;&quot;,&quot;caption&quot;:&quot;&quot;,&quot;created_timestamp&quot;:&quot;0&quot;,&quot;copyright&quot;:&quot;&quot;,&quot;focal_length&quot;:&quot;0&quot;,&quot;iso&quot;:&quot;0&quot;,&quot;shutter_speed&quot;:&quot;0&quot;,&quot;title&quot;:&quot;&quot;,&quot;orientation&quot;:&quot;0&quot;}\" data-image-title=\"27 selva lujan\" data-image-description=\"\" data-image-caption=\"\" data-large-file=\"https:\/\/www.hoymercedes.com.ar\/principal\/wp-content\/uploads\/2019\/03\/27-selva-lujan.jpg\" src=\"https:\/\/www.hoymercedes.com.ar\/principal\/wp-content\/uploads\/2019\/03\/27-selva-lujan.jpg\" alt=\"\" class=\"wp-image-90247\" srcset=\"https:\/\/www.hoymercedes.com.ar\/principal\/wp-content\/uploads\/2019\/03\/27-selva-lujan.jpg 960w, https:\/\/www.hoymercedes.com.ar\/principal\/wp-content\/uploads\/2019\/03\/27-selva-lujan-150x100.jpg 150w, https:\/\/www.hoymercedes.com.ar\/principal\/wp-content\/uploads\/2019\/03\/27-selva-lujan-630x420.jpg 630w, https:\/\/www.hoymercedes.com.ar\/principal\/wp-content\/uploads\/2019\/03\/27-selva-lujan-720x480.jpg 720w, https:\/\/www.hoymercedes.com.ar\/principal\/wp-content\/uploads\/2019\/03\/27-selva-lujan-360x240.jpg 360w\" sizes=\"auto, (max-width: 960px) 100vw, 960px\" \/><\/figure>\n\n\n\n<p>En primer lugar visitaron el Centro Tecnol\u00f3gico Shitsuke, siendo recibidos por el titular del establecimiento, el especialista Angel Cirocco, para luego recorrer las instalaciones en donde se someten a rigurosas pruebas de calidad diferentes productos de la industria nacional.<\/p>\n\n\n\n<p>Seguidamente, junto al concejal lujanense Federico Guibaud se dirigieron al barrio Ameghino de esa ciudad, para charlar con varios vecinos que expusieron sus quejas por la paralizaci\u00f3n de las obras y mejoras financiadas por el gobierno nacional.<\/p>\n\n\n\n<p>Por \u00faltimo, la comitiva estuvo a la Escuela de F\u00fatbol Infantil \u201cAlumni\u201d del barrio Lanusse de esa ciudad, en donde dialogaron con sus representantes sobre el crecimiento de dicha entidad y el pedido de la parcela lindera al club cuya propiedad es de Vialidad Nacional. Antes de retirarse, hicieron entrega de pelotas y elementos para entrenar a los ni\u00f1os.<\/p>\n\n\n\n<p>En momentos de hablar con los medios de la ciudad de Luj\u00e1n que fueron oportunamente citados en conferencia, el diputado Selva\u00a0 asegur\u00f3 que el gobierno contin\u00faa \u201cnegando la realidad\u201d en discusiones como las de los cr\u00e9ditos UVA donde siquiera presenta a los diputados de Cambiemos. \u201cAlternativa Federal es el primer punto de partida. No es dirimir candidaturas, para lo que ya llegar\u00e1 el momento. Lo que estamos tratando de definir es una plataforma de trabajo, que sea quien sea el candidato de este espacio o de otro por lo menos tenga un compromiso de desarrollo\u201d, indic\u00f3.<\/p>\n\n\n\n<figure class=\"wp-block-image\"><img loading=\"lazy\" decoding=\"async\" width=\"1024\" height=\"768\" data-attachment-id=\"90248\" data-permalink=\"https:\/\/www.hoymercedes.com.ar\/principal\/2019\/03\/27\/selva-con-otros-diputados-massistas-recorrieron-lujan\/27-selva-lujan2\/#main\" data-orig-file=\"https:\/\/www.hoymercedes.com.ar\/principal\/wp-content\/uploads\/2019\/03\/27-selva-lujan2.jpg\" data-orig-size=\"1200,900\" data-comments-opened=\"0\" data-image-meta=\"{&quot;aperture&quot;:&quot;0&quot;,&quot;credit&quot;:&quot;&quot;,&quot;camera&quot;:&quot;&quot;,&quot;caption&quot;:&quot;&quot;,&quot;created_timestamp&quot;:&quot;0&quot;,&quot;copyright&quot;:&quot;&quot;,&quot;focal_length&quot;:&quot;0&quot;,&quot;iso&quot;:&quot;0&quot;,&quot;shutter_speed&quot;:&quot;0&quot;,&quot;title&quot;:&quot;&quot;,&quot;orientation&quot;:&quot;0&quot;}\" data-image-title=\"27 selva lujan2\" data-image-description=\"\" data-image-caption=\"\" data-large-file=\"https:\/\/www.hoymercedes.com.ar\/principal\/wp-content\/uploads\/2019\/03\/27-selva-lujan2-1024x768.jpg\" src=\"https:\/\/www.hoymercedes.com.ar\/principal\/wp-content\/uploads\/2019\/03\/27-selva-lujan2-1024x768.jpg\" alt=\"\" class=\"wp-image-90248\" srcset=\"https:\/\/www.hoymercedes.com.ar\/principal\/wp-content\/uploads\/2019\/03\/27-selva-lujan2-1024x768.jpg 1024w, https:\/\/www.hoymercedes.com.ar\/principal\/wp-content\/uploads\/2019\/03\/27-selva-lujan2-150x113.jpg 150w, https:\/\/www.hoymercedes.com.ar\/principal\/wp-content\/uploads\/2019\/03\/27-selva-lujan2-630x473.jpg 630w, https:\/\/www.hoymercedes.com.ar\/principal\/wp-content\/uploads\/2019\/03\/27-selva-lujan2-320x240.jpg 320w, https:\/\/www.hoymercedes.com.ar\/principal\/wp-content\/uploads\/2019\/03\/27-selva-lujan2-100x75.jpg 100w, https:\/\/www.hoymercedes.com.ar\/principal\/wp-content\/uploads\/2019\/03\/27-selva-lujan2.jpg 1200w\" sizes=\"auto, (max-width: 1024px) 100vw, 1024px\" \/><\/figure>\n","protected":false},"excerpt":{"rendered":"<p>D\u00edas atr\u00e1s recorrieron la ciudad de Luj\u00e1n, los Diputados Nacionales por el Frente Renovador Carlos Selva, Mirta Tundis, Cecilia Moreau &#8230; <a title=\"Selva con otros diputados massistas recorrieron Luj\u00e1n\" class=\"read-more\" href=\"https:\/\/www.hoymercedes.com.ar\/principal\/2019\/03\/27\/selva-con-otros-diputados-massistas-recorrieron-lujan\/\" aria-label=\"Leer m\u00e1s sobre Selva con otros diputados massistas recorrieron Luj\u00e1n\">Leer m\u00e1s<\/a><\/p>\n","protected":false},"author":1,"featured_media":0,"comment_status":"closed","ping_status":"open","sticky":false,"template":"","format":"standard","meta":{"_monsterinsights_skip_tracking":false,"_monsterinsights_sitenote_active":false,"_monsterinsights_sitenote_note":"","_monsterinsights_sitenote_category":0,"jetpack_post_was_ever_published":false,"_jetpack_newsletter_access":"","_jetpack_dont_email_post_to_subs":false,"_jetpack_newsletter_tier_id":0,"_jetpack_memberships_contains_paywalled_content":false,"_jetpack_memberships_contains_paid_content":false,"footnotes":"","jetpack_publicize_message":"","jetpack_publicize_feature_enabled":true,"jetpack_social_post_already_shared":true,"jetpack_social_options":{"image_generator_settings":{"template":"highway","default_image_id":0,"font":"","enabled":false},"version":2},"_wpas_customize_per_network":false},"categories":[5210],"tags":[39,86,10113,9322],"class_list":["post-90246","post","type-post","status-publish","format-standard","hentry","category-politica-nacional","tag-carlos-selva","tag-lujan","tag-politica-nacional","tag-region","generate-columns","tablet-grid-50","mobile-grid-100","grid-parent","grid-50"],"jetpack_publicize_connections":[],"jetpack_featured_media_url":"","wps_subtitle":"","jetpack_sharing_enabled":true,"_links":{"self":[{"href":"https:\/\/www.hoymercedes.com.ar\/principal\/wp-json\/wp\/v2\/posts\/90246","targetHints":{"allow":["GET"]}}],"collection":[{"href":"https:\/\/www.hoymercedes.com.ar\/principal\/wp-json\/wp\/v2\/posts"}],"about":[{"href":"https:\/\/www.hoymercedes.com.ar\/principal\/wp-json\/wp\/v2\/types\/post"}],"author":[{"embeddable":true,"href":"https:\/\/www.hoymercedes.com.ar\/principal\/wp-json\/wp\/v2\/users\/1"}],"replies":[{"embeddable":true,"href":"https:\/\/www.hoymercedes.com.ar\/principal\/wp-json\/wp\/v2\/comments?post=90246"}],"version-history":[{"count":0,"href":"https:\/\/www.hoymercedes.com.ar\/principal\/wp-json\/wp\/v2\/posts\/90246\/revisions"}],"wp:attachment":[{"href":"https:\/\/www.hoymercedes.com.ar\/principal\/wp-json\/wp\/v2\/media?parent=90246"}],"wp:term":[{"taxonomy":"category","embeddable":true,"href":"https:\/\/www.hoymercedes.com.ar\/principal\/wp-json\/wp\/v2\/categories?post=90246"},{"taxonomy":"post_tag","embeddable":true,"href":"https:\/\/www.hoymercedes.com.ar\/principal\/wp-json\/wp\/v2\/tags?post=90246"}],"curies":[{"name":"wp","href":"https:\/\/api.w.org\/{rel}","templated":true}]}}