{"id":90275,"date":"2019-03-27T17:13:27","date_gmt":"2019-03-27T20:13:27","guid":{"rendered":"http:\/\/www.hoymercedes.com.ar\/principal\/?p=90275"},"modified":"2019-03-27T16:28:28","modified_gmt":"2019-03-27T19:28:28","slug":"sapec-festejo-el-primer-ano-de-atencion-a-pacientes-con-enfermedades-cronicas","status":"publish","type":"post","link":"https:\/\/www.hoymercedes.com.ar\/principal\/2019\/03\/27\/sapec-festejo-el-primer-ano-de-atencion-a-pacientes-con-enfermedades-cronicas\/","title":{"rendered":"SAPEC festej\u00f3 el primer a\u00f1o de atenci\u00f3n a pacientes con enfermedades cr\u00f3nicas"},"content":{"rendered":"\n<p>La Sala de Atenci\u00f3n a Pacientes con Enfermedades Cr\u00f3nicas del Hospital Blas L. Dubarry festej\u00f3 su primer aniversario junto profesionales de la salud y pacientes que all\u00ed se atiende. En el acto aniversario, la responsable de la sala, Dra. \u00a0Marina Geracitano agradeci\u00f3 al equipo de trabajo y a los pacientes que aceptan la atenci\u00f3n interdisciplinaria propuesta por SAPEC. <\/p>\n\n\n\n<figure class=\"wp-block-image\"><img loading=\"lazy\" decoding=\"async\" width=\"750\" height=\"500\" data-attachment-id=\"90276\" data-permalink=\"https:\/\/www.hoymercedes.com.ar\/principal\/2019\/03\/27\/sapec-festejo-el-primer-ano-de-atencion-a-pacientes-con-enfermedades-cronicas\/27-hospital-sapec-1\/#main\" data-orig-file=\"https:\/\/www.hoymercedes.com.ar\/principal\/wp-content\/uploads\/2019\/03\/27-hospital-SAPEC-1.jpg\" data-orig-size=\"750,500\" data-comments-opened=\"0\" data-image-meta=\"{&quot;aperture&quot;:&quot;0&quot;,&quot;credit&quot;:&quot;&quot;,&quot;camera&quot;:&quot;&quot;,&quot;caption&quot;:&quot;&quot;,&quot;created_timestamp&quot;:&quot;0&quot;,&quot;copyright&quot;:&quot;&quot;,&quot;focal_length&quot;:&quot;0&quot;,&quot;iso&quot;:&quot;0&quot;,&quot;shutter_speed&quot;:&quot;0&quot;,&quot;title&quot;:&quot;&quot;,&quot;orientation&quot;:&quot;0&quot;}\" data-image-title=\"27 hospital SAPEC 1\" data-image-description=\"\" data-image-caption=\"\" data-large-file=\"https:\/\/www.hoymercedes.com.ar\/principal\/wp-content\/uploads\/2019\/03\/27-hospital-SAPEC-1.jpg\" src=\"https:\/\/www.hoymercedes.com.ar\/principal\/wp-content\/uploads\/2019\/03\/27-hospital-SAPEC-1.jpg\" alt=\"\" class=\"wp-image-90276\" srcset=\"https:\/\/www.hoymercedes.com.ar\/principal\/wp-content\/uploads\/2019\/03\/27-hospital-SAPEC-1.jpg 750w, https:\/\/www.hoymercedes.com.ar\/principal\/wp-content\/uploads\/2019\/03\/27-hospital-SAPEC-1-150x100.jpg 150w, https:\/\/www.hoymercedes.com.ar\/principal\/wp-content\/uploads\/2019\/03\/27-hospital-SAPEC-1-630x420.jpg 630w, https:\/\/www.hoymercedes.com.ar\/principal\/wp-content\/uploads\/2019\/03\/27-hospital-SAPEC-1-720x480.jpg 720w, https:\/\/www.hoymercedes.com.ar\/principal\/wp-content\/uploads\/2019\/03\/27-hospital-SAPEC-1-360x240.jpg 360w\" sizes=\"auto, (max-width: 750px) 100vw, 750px\" \/><\/figure>\n\n\n\n<p>En la\nma\u00f1ana de este mi\u00e9rcoles, en las instalaciones del SAPEC en calle 10 esquina\n37, se reunieron m\u00e9dicos y pacientes para celebrar el primer a\u00f1o de la Sala de\nAtenci\u00f3n externa al edificio principal del Hospital Blas L. Dubarry. <\/p>\n\n\n\n<p>Durante el\nacto, el director del nosocomio de calle 12, Dr. Daniel Bandoni, destac\u00f3 que\ntras la apertura del SAPEC el paciente con enfermedades cr\u00f3nicas no ten\u00eda que\nrecorrer las instalaciones del hospital de acuerdo a los especialistas necesarios,\nsino que en un mismo edificio encuentra \u201ctoda la contenci\u00f3n\u201d con el equipo\nm\u00e9dico de distintas disciplinas. <\/p>\n\n\n\n<p>Por su parte,\nla Dra. Geracitano destac\u00f3 un balance positivo en el primer a\u00f1o de trabajo con\nla conformaci\u00f3n de un equipo de trabajo que fue afianz\u00e1ndose. Adem\u00e1s agradeci\u00f3\na los pacientes que recibieron la propuesta de una atenci\u00f3n interdisciplinaria\nde manera positiva y cada vez m\u00e1s mercedino se acercan a solicitar la atenci\u00f3n en\nel SAPEC.<\/p>\n\n\n\n<p>Asimismo, la Coordinadora del SAPEC agradeci\u00f3 a las autoridades del Hospital en cabeza del Dr. Bandoni y de la Dra. Mariana Ceriotto y la Lic Liliana Gil. \u00a0<\/p>\n\n\n\n<figure class=\"wp-block-image\"><img loading=\"lazy\" decoding=\"async\" width=\"750\" height=\"499\" data-attachment-id=\"90277\" data-permalink=\"https:\/\/www.hoymercedes.com.ar\/principal\/2019\/03\/27\/sapec-festejo-el-primer-ano-de-atencion-a-pacientes-con-enfermedades-cronicas\/27-hospital-sapec-2\/#main\" data-orig-file=\"https:\/\/www.hoymercedes.com.ar\/principal\/wp-content\/uploads\/2019\/03\/27-hospital-SAPEC-2.jpg\" data-orig-size=\"750,499\" data-comments-opened=\"0\" data-image-meta=\"{&quot;aperture&quot;:&quot;0&quot;,&quot;credit&quot;:&quot;&quot;,&quot;camera&quot;:&quot;&quot;,&quot;caption&quot;:&quot;&quot;,&quot;created_timestamp&quot;:&quot;0&quot;,&quot;copyright&quot;:&quot;&quot;,&quot;focal_length&quot;:&quot;0&quot;,&quot;iso&quot;:&quot;0&quot;,&quot;shutter_speed&quot;:&quot;0&quot;,&quot;title&quot;:&quot;&quot;,&quot;orientation&quot;:&quot;0&quot;}\" data-image-title=\"27 hospital SAPEC 2\" data-image-description=\"\" data-image-caption=\"&lt;p&gt;La Dra. Geracitano, coordinadora del SAPEC, agradeci\u00f3 al equipo de trabajo y a los pacientes. &lt;\/p&gt;\n\" data-large-file=\"https:\/\/www.hoymercedes.com.ar\/principal\/wp-content\/uploads\/2019\/03\/27-hospital-SAPEC-2.jpg\" src=\"https:\/\/www.hoymercedes.com.ar\/principal\/wp-content\/uploads\/2019\/03\/27-hospital-SAPEC-2.jpg\" alt=\"\" class=\"wp-image-90277\" srcset=\"https:\/\/www.hoymercedes.com.ar\/principal\/wp-content\/uploads\/2019\/03\/27-hospital-SAPEC-2.jpg 750w, https:\/\/www.hoymercedes.com.ar\/principal\/wp-content\/uploads\/2019\/03\/27-hospital-SAPEC-2-150x100.jpg 150w, https:\/\/www.hoymercedes.com.ar\/principal\/wp-content\/uploads\/2019\/03\/27-hospital-SAPEC-2-630x419.jpg 630w, https:\/\/www.hoymercedes.com.ar\/principal\/wp-content\/uploads\/2019\/03\/27-hospital-SAPEC-2-720x480.jpg 720w, https:\/\/www.hoymercedes.com.ar\/principal\/wp-content\/uploads\/2019\/03\/27-hospital-SAPEC-2-360x240.jpg 360w\" sizes=\"auto, (max-width: 750px) 100vw, 750px\" \/><figcaption>La Dra. Geracitano, coordinadora del SAPEC, agradeci\u00f3 al equipo de trabajo y a los pacientes. <\/figcaption><\/figure>\n","protected":false},"excerpt":{"rendered":"<p>La Sala de Atenci\u00f3n a Pacientes con Enfermedades Cr\u00f3nicas del Hospital Blas L. Dubarry festej\u00f3 su primer aniversario junto profesionales &#8230; <a title=\"SAPEC festej\u00f3 el primer a\u00f1o de atenci\u00f3n a pacientes con enfermedades cr\u00f3nicas\" class=\"read-more\" href=\"https:\/\/www.hoymercedes.com.ar\/principal\/2019\/03\/27\/sapec-festejo-el-primer-ano-de-atencion-a-pacientes-con-enfermedades-cronicas\/\" aria-label=\"Leer m\u00e1s sobre SAPEC festej\u00f3 el primer a\u00f1o de atenci\u00f3n a pacientes con enfermedades cr\u00f3nicas\">Leer m\u00e1s<\/a><\/p>\n","protected":false},"author":1,"featured_media":90276,"comment_status":"closed","ping_status":"open","sticky":false,"template":"","format":"standard","meta":{"_monsterinsights_skip_tracking":false,"_monsterinsights_sitenote_active":false,"_monsterinsights_sitenote_note":"","_monsterinsights_sitenote_category":0,"jetpack_post_was_ever_published":false,"_jetpack_newsletter_access":"","_jetpack_dont_email_post_to_subs":false,"_jetpack_newsletter_tier_id":0,"_jetpack_memberships_contains_paywalled_content":false,"_jetpack_memberships_contains_paid_content":false,"footnotes":"","jetpack_publicize_message":"","jetpack_publicize_feature_enabled":true,"jetpack_social_post_already_shared":true,"jetpack_social_options":{"image_generator_settings":{"template":"highway","default_image_id":0,"font":"","enabled":false},"version":2},"_wpas_customize_per_network":false},"categories":[9791],"tags":[8829,140,134,13798],"class_list":["post-90275","post","type-post","status-publish","format-standard","has-post-thumbnail","hentry","category-salud","tag-aniversario","tag-hospital-dubarry","tag-salud","tag-sapec","generate-columns","tablet-grid-50","mobile-grid-100","grid-parent","grid-50"],"jetpack_publicize_connections":[],"jetpack_featured_media_url":"https:\/\/www.hoymercedes.com.ar\/principal\/wp-content\/uploads\/2019\/03\/27-hospital-SAPEC-1.jpg","wps_subtitle":"Salud p\u00fablica","jetpack_sharing_enabled":true,"_links":{"self":[{"href":"https:\/\/www.hoymercedes.com.ar\/principal\/wp-json\/wp\/v2\/posts\/90275","targetHints":{"allow":["GET"]}}],"collection":[{"href":"https:\/\/www.hoymercedes.com.ar\/principal\/wp-json\/wp\/v2\/posts"}],"about":[{"href":"https:\/\/www.hoymercedes.com.ar\/principal\/wp-json\/wp\/v2\/types\/post"}],"author":[{"embeddable":true,"href":"https:\/\/www.hoymercedes.com.ar\/principal\/wp-json\/wp\/v2\/users\/1"}],"replies":[{"embeddable":true,"href":"https:\/\/www.hoymercedes.com.ar\/principal\/wp-json\/wp\/v2\/comments?post=90275"}],"version-history":[{"count":0,"href":"https:\/\/www.hoymercedes.com.ar\/principal\/wp-json\/wp\/v2\/posts\/90275\/revisions"}],"wp:featuredmedia":[{"embeddable":true,"href":"https:\/\/www.hoymercedes.com.ar\/principal\/wp-json\/wp\/v2\/media\/90276"}],"wp:attachment":[{"href":"https:\/\/www.hoymercedes.com.ar\/principal\/wp-json\/wp\/v2\/media?parent=90275"}],"wp:term":[{"taxonomy":"category","embeddable":true,"href":"https:\/\/www.hoymercedes.com.ar\/principal\/wp-json\/wp\/v2\/categories?post=90275"},{"taxonomy":"post_tag","embeddable":true,"href":"https:\/\/www.hoymercedes.com.ar\/principal\/wp-json\/wp\/v2\/tags?post=90275"}],"curies":[{"name":"wp","href":"https:\/\/api.w.org\/{rel}","templated":true}]}}