{"id":90280,"date":"2019-03-28T06:28:55","date_gmt":"2019-03-28T09:28:55","guid":{"rendered":"http:\/\/www.hoymercedes.com.ar\/principal\/?p=90280"},"modified":"2019-03-27T16:36:46","modified_gmt":"2019-03-27T19:36:46","slug":"la-importancia-de-la-gestion-y-saneamiento-del-agua-dulce","status":"publish","type":"post","link":"https:\/\/www.hoymercedes.com.ar\/principal\/2019\/03\/28\/la-importancia-de-la-gestion-y-saneamiento-del-agua-dulce\/","title":{"rendered":"La importancia de la gesti\u00f3n y saneamiento del agua dulce"},"content":{"rendered":"\n<p>Cristi\u00e1n\nFrers* &#8211; El agua dulce es un recurso finito, vital para el ser humano y\nesencial para el desarrollo social y econ\u00f3mico. Sin embargo, a pesar de su\nimportancia evidente para la vida del hombre, reci\u00e9n en los \u00faltimas tiempos se\nempez\u00f3 a tomar conciencia p\u00fablica de su escasez y el riesgo cierto de una\ndisminuci\u00f3n de las fuentes de agua dulce.<\/p>\n\n\n\n<p>La\ncreciente demanda de agua es una de las problem\u00e1ticas que hoy enfrenta la\nhumanidad. En el imaginario este problema se asocia a la escasez del recurso y\nno a la necesidad de su gesti\u00f3n responsable<\/p>\n\n\n\n<p>El\nacceso al agua potable es internacionalmente reconocido como uno de los\nderechos humanos esenciales. Sin embargo, m\u00e1s de 2.000 millones de personas en\ndiversos puntos del planeta no tienen ni siquiera los servicios de agua y\nsaneamiento m\u00e1s b\u00e1sicos. La disponibilidad del agua potable es un factor\ndeterminante para el desarrollo humano y econ\u00f3mico en los nuevos escenarios del\nsiglo XXI.<\/p>\n\n\n\n<p>Entre\ndichos objetivos, se deber\u00edan tener en cuenta ampliar los servicios de agua\npotable y saneamiento, a reducir dr\u00e1sticamente la p\u00e9rdida\nde vidas por enfermedades relacionadas con el agua y aliviar la escasez del\nrecurso en los pa\u00edses en desarrollo.<\/p>\n\n\n\n<p>Argentina\nes un Estado Federal donde los recursos naturales son propiedad de las\nprovincias, y el agua es un recurso natural por excelencia. En tal sentido,\nresulta necesario recuperar los conceptos de da\u00f1o estructural y renovaci\u00f3n de\nla gesti\u00f3n de los recursos h\u00eddricos, que son estrat\u00e9gicos.<\/p>\n\n\n\n<p>Hay\nzonas, como la Regi\u00f3n Metropolitana de Buenos Aires, con un exceso de agua, y\notras, con mucha menos: Chaco, Formosa, San Juan y Mendoza. La gesti\u00f3n del agua\nse relaciona sobre todo con la red de distribuci\u00f3n que la lleva a diferentes\npoblaciones. Quiz\u00e1s en el norte de la provincia de Buenos Aires hay abundante\nagua, pero eso no quiere decir que la poblaci\u00f3n cuente con un recurso de\ncalidad para el consumo humano. Muchas veces el agua potable no es accesible\npara la poblaci\u00f3n: en estas zonas hay lugares donde el agua no es apta para el\nconsumo, y donde, sin embargo, se est\u00e1 consumiendo<\/p>\n\n\n\n<p>\u00bfCu\u00e1les\nson los problemas de las ciudades? La urbanizaci\u00f3n es el gran problema\nambiental relacionado con el agua, por su generaci\u00f3n de aguas negras que deben\nser tratadas. Es un gran problema en los pa\u00edses que tienen contaminados los\nr\u00edos que pasan por sus ciudades y no pueden utilizar el agua para fines\npotables.<\/p>\n\n\n\n<p>En\nlos \u00faltimos tiempos hemos visto un gran aumento de descarga de aguas negras a\nlos r\u00edos y lagos y, sin embargo, no ha aumentado su tratamiento.<\/p>\n\n\n\n<p>La\ncontaminaci\u00f3n del agua crea m\u00e1s desigualdad: los m\u00e1s afectados son los pobres\nde las zonas rurales de los pa\u00edses en desarrollo porque son los que m\u00e1s usan el\nagua de los r\u00edos o lagos para beber, para ba\u00f1arse, lavar ropa o cocinar.<\/p>\n\n\n\n<p>La\nriqueza hidrol\u00f3gica del pa\u00eds es excepcional y est\u00e1 comprendida por las\ndenominadas aguas superficiales, por los campos de hielo y las aguas\nsubterr\u00e1neas. Poseer esta relativa abundancia es un patrimonio natural que no\nsolo aporta sus beneficios sino que genera el deber de utilizarlo de manera\nresponsable. Exige de las autoridades administrarlo correctamente, emplearlo\neficazmente dentro de un marco institucional y jur\u00eddico apropiado que lo\npreserve de su deterioro y agotamiento.<\/p>\n\n\n\n<p>No\nhay duda de que tenemos las herramientas necesarias para atajar este creciente\nproblema. Es tiempo de hacer uso de ellas para combatir lo que se est\u00e1\nconvirtiendo en una de las m\u00e1s grandes amenazas a la salud y el desarrollo de\nlas personas en todo el mundo.<\/p>\n\n\n\n<p>Para\nsolucionar este tema, es necesario fortalecer la educaci\u00f3n, la formaci\u00f3n, la\ncreaci\u00f3n de capacidades y los esfuerzos de sensibilizaci\u00f3n en materia de\ngesti\u00f3n sostenible de los recursos de agua dulce. Tambi\u00e9n requerir\u00e1 la\nexpansi\u00f3n de la base de conocimientos necesaria para tomar decisiones bien\ninformadas con respecto a la gesti\u00f3n y uso de los procesos de recursos h\u00eddricos\ny el desarrollo de pol\u00edticas de sostenibilidad que se ocupan de los riesgos globales\nde manera integrada y coordinada, incluidas las en relaci\u00f3n con el agua. <\/p>\n\n\n\n<p>*Cristi\u00e1n\nFrers \u2013 T\u00e9cnico Superior en Gesti\u00f3n Ambiental y T\u00e9cnico Superior en\nComunicaci\u00f3n Social (Periodista).<\/p>\n","protected":false},"excerpt":{"rendered":"<p>Cristi\u00e1n Frers* &#8211; El agua dulce es un recurso finito, vital para el ser humano y esencial para el desarrollo &#8230; <a title=\"La importancia de la gesti\u00f3n y saneamiento del agua dulce\" class=\"read-more\" href=\"https:\/\/www.hoymercedes.com.ar\/principal\/2019\/03\/28\/la-importancia-de-la-gestion-y-saneamiento-del-agua-dulce\/\" aria-label=\"Leer m\u00e1s sobre La importancia de la gesti\u00f3n y saneamiento del agua dulce\">Leer m\u00e1s<\/a><\/p>\n","protected":false},"author":1,"featured_media":90281,"comment_status":"closed","ping_status":"open","sticky":false,"template":"","format":"standard","meta":{"_monsterinsights_skip_tracking":false,"_monsterinsights_sitenote_active":false,"_monsterinsights_sitenote_note":"","_monsterinsights_sitenote_category":0,"jetpack_post_was_ever_published":false,"_jetpack_newsletter_access":"","_jetpack_dont_email_post_to_subs":false,"_jetpack_newsletter_tier_id":0,"_jetpack_memberships_contains_paywalled_content":false,"_jetpack_memberships_contains_paid_content":false,"footnotes":"","jetpack_publicize_message":"","jetpack_publicize_feature_enabled":true,"jetpack_social_post_already_shared":true,"jetpack_social_options":{"image_generator_settings":{"template":"highway","default_image_id":0,"font":"","enabled":false},"version":2},"_wpas_customize_per_network":false},"categories":[1],"tags":[43,8748,14729],"class_list":["post-90280","post","type-post","status-publish","format-standard","has-post-thumbnail","hentry","category-opinion","tag-medio-ambiente","tag-opinion","tag-saneamiento-de-agua","generate-columns","tablet-grid-50","mobile-grid-100","grid-parent","grid-50"],"jetpack_publicize_connections":[],"jetpack_featured_media_url":"https:\/\/www.hoymercedes.com.ar\/principal\/wp-content\/uploads\/2019\/03\/28-agua-1.jpg","wps_subtitle":"\u201cNo se aprecia el valor del agua hasta que se seca el pozo\u201d","jetpack_sharing_enabled":true,"_links":{"self":[{"href":"https:\/\/www.hoymercedes.com.ar\/principal\/wp-json\/wp\/v2\/posts\/90280","targetHints":{"allow":["GET"]}}],"collection":[{"href":"https:\/\/www.hoymercedes.com.ar\/principal\/wp-json\/wp\/v2\/posts"}],"about":[{"href":"https:\/\/www.hoymercedes.com.ar\/principal\/wp-json\/wp\/v2\/types\/post"}],"author":[{"embeddable":true,"href":"https:\/\/www.hoymercedes.com.ar\/principal\/wp-json\/wp\/v2\/users\/1"}],"replies":[{"embeddable":true,"href":"https:\/\/www.hoymercedes.com.ar\/principal\/wp-json\/wp\/v2\/comments?post=90280"}],"version-history":[{"count":0,"href":"https:\/\/www.hoymercedes.com.ar\/principal\/wp-json\/wp\/v2\/posts\/90280\/revisions"}],"wp:featuredmedia":[{"embeddable":true,"href":"https:\/\/www.hoymercedes.com.ar\/principal\/wp-json\/wp\/v2\/media\/90281"}],"wp:attachment":[{"href":"https:\/\/www.hoymercedes.com.ar\/principal\/wp-json\/wp\/v2\/media?parent=90280"}],"wp:term":[{"taxonomy":"category","embeddable":true,"href":"https:\/\/www.hoymercedes.com.ar\/principal\/wp-json\/wp\/v2\/categories?post=90280"},{"taxonomy":"post_tag","embeddable":true,"href":"https:\/\/www.hoymercedes.com.ar\/principal\/wp-json\/wp\/v2\/tags?post=90280"}],"curies":[{"name":"wp","href":"https:\/\/api.w.org\/{rel}","templated":true}]}}