{"id":90284,"date":"2019-03-27T18:10:12","date_gmt":"2019-03-27T21:10:12","guid":{"rendered":"http:\/\/www.hoymercedes.com.ar\/principal\/?p=90284"},"modified":"2019-03-27T16:43:30","modified_gmt":"2019-03-27T19:43:30","slug":"orientacion-vocacional-para-alumnos-del-secundario","status":"publish","type":"post","link":"https:\/\/www.hoymercedes.com.ar\/principal\/2019\/03\/27\/orientacion-vocacional-para-alumnos-del-secundario\/","title":{"rendered":"Orientaci\u00f3n vocacional para alumnos del secundario"},"content":{"rendered":"\n<p>Desde la Coordinaci\u00f3n de Pol\u00edticas Juveniles del Municipio de Mercedes realizan test vocacionales gratuitos a todos los j\u00f3venes que deseen. Un equipo de Orientaci\u00f3n Vocacional Juvenil trabaja durante todo el a\u00f1o con los 6\u00b0 a\u00f1os de todas las escuelas de gesti\u00f3n p\u00fablica y privada.<\/p>\n\n\n\n<figure class=\"wp-block-image\"><img loading=\"lazy\" decoding=\"async\" width=\"750\" height=\"563\" data-attachment-id=\"90285\" data-permalink=\"https:\/\/www.hoymercedes.com.ar\/principal\/2019\/03\/27\/orientacion-vocacional-para-alumnos-del-secundario\/27-test-juvenil\/#main\" data-orig-file=\"https:\/\/www.hoymercedes.com.ar\/principal\/wp-content\/uploads\/2019\/03\/27-test-juvenil.jpg\" data-orig-size=\"750,563\" data-comments-opened=\"0\" data-image-meta=\"{&quot;aperture&quot;:&quot;0&quot;,&quot;credit&quot;:&quot;&quot;,&quot;camera&quot;:&quot;&quot;,&quot;caption&quot;:&quot;&quot;,&quot;created_timestamp&quot;:&quot;0&quot;,&quot;copyright&quot;:&quot;&quot;,&quot;focal_length&quot;:&quot;0&quot;,&quot;iso&quot;:&quot;0&quot;,&quot;shutter_speed&quot;:&quot;0&quot;,&quot;title&quot;:&quot;&quot;,&quot;orientation&quot;:&quot;0&quot;}\" data-image-title=\"27 test juvenil\" data-image-description=\"\" data-image-caption=\"\" data-large-file=\"https:\/\/www.hoymercedes.com.ar\/principal\/wp-content\/uploads\/2019\/03\/27-test-juvenil.jpg\" src=\"https:\/\/www.hoymercedes.com.ar\/principal\/wp-content\/uploads\/2019\/03\/27-test-juvenil.jpg\" alt=\"\" class=\"wp-image-90285\" srcset=\"https:\/\/www.hoymercedes.com.ar\/principal\/wp-content\/uploads\/2019\/03\/27-test-juvenil.jpg 750w, https:\/\/www.hoymercedes.com.ar\/principal\/wp-content\/uploads\/2019\/03\/27-test-juvenil-150x113.jpg 150w, https:\/\/www.hoymercedes.com.ar\/principal\/wp-content\/uploads\/2019\/03\/27-test-juvenil-630x473.jpg 630w, https:\/\/www.hoymercedes.com.ar\/principal\/wp-content\/uploads\/2019\/03\/27-test-juvenil-320x240.jpg 320w, https:\/\/www.hoymercedes.com.ar\/principal\/wp-content\/uploads\/2019\/03\/27-test-juvenil-100x75.jpg 100w\" sizes=\"auto, (max-width: 750px) 100vw, 750px\" \/><\/figure>\n\n\n\n<p>En la actividad se realiza una toma de test vocacional gratuito siendo una herramienta esencial en el proceso de b\u00fasqueda de una carrera o empleo, tambi\u00e9n se efect\u00faa un taller de debate. Luego el equipo de profesionales realiza la devoluci\u00f3n personalizada en cada establecimiento educativo siendo los chicos y chicas acompa\u00f1ados en todo el proceso.<\/p>\n\n\n\n<p>Los estudiantes, adem\u00e1s, recorren las instalaciones del Centro Universitario Regional Mercedes con el fin de obtener informaci\u00f3n y asesoramiento en las carreras que all\u00ed se dictan.<\/p>\n\n\n\n<p>\u201cGracias Intendente Ustarroz por garantizar programas de acercamiento a los j\u00f3venes con herramientas concretas, sabiendo que es dif\u00edcil acceder desde otros medios o instituciones\u201d afirm\u00f3 Eugenia C\u00f3dega, responsable del \u00e1rea.&nbsp;<\/p>\n","protected":false},"excerpt":{"rendered":"<p>Desde la Coordinaci\u00f3n de Pol\u00edticas Juveniles del Municipio de Mercedes realizan test vocacionales gratuitos a todos los j\u00f3venes que deseen. &#8230; <a title=\"Orientaci\u00f3n vocacional para alumnos del secundario\" class=\"read-more\" href=\"https:\/\/www.hoymercedes.com.ar\/principal\/2019\/03\/27\/orientacion-vocacional-para-alumnos-del-secundario\/\" aria-label=\"Leer m\u00e1s sobre Orientaci\u00f3n vocacional para alumnos del secundario\">Leer m\u00e1s<\/a><\/p>\n","protected":false},"author":1,"featured_media":90285,"comment_status":"closed","ping_status":"open","sticky":false,"template":"","format":"standard","meta":{"_monsterinsights_skip_tracking":false,"_monsterinsights_sitenote_active":false,"_monsterinsights_sitenote_note":"","_monsterinsights_sitenote_category":0,"jetpack_post_was_ever_published":false,"_jetpack_newsletter_access":"","_jetpack_dont_email_post_to_subs":false,"_jetpack_newsletter_tier_id":0,"_jetpack_memberships_contains_paywalled_content":false,"_jetpack_memberships_contains_paid_content":false,"footnotes":"","jetpack_publicize_message":"","jetpack_publicize_feature_enabled":true,"jetpack_social_post_already_shared":true,"jetpack_social_options":{"image_generator_settings":{"template":"highway","default_image_id":0,"font":"","enabled":false},"version":2},"_wpas_customize_per_network":false},"categories":[30],"tags":[244,14730,5676],"class_list":["post-90284","post","type-post","status-publish","format-standard","has-post-thumbnail","hentry","category-municipio","tag-municipio-2","tag-orientacion-vocacional","tag-politicas-juveniles","generate-columns","tablet-grid-50","mobile-grid-100","grid-parent","grid-50"],"jetpack_publicize_connections":[],"jetpack_featured_media_url":"https:\/\/www.hoymercedes.com.ar\/principal\/wp-content\/uploads\/2019\/03\/27-test-juvenil.jpg","wps_subtitle":"","jetpack_sharing_enabled":true,"_links":{"self":[{"href":"https:\/\/www.hoymercedes.com.ar\/principal\/wp-json\/wp\/v2\/posts\/90284","targetHints":{"allow":["GET"]}}],"collection":[{"href":"https:\/\/www.hoymercedes.com.ar\/principal\/wp-json\/wp\/v2\/posts"}],"about":[{"href":"https:\/\/www.hoymercedes.com.ar\/principal\/wp-json\/wp\/v2\/types\/post"}],"author":[{"embeddable":true,"href":"https:\/\/www.hoymercedes.com.ar\/principal\/wp-json\/wp\/v2\/users\/1"}],"replies":[{"embeddable":true,"href":"https:\/\/www.hoymercedes.com.ar\/principal\/wp-json\/wp\/v2\/comments?post=90284"}],"version-history":[{"count":0,"href":"https:\/\/www.hoymercedes.com.ar\/principal\/wp-json\/wp\/v2\/posts\/90284\/revisions"}],"wp:featuredmedia":[{"embeddable":true,"href":"https:\/\/www.hoymercedes.com.ar\/principal\/wp-json\/wp\/v2\/media\/90285"}],"wp:attachment":[{"href":"https:\/\/www.hoymercedes.com.ar\/principal\/wp-json\/wp\/v2\/media?parent=90284"}],"wp:term":[{"taxonomy":"category","embeddable":true,"href":"https:\/\/www.hoymercedes.com.ar\/principal\/wp-json\/wp\/v2\/categories?post=90284"},{"taxonomy":"post_tag","embeddable":true,"href":"https:\/\/www.hoymercedes.com.ar\/principal\/wp-json\/wp\/v2\/tags?post=90284"}],"curies":[{"name":"wp","href":"https:\/\/api.w.org\/{rel}","templated":true}]}}