{"id":90287,"date":"2019-03-27T18:43:03","date_gmt":"2019-03-27T21:43:03","guid":{"rendered":"http:\/\/www.hoymercedes.com.ar\/principal\/?p=90287"},"modified":"2019-03-27T18:43:09","modified_gmt":"2019-03-27T21:43:09","slug":"mercedes-no-pudo-derrotar-a-un-estudiantes-que-termino-con-nueve-en-cancha","status":"publish","type":"post","link":"https:\/\/www.hoymercedes.com.ar\/principal\/2019\/03\/27\/mercedes-no-pudo-derrotar-a-un-estudiantes-que-termino-con-nueve-en-cancha\/","title":{"rendered":"Mercedes no pudo derrotar a un Estudiantes que termin\u00f3 con nueve en cancha"},"content":{"rendered":"\n<p>En cancha de la Liga Mercedina se jug\u00f3 este mi\u00e9rcoles el partido de la segunda fecha del campeonato entre Mercedes y Estudiantes. El Blanquinegro opta por no postergar los partidos para poder darle rodaje a los jugadores que no tienen demasiados minutos en el Regional Amateur.<\/p>\n\n\n\n<p>Fue cero a cero el encuentro, con la particularidad que el Pincha, que hizo su debut en el torneo, jug\u00f3 con nueve hombres gran parte del segundo tiempo, por las expulsiones de Juan Ponce a los 15 minutos y Mart\u00edn Etcheverry a los 22.<\/p>\n\n\n\n<p><strong>Club Mercedes 0:<\/strong>\u00a0Francisco Bidone, Santiago Selva, Bautista Bidone, Mat\u00edas Pineda, Juan Dematei, Lucas Picone, Germ\u00e1n Puliti, Sebasti\u00e1n Cabral, Solano Espil, Luis Giacoy y Leandro Filippini.\u00a0<strong>DT:<\/strong>\u00a0Walter D\u00edaz.\u00a0<strong>Suplentes:<\/strong>\u00a0Gustavo B\u00edsforo, Luca Dadea, Guillermo Benedetti y Franco Mart\u00ednez.<br><strong>Estudiantes 0:<\/strong> Tom\u00e1s Borrasca, Bruno Maldonado, Juan Lombardo, Diego Ferrara, Juan Ponce, Jer\u00f3nimo Luna, Mart\u00edn Echeverry, Pablo Giacoy, Axel Reyne, Francisco Basualdo y Mat\u00edas L\u00f3pez. <strong>DT:<\/strong>\u00a0Gabriel Lima.\u00a0<strong>Suplentes:<\/strong>\u00a0Jorge Bartolomeo, Diego Milo y Agust\u00edn Luna.<br><strong>Cambios:<\/strong>\u00a0Facundo Ferros por Mat\u00edas Pineda y Francisco Silvestre por Luis Giacoy en Club Mercedes. Nicol\u00e1s Ledesma por Axel Reyne, Paulo Lescano por Pablo Giacoy y Juan Montero por Mat\u00edas L\u00f3pez en Estudiantes,<br><strong>Arbitro:<\/strong>\u00a0Ernesto Callegari (SADRA).<br><strong>Expulsados:<\/strong>\u00a0A los 15\u2019 Juan Ponce y a los 22\u2019 Mart\u00edn Echeverry en Club Estudiantes <\/p>\n\n\n\n<figure class=\"wp-block-image\"><img loading=\"lazy\" decoding=\"async\" width=\"757\" height=\"730\" data-attachment-id=\"90292\" data-permalink=\"https:\/\/www.hoymercedes.com.ar\/principal\/2019\/03\/27\/mercedes-no-pudo-derrotar-a-un-estudiantes-que-termino-con-nueve-en-cancha\/primera-liga-pos-5\/#main\" data-orig-file=\"https:\/\/www.hoymercedes.com.ar\/principal\/wp-content\/uploads\/2019\/03\/PRIMERA-LIGA-POS-4.png\" data-orig-size=\"757,730\" data-comments-opened=\"0\" data-image-meta=\"{&quot;aperture&quot;:&quot;0&quot;,&quot;credit&quot;:&quot;&quot;,&quot;camera&quot;:&quot;&quot;,&quot;caption&quot;:&quot;&quot;,&quot;created_timestamp&quot;:&quot;0&quot;,&quot;copyright&quot;:&quot;&quot;,&quot;focal_length&quot;:&quot;0&quot;,&quot;iso&quot;:&quot;0&quot;,&quot;shutter_speed&quot;:&quot;0&quot;,&quot;title&quot;:&quot;&quot;,&quot;orientation&quot;:&quot;0&quot;}\" data-image-title=\"PRIMERA LIGA POS\" data-image-description=\"\" data-image-caption=\"\" data-large-file=\"https:\/\/www.hoymercedes.com.ar\/principal\/wp-content\/uploads\/2019\/03\/PRIMERA-LIGA-POS-4.png\" src=\"https:\/\/www.hoymercedes.com.ar\/principal\/wp-content\/uploads\/2019\/03\/PRIMERA-LIGA-POS-4.png\" alt=\"\" class=\"wp-image-90292\" srcset=\"https:\/\/www.hoymercedes.com.ar\/principal\/wp-content\/uploads\/2019\/03\/PRIMERA-LIGA-POS-4.png 757w, https:\/\/www.hoymercedes.com.ar\/principal\/wp-content\/uploads\/2019\/03\/PRIMERA-LIGA-POS-4-150x145.png 150w, https:\/\/www.hoymercedes.com.ar\/principal\/wp-content\/uploads\/2019\/03\/PRIMERA-LIGA-POS-4-630x608.png 630w\" sizes=\"auto, (max-width: 757px) 100vw, 757px\" \/><\/figure>\n","protected":false},"excerpt":{"rendered":"<p>En cancha de la Liga Mercedina se jug\u00f3 este mi\u00e9rcoles el partido de la segunda fecha del campeonato entre Mercedes &#8230; <a title=\"Mercedes no pudo derrotar a un Estudiantes que termin\u00f3 con nueve en cancha\" class=\"read-more\" href=\"https:\/\/www.hoymercedes.com.ar\/principal\/2019\/03\/27\/mercedes-no-pudo-derrotar-a-un-estudiantes-que-termino-con-nueve-en-cancha\/\" aria-label=\"Leer m\u00e1s sobre Mercedes no pudo derrotar a un Estudiantes que termin\u00f3 con nueve en cancha\">Leer m\u00e1s<\/a><\/p>\n","protected":false},"author":1,"featured_media":90292,"comment_status":"closed","ping_status":"open","sticky":false,"template":"","format":"standard","meta":{"_monsterinsights_skip_tracking":false,"_monsterinsights_sitenote_active":false,"_monsterinsights_sitenote_note":"","_monsterinsights_sitenote_category":0,"jetpack_post_was_ever_published":false,"_jetpack_newsletter_access":"","_jetpack_dont_email_post_to_subs":false,"_jetpack_newsletter_tier_id":0,"_jetpack_memberships_contains_paywalled_content":false,"_jetpack_memberships_contains_paid_content":false,"footnotes":"","jetpack_publicize_message":"","jetpack_publicize_feature_enabled":true,"jetpack_social_post_already_shared":true,"jetpack_social_options":{"image_generator_settings":{"template":"highway","default_image_id":0,"font":"","enabled":false},"version":2},"_wpas_customize_per_network":false},"categories":[21],"tags":[],"class_list":["post-90287","post","type-post","status-publish","format-standard","has-post-thumbnail","hentry","category-deportes","generate-columns","tablet-grid-50","mobile-grid-100","grid-parent","grid-50"],"jetpack_publicize_connections":[],"jetpack_featured_media_url":"https:\/\/www.hoymercedes.com.ar\/principal\/wp-content\/uploads\/2019\/03\/PRIMERA-LIGA-POS-4.png","wps_subtitle":"Liga Mercedina","jetpack_sharing_enabled":true,"_links":{"self":[{"href":"https:\/\/www.hoymercedes.com.ar\/principal\/wp-json\/wp\/v2\/posts\/90287","targetHints":{"allow":["GET"]}}],"collection":[{"href":"https:\/\/www.hoymercedes.com.ar\/principal\/wp-json\/wp\/v2\/posts"}],"about":[{"href":"https:\/\/www.hoymercedes.com.ar\/principal\/wp-json\/wp\/v2\/types\/post"}],"author":[{"embeddable":true,"href":"https:\/\/www.hoymercedes.com.ar\/principal\/wp-json\/wp\/v2\/users\/1"}],"replies":[{"embeddable":true,"href":"https:\/\/www.hoymercedes.com.ar\/principal\/wp-json\/wp\/v2\/comments?post=90287"}],"version-history":[{"count":0,"href":"https:\/\/www.hoymercedes.com.ar\/principal\/wp-json\/wp\/v2\/posts\/90287\/revisions"}],"wp:featuredmedia":[{"embeddable":true,"href":"https:\/\/www.hoymercedes.com.ar\/principal\/wp-json\/wp\/v2\/media\/90292"}],"wp:attachment":[{"href":"https:\/\/www.hoymercedes.com.ar\/principal\/wp-json\/wp\/v2\/media?parent=90287"}],"wp:term":[{"taxonomy":"category","embeddable":true,"href":"https:\/\/www.hoymercedes.com.ar\/principal\/wp-json\/wp\/v2\/categories?post=90287"},{"taxonomy":"post_tag","embeddable":true,"href":"https:\/\/www.hoymercedes.com.ar\/principal\/wp-json\/wp\/v2\/tags?post=90287"}],"curies":[{"name":"wp","href":"https:\/\/api.w.org\/{rel}","templated":true}]}}