{"id":90314,"date":"2019-03-28T09:15:20","date_gmt":"2019-03-28T12:15:20","guid":{"rendered":"http:\/\/www.hoymercedes.com.ar\/principal\/?p=90314"},"modified":"2019-03-28T09:14:24","modified_gmt":"2019-03-28T12:14:24","slug":"el-programa-recreo-se-amplia-a-mas-barrios","status":"publish","type":"post","link":"https:\/\/www.hoymercedes.com.ar\/principal\/2019\/03\/28\/el-programa-recreo-se-amplia-a-mas-barrios\/","title":{"rendered":"El Programa \u00abRecreo\u00bb se ampl\u00eda a m\u00e1s barrios"},"content":{"rendered":"\n<p>El programa \u201cRecreo\u201d tuvo un nuevo encuentro en barrio Blandengues ratificando la propuesta de efectuar actividades socio culturales con los ni\u00f1os y ni\u00f1as de la ciudad. El programa realiza un abordaje preventivo a trav\u00e9s del juego, el arte, la m\u00fasica, incentivando la creatividad y trabajando en fortalecer las subjetividades. Se desarrolla actualmente en tres barrios, Blandengues Marchetti y Ravello con actividades tres veces por semana.<\/p>\n\n\n\n<figure class=\"wp-block-image\"><img loading=\"lazy\" decoding=\"async\" width=\"750\" height=\"500\" data-attachment-id=\"90315\" data-permalink=\"https:\/\/www.hoymercedes.com.ar\/principal\/2019\/03\/28\/el-programa-recreo-se-amplia-a-mas-barrios\/28-recreo-1\/#main\" data-orig-file=\"https:\/\/www.hoymercedes.com.ar\/principal\/wp-content\/uploads\/2019\/03\/28-recreo.1.jpeg\" data-orig-size=\"750,500\" data-comments-opened=\"0\" data-image-meta=\"{&quot;aperture&quot;:&quot;0&quot;,&quot;credit&quot;:&quot;&quot;,&quot;camera&quot;:&quot;&quot;,&quot;caption&quot;:&quot;&quot;,&quot;created_timestamp&quot;:&quot;0&quot;,&quot;copyright&quot;:&quot;&quot;,&quot;focal_length&quot;:&quot;0&quot;,&quot;iso&quot;:&quot;0&quot;,&quot;shutter_speed&quot;:&quot;0&quot;,&quot;title&quot;:&quot;&quot;,&quot;orientation&quot;:&quot;0&quot;}\" data-image-title=\"28 recreo.1\" data-image-description=\"\" data-image-caption=\"\" data-large-file=\"https:\/\/www.hoymercedes.com.ar\/principal\/wp-content\/uploads\/2019\/03\/28-recreo.1.jpeg\" src=\"https:\/\/www.hoymercedes.com.ar\/principal\/wp-content\/uploads\/2019\/03\/28-recreo.1.jpeg\" alt=\"\" class=\"wp-image-90315\" srcset=\"https:\/\/www.hoymercedes.com.ar\/principal\/wp-content\/uploads\/2019\/03\/28-recreo.1.jpeg 750w, https:\/\/www.hoymercedes.com.ar\/principal\/wp-content\/uploads\/2019\/03\/28-recreo.1-150x100.jpeg 150w, https:\/\/www.hoymercedes.com.ar\/principal\/wp-content\/uploads\/2019\/03\/28-recreo.1-630x420.jpeg 630w, https:\/\/www.hoymercedes.com.ar\/principal\/wp-content\/uploads\/2019\/03\/28-recreo.1-720x480.jpeg 720w, https:\/\/www.hoymercedes.com.ar\/principal\/wp-content\/uploads\/2019\/03\/28-recreo.1-360x240.jpeg 360w\" sizes=\"auto, (max-width: 750px) 100vw, 750px\" \/><\/figure>\n\n\n\n<p>La Secretaria de Desarrollo Social Jorgelina Silva remarc\u00f3 que la Direcci\u00f3n de la ni\u00f1ez y adolescencia se afianza con una serie de programas relacionados con una pol\u00edtica p\u00fablica integral en materia de ni\u00f1ez y adolescencia.<\/p>\n\n\n\n<p>Por su parte, la responsable del \u00e1rea de ni\u00f1ez Gabriela Olivella coment\u00f3 que la propuesta de Recreo en Blandengues, \u00abes una muestra m\u00e1s de la apuesta a un futuro mejor para todos\u201d <br><\/p>\n","protected":false},"excerpt":{"rendered":"<p>El programa \u201cRecreo\u201d tuvo un nuevo encuentro en barrio Blandengues ratificando la propuesta de efectuar actividades socio culturales con los &#8230; <a title=\"El Programa \u00abRecreo\u00bb se ampl\u00eda a m\u00e1s barrios\" class=\"read-more\" href=\"https:\/\/www.hoymercedes.com.ar\/principal\/2019\/03\/28\/el-programa-recreo-se-amplia-a-mas-barrios\/\" aria-label=\"Leer m\u00e1s sobre El Programa \u00abRecreo\u00bb se ampl\u00eda a m\u00e1s barrios\">Leer m\u00e1s<\/a><\/p>\n","protected":false},"author":1,"featured_media":90315,"comment_status":"closed","ping_status":"open","sticky":false,"template":"","format":"standard","meta":{"_monsterinsights_skip_tracking":false,"_monsterinsights_sitenote_active":false,"_monsterinsights_sitenote_note":"","_monsterinsights_sitenote_category":0,"jetpack_post_was_ever_published":false,"_jetpack_newsletter_access":"","_jetpack_dont_email_post_to_subs":false,"_jetpack_newsletter_tier_id":0,"_jetpack_memberships_contains_paywalled_content":false,"_jetpack_memberships_contains_paid_content":false,"footnotes":"","jetpack_publicize_message":"","jetpack_publicize_feature_enabled":true,"jetpack_social_post_already_shared":true,"jetpack_social_options":{"image_generator_settings":{"template":"highway","default_image_id":0,"font":"","enabled":false},"version":2},"_wpas_customize_per_network":false},"categories":[30],"tags":[600,870,244],"class_list":["post-90314","post","type-post","status-publish","format-standard","has-post-thumbnail","hentry","category-municipio","tag-barrios","tag-desarrollo-social","tag-municipio-2","generate-columns","tablet-grid-50","mobile-grid-100","grid-parent","grid-50"],"jetpack_publicize_connections":[],"jetpack_featured_media_url":"https:\/\/www.hoymercedes.com.ar\/principal\/wp-content\/uploads\/2019\/03\/28-recreo.1.jpeg","wps_subtitle":"Programa de Desarrollo Social","jetpack_sharing_enabled":true,"_links":{"self":[{"href":"https:\/\/www.hoymercedes.com.ar\/principal\/wp-json\/wp\/v2\/posts\/90314","targetHints":{"allow":["GET"]}}],"collection":[{"href":"https:\/\/www.hoymercedes.com.ar\/principal\/wp-json\/wp\/v2\/posts"}],"about":[{"href":"https:\/\/www.hoymercedes.com.ar\/principal\/wp-json\/wp\/v2\/types\/post"}],"author":[{"embeddable":true,"href":"https:\/\/www.hoymercedes.com.ar\/principal\/wp-json\/wp\/v2\/users\/1"}],"replies":[{"embeddable":true,"href":"https:\/\/www.hoymercedes.com.ar\/principal\/wp-json\/wp\/v2\/comments?post=90314"}],"version-history":[{"count":0,"href":"https:\/\/www.hoymercedes.com.ar\/principal\/wp-json\/wp\/v2\/posts\/90314\/revisions"}],"wp:featuredmedia":[{"embeddable":true,"href":"https:\/\/www.hoymercedes.com.ar\/principal\/wp-json\/wp\/v2\/media\/90315"}],"wp:attachment":[{"href":"https:\/\/www.hoymercedes.com.ar\/principal\/wp-json\/wp\/v2\/media?parent=90314"}],"wp:term":[{"taxonomy":"category","embeddable":true,"href":"https:\/\/www.hoymercedes.com.ar\/principal\/wp-json\/wp\/v2\/categories?post=90314"},{"taxonomy":"post_tag","embeddable":true,"href":"https:\/\/www.hoymercedes.com.ar\/principal\/wp-json\/wp\/v2\/tags?post=90314"}],"curies":[{"name":"wp","href":"https:\/\/api.w.org\/{rel}","templated":true}]}}