{"id":90318,"date":"2019-03-28T10:05:34","date_gmt":"2019-03-28T13:05:34","guid":{"rendered":"http:\/\/www.hoymercedes.com.ar\/principal\/?p=90318"},"modified":"2019-03-28T09:26:28","modified_gmt":"2019-03-28T12:26:28","slug":"los-docentes-deciden-si-aceptan-o-rechazan-la-propuesta-salarial","status":"publish","type":"post","link":"https:\/\/www.hoymercedes.com.ar\/principal\/2019\/03\/28\/los-docentes-deciden-si-aceptan-o-rechazan-la-propuesta-salarial\/","title":{"rendered":"Los docentes deciden si aceptan o rechazan la propuesta salarial"},"content":{"rendered":"\n<p>El Frente de Unidad Docente Bonaerenses envi\u00f3 una consulta a todos los docentes de la provincia con la propuesta presentada por el gobierno bonaerense. Entre el 28 y 29 de marzo, en cada gremio se est\u00e1n haciendo asambleas, congresos y reuniones de delegados y afiliados para analizar la propuesta y determinar una respuesta. VER PROPUESTA<\/p>\n\n\n\n<p>De acuerdo a la informaci\u00f3n enviada por los gremios, la propuesta presentada por el Gobierno Provincial contiene actualizaci\u00f3n autom\u00e1tica con aplicaci\u00f3n de cl\u00e1usula gatillo y recupero 2018 de la siguiente forma:<br><\/p>\n\n\n\n<p>A) ACTUALIZACI\u00d3N AUTOM\u00c1TICA<br>Aplicar cl\u00e1usula gatillo (INDEC) trimestralmente con base salario diciembre 2018 en marzo, junio, septiembre y diciembre.<\/p>\n\n\n\n<p>B) RECUPERO 2018: 15,6% en el b\u00e1sico en dos tramos:<br>1) En marzo 2019, traspaso del C\u00f3d. 455 hacia el b\u00e1sico en un monto equivalente al 5% del b\u00e1sico de diciembre 2017.<br>2) 2.a) En julio 2019, traspaso del C\u00f3d. 455 hacia el b\u00e1sico en un monto equivalente al 2,5% del b\u00e1sico de diciembre 2017.<br>2.b) Agregar al sueldo b\u00e1sico el equivalente al 8,1% del sueldo b\u00e1sico de diciembre 2017.<\/p>\n\n\n\n<p>No obstante, contin\u00faan con una serie de pedidos que se resumen en: <br>&#8211; Dejar sin efecto los sumarios por persecuci\u00f3n laboral<br>&#8211; Dar cumplimiento irrestricto a los 12 puntos en materia de infraestructura escolar, se resuelva la situaci\u00f3n de mobiliario, el nombramiento de los cargos faltantes y una urgente soluci\u00f3n a los problemas del SAE<br>&#8211; Devoluci\u00f3n de los d\u00edas de Paro<br>&#8211; La reglamentaci\u00f3n de la licencia por violencia contra la mujer<\/p>\n\n\n\n<p>Los Docentes ser\u00e1n quienes decidan la aceptaci\u00f3n o el rechazo de la propuesta del Gobierno. Estiman que en la tarde del viernes se concretar\u00eda la respuesta. <\/p>\n\n\n\n<p>Ejemplos: <\/p>\n\n\n\n<figure class=\"wp-block-image\"><img loading=\"lazy\" decoding=\"async\" width=\"800\" height=\"473\" data-attachment-id=\"90320\" data-permalink=\"https:\/\/www.hoymercedes.com.ar\/principal\/2019\/03\/28\/los-docentes-deciden-si-aceptan-o-rechazan-la-propuesta-salarial\/28-gremios-docentes-2\/#main\" data-orig-file=\"https:\/\/www.hoymercedes.com.ar\/principal\/wp-content\/uploads\/2019\/03\/28-gremios-docentes-2.jpg\" data-orig-size=\"800,473\" data-comments-opened=\"0\" data-image-meta=\"{&quot;aperture&quot;:&quot;0&quot;,&quot;credit&quot;:&quot;&quot;,&quot;camera&quot;:&quot;&quot;,&quot;caption&quot;:&quot;&quot;,&quot;created_timestamp&quot;:&quot;0&quot;,&quot;copyright&quot;:&quot;&quot;,&quot;focal_length&quot;:&quot;0&quot;,&quot;iso&quot;:&quot;0&quot;,&quot;shutter_speed&quot;:&quot;0&quot;,&quot;title&quot;:&quot;&quot;,&quot;orientation&quot;:&quot;0&quot;}\" data-image-title=\"28 gremios docentes 2\" data-image-description=\"\" data-image-caption=\"\" data-large-file=\"https:\/\/www.hoymercedes.com.ar\/principal\/wp-content\/uploads\/2019\/03\/28-gremios-docentes-2.jpg\" src=\"https:\/\/www.hoymercedes.com.ar\/principal\/wp-content\/uploads\/2019\/03\/28-gremios-docentes-2.jpg\" alt=\"\" class=\"wp-image-90320\" srcset=\"https:\/\/www.hoymercedes.com.ar\/principal\/wp-content\/uploads\/2019\/03\/28-gremios-docentes-2.jpg 800w, https:\/\/www.hoymercedes.com.ar\/principal\/wp-content\/uploads\/2019\/03\/28-gremios-docentes-2-150x89.jpg 150w, https:\/\/www.hoymercedes.com.ar\/principal\/wp-content\/uploads\/2019\/03\/28-gremios-docentes-2-630x372.jpg 630w\" sizes=\"auto, (max-width: 800px) 100vw, 800px\" \/><\/figure>\n\n\n\n<figure class=\"wp-block-image\"><img loading=\"lazy\" decoding=\"async\" width=\"800\" height=\"377\" data-attachment-id=\"90321\" data-permalink=\"https:\/\/www.hoymercedes.com.ar\/principal\/2019\/03\/28\/los-docentes-deciden-si-aceptan-o-rechazan-la-propuesta-salarial\/28-gremios-docentes-3\/#main\" data-orig-file=\"https:\/\/www.hoymercedes.com.ar\/principal\/wp-content\/uploads\/2019\/03\/28-gremios-docentes-3.jpg\" data-orig-size=\"800,377\" data-comments-opened=\"0\" data-image-meta=\"{&quot;aperture&quot;:&quot;0&quot;,&quot;credit&quot;:&quot;&quot;,&quot;camera&quot;:&quot;&quot;,&quot;caption&quot;:&quot;&quot;,&quot;created_timestamp&quot;:&quot;0&quot;,&quot;copyright&quot;:&quot;&quot;,&quot;focal_length&quot;:&quot;0&quot;,&quot;iso&quot;:&quot;0&quot;,&quot;shutter_speed&quot;:&quot;0&quot;,&quot;title&quot;:&quot;&quot;,&quot;orientation&quot;:&quot;0&quot;}\" data-image-title=\"28 gremios docentes 3\" data-image-description=\"\" data-image-caption=\"\" data-large-file=\"https:\/\/www.hoymercedes.com.ar\/principal\/wp-content\/uploads\/2019\/03\/28-gremios-docentes-3.jpg\" src=\"https:\/\/www.hoymercedes.com.ar\/principal\/wp-content\/uploads\/2019\/03\/28-gremios-docentes-3.jpg\" alt=\"\" class=\"wp-image-90321\" srcset=\"https:\/\/www.hoymercedes.com.ar\/principal\/wp-content\/uploads\/2019\/03\/28-gremios-docentes-3.jpg 800w, https:\/\/www.hoymercedes.com.ar\/principal\/wp-content\/uploads\/2019\/03\/28-gremios-docentes-3-150x71.jpg 150w, https:\/\/www.hoymercedes.com.ar\/principal\/wp-content\/uploads\/2019\/03\/28-gremios-docentes-3-630x297.jpg 630w\" sizes=\"auto, (max-width: 800px) 100vw, 800px\" \/><\/figure>\n\n\n\n<p><br><\/p>\n","protected":false},"excerpt":{"rendered":"<p>El Frente de Unidad Docente Bonaerenses envi\u00f3 una consulta a todos los docentes de la provincia con la propuesta presentada &#8230; <a title=\"Los docentes deciden si aceptan o rechazan la propuesta salarial\" class=\"read-more\" href=\"https:\/\/www.hoymercedes.com.ar\/principal\/2019\/03\/28\/los-docentes-deciden-si-aceptan-o-rechazan-la-propuesta-salarial\/\" aria-label=\"Leer m\u00e1s sobre Los docentes deciden si aceptan o rechazan la propuesta salarial\">Leer m\u00e1s<\/a><\/p>\n","protected":false},"author":1,"featured_media":90319,"comment_status":"closed","ping_status":"open","sticky":false,"template":"","format":"standard","meta":{"_monsterinsights_skip_tracking":false,"_monsterinsights_sitenote_active":false,"_monsterinsights_sitenote_note":"","_monsterinsights_sitenote_category":0,"jetpack_post_was_ever_published":false,"_jetpack_newsletter_access":"","_jetpack_dont_email_post_to_subs":false,"_jetpack_newsletter_tier_id":0,"_jetpack_memberships_contains_paywalled_content":false,"_jetpack_memberships_contains_paid_content":false,"footnotes":"","jetpack_publicize_message":"","jetpack_publicize_feature_enabled":true,"jetpack_social_post_already_shared":true,"jetpack_social_options":{"image_generator_settings":{"template":"highway","default_image_id":0,"font":"","enabled":false},"version":2},"_wpas_customize_per_network":false},"categories":[10563],"tags":[484,8799,14735],"class_list":["post-90318","post","type-post","status-publish","format-standard","has-post-thumbnail","hentry","category-gremios-sindicatos","tag-docentes","tag-gremios","tag-oferta-salarial","generate-columns","tablet-grid-50","mobile-grid-100","grid-parent","grid-50"],"jetpack_publicize_connections":[],"jetpack_featured_media_url":"https:\/\/www.hoymercedes.com.ar\/principal\/wp-content\/uploads\/2019\/03\/28-gremios-docentes-1.jpg","wps_subtitle":"Reuni\u00f3n de la tarde del mi\u00e9rcoles","jetpack_sharing_enabled":true,"_links":{"self":[{"href":"https:\/\/www.hoymercedes.com.ar\/principal\/wp-json\/wp\/v2\/posts\/90318","targetHints":{"allow":["GET"]}}],"collection":[{"href":"https:\/\/www.hoymercedes.com.ar\/principal\/wp-json\/wp\/v2\/posts"}],"about":[{"href":"https:\/\/www.hoymercedes.com.ar\/principal\/wp-json\/wp\/v2\/types\/post"}],"author":[{"embeddable":true,"href":"https:\/\/www.hoymercedes.com.ar\/principal\/wp-json\/wp\/v2\/users\/1"}],"replies":[{"embeddable":true,"href":"https:\/\/www.hoymercedes.com.ar\/principal\/wp-json\/wp\/v2\/comments?post=90318"}],"version-history":[{"count":0,"href":"https:\/\/www.hoymercedes.com.ar\/principal\/wp-json\/wp\/v2\/posts\/90318\/revisions"}],"wp:featuredmedia":[{"embeddable":true,"href":"https:\/\/www.hoymercedes.com.ar\/principal\/wp-json\/wp\/v2\/media\/90319"}],"wp:attachment":[{"href":"https:\/\/www.hoymercedes.com.ar\/principal\/wp-json\/wp\/v2\/media?parent=90318"}],"wp:term":[{"taxonomy":"category","embeddable":true,"href":"https:\/\/www.hoymercedes.com.ar\/principal\/wp-json\/wp\/v2\/categories?post=90318"},{"taxonomy":"post_tag","embeddable":true,"href":"https:\/\/www.hoymercedes.com.ar\/principal\/wp-json\/wp\/v2\/tags?post=90318"}],"curies":[{"name":"wp","href":"https:\/\/api.w.org\/{rel}","templated":true}]}}