{"id":90324,"date":"2019-03-28T10:45:10","date_gmt":"2019-03-28T13:45:10","guid":{"rendered":"http:\/\/www.hoymercedes.com.ar\/principal\/?p=90324"},"modified":"2019-03-28T10:26:23","modified_gmt":"2019-03-28T13:26:23","slug":"nueva-recoleccion-de-aceite-comestible-para-su-reciclaje","status":"publish","type":"post","link":"https:\/\/www.hoymercedes.com.ar\/principal\/2019\/03\/28\/nueva-recoleccion-de-aceite-comestible-para-su-reciclaje\/","title":{"rendered":"Nueva recolecci\u00f3n de aceite comestible para su reciclaje"},"content":{"rendered":"\n<p>Nuevamente se llev\u00f3 a cabo la recolecci\u00f3n para su re utilizaci\u00f3n y cuidado del ambiente del aceite vegetal usado que el Municipio lleva adelante en nuestra ciudad a trav\u00e9s del convenio con la Empresa RBA ambiental. Esta semana se recolectaron 1500 litros de los distintos comercios adheridos.<\/p>\n\n\n\n<figure class=\"wp-block-image\"><img loading=\"lazy\" decoding=\"async\" width=\"750\" height=\"500\" data-attachment-id=\"90325\" data-permalink=\"https:\/\/www.hoymercedes.com.ar\/principal\/2019\/03\/28\/nueva-recoleccion-de-aceite-comestible-para-su-reciclaje\/28-recoleccionaceite\/#main\" data-orig-file=\"https:\/\/www.hoymercedes.com.ar\/principal\/wp-content\/uploads\/2019\/03\/28-RecoleccionAceite.jpeg\" data-orig-size=\"750,500\" data-comments-opened=\"0\" data-image-meta=\"{&quot;aperture&quot;:&quot;0&quot;,&quot;credit&quot;:&quot;&quot;,&quot;camera&quot;:&quot;&quot;,&quot;caption&quot;:&quot;&quot;,&quot;created_timestamp&quot;:&quot;0&quot;,&quot;copyright&quot;:&quot;&quot;,&quot;focal_length&quot;:&quot;0&quot;,&quot;iso&quot;:&quot;0&quot;,&quot;shutter_speed&quot;:&quot;0&quot;,&quot;title&quot;:&quot;&quot;,&quot;orientation&quot;:&quot;0&quot;}\" data-image-title=\"28 RecoleccionAceite\" data-image-description=\"\" data-image-caption=\"\" data-large-file=\"https:\/\/www.hoymercedes.com.ar\/principal\/wp-content\/uploads\/2019\/03\/28-RecoleccionAceite.jpeg\" src=\"https:\/\/www.hoymercedes.com.ar\/principal\/wp-content\/uploads\/2019\/03\/28-RecoleccionAceite.jpeg\" alt=\"\" class=\"wp-image-90325\" srcset=\"https:\/\/www.hoymercedes.com.ar\/principal\/wp-content\/uploads\/2019\/03\/28-RecoleccionAceite.jpeg 750w, https:\/\/www.hoymercedes.com.ar\/principal\/wp-content\/uploads\/2019\/03\/28-RecoleccionAceite-150x100.jpeg 150w, https:\/\/www.hoymercedes.com.ar\/principal\/wp-content\/uploads\/2019\/03\/28-RecoleccionAceite-630x420.jpeg 630w, https:\/\/www.hoymercedes.com.ar\/principal\/wp-content\/uploads\/2019\/03\/28-RecoleccionAceite-720x480.jpeg 720w, https:\/\/www.hoymercedes.com.ar\/principal\/wp-content\/uploads\/2019\/03\/28-RecoleccionAceite-360x240.jpeg 360w\" sizes=\"auto, (max-width: 750px) 100vw, 750px\" \/><\/figure>\n\n\n\n<p>\u201cCabe destacar que dentro del convenio celebrado entre el municipio, la empresa y la Instituci\u00f3n CAIDIM, por litros recolectados la instituci\u00f3n mencionada recibe un beneficio econ\u00f3mico.<\/p>\n\n\n\n<p>Con&nbsp; respecto a lo ambiental es muy importante este tipo de recolecci\u00f3n ya que un litro de Aceite vegetal contamina 1000 litros de agua y a su vez este residuo obstruye los ca\u00f1os donde fluyen nuestras aguas&nbsp; subterr\u00e1neas con lo cual un buen manejo integral del mismo permite en la actualidad que en conjunto con&nbsp; los vecinos y los comercios adheridos al programa, vayamos hacia una ciudad ambientalmente sustentable, destacaron desde el \u00e1rea que conduce Juan Cruz Mend\u00eda.&nbsp;<br><\/p>\n","protected":false},"excerpt":{"rendered":"<p>Nuevamente se llev\u00f3 a cabo la recolecci\u00f3n para su re utilizaci\u00f3n y cuidado del ambiente del aceite vegetal usado que &#8230; <a title=\"Nueva recolecci\u00f3n de aceite comestible para su reciclaje\" class=\"read-more\" href=\"https:\/\/www.hoymercedes.com.ar\/principal\/2019\/03\/28\/nueva-recoleccion-de-aceite-comestible-para-su-reciclaje\/\" aria-label=\"Leer m\u00e1s sobre Nueva recolecci\u00f3n de aceite comestible para su reciclaje\">Leer m\u00e1s<\/a><\/p>\n","protected":false},"author":1,"featured_media":90325,"comment_status":"closed","ping_status":"open","sticky":false,"template":"","format":"standard","meta":{"_monsterinsights_skip_tracking":false,"_monsterinsights_sitenote_active":false,"_monsterinsights_sitenote_note":"","_monsterinsights_sitenote_category":0,"jetpack_post_was_ever_published":false,"_jetpack_newsletter_access":"","_jetpack_dont_email_post_to_subs":false,"_jetpack_newsletter_tier_id":0,"_jetpack_memberships_contains_paywalled_content":false,"_jetpack_memberships_contains_paid_content":false,"footnotes":"","jetpack_publicize_message":"","jetpack_publicize_feature_enabled":true,"jetpack_social_post_already_shared":true,"jetpack_social_options":{"image_generator_settings":{"template":"highway","default_image_id":0,"font":"","enabled":false},"version":2},"_wpas_customize_per_network":false},"categories":[30],"tags":[244,12748],"class_list":["post-90324","post","type-post","status-publish","format-standard","has-post-thumbnail","hentry","category-municipio","tag-municipio-2","tag-recoleccion-de-aceite-comestible-usado","generate-columns","tablet-grid-50","mobile-grid-100","grid-parent","grid-50"],"jetpack_publicize_connections":[],"jetpack_featured_media_url":"https:\/\/www.hoymercedes.com.ar\/principal\/wp-content\/uploads\/2019\/03\/28-RecoleccionAceite.jpeg","wps_subtitle":"","jetpack_sharing_enabled":true,"_links":{"self":[{"href":"https:\/\/www.hoymercedes.com.ar\/principal\/wp-json\/wp\/v2\/posts\/90324","targetHints":{"allow":["GET"]}}],"collection":[{"href":"https:\/\/www.hoymercedes.com.ar\/principal\/wp-json\/wp\/v2\/posts"}],"about":[{"href":"https:\/\/www.hoymercedes.com.ar\/principal\/wp-json\/wp\/v2\/types\/post"}],"author":[{"embeddable":true,"href":"https:\/\/www.hoymercedes.com.ar\/principal\/wp-json\/wp\/v2\/users\/1"}],"replies":[{"embeddable":true,"href":"https:\/\/www.hoymercedes.com.ar\/principal\/wp-json\/wp\/v2\/comments?post=90324"}],"version-history":[{"count":0,"href":"https:\/\/www.hoymercedes.com.ar\/principal\/wp-json\/wp\/v2\/posts\/90324\/revisions"}],"wp:featuredmedia":[{"embeddable":true,"href":"https:\/\/www.hoymercedes.com.ar\/principal\/wp-json\/wp\/v2\/media\/90325"}],"wp:attachment":[{"href":"https:\/\/www.hoymercedes.com.ar\/principal\/wp-json\/wp\/v2\/media?parent=90324"}],"wp:term":[{"taxonomy":"category","embeddable":true,"href":"https:\/\/www.hoymercedes.com.ar\/principal\/wp-json\/wp\/v2\/categories?post=90324"},{"taxonomy":"post_tag","embeddable":true,"href":"https:\/\/www.hoymercedes.com.ar\/principal\/wp-json\/wp\/v2\/tags?post=90324"}],"curies":[{"name":"wp","href":"https:\/\/api.w.org\/{rel}","templated":true}]}}