{"id":90327,"date":"2019-03-28T12:12:56","date_gmt":"2019-03-28T15:12:56","guid":{"rendered":"http:\/\/www.hoymercedes.com.ar\/principal\/?p=90327"},"modified":"2019-03-28T12:52:27","modified_gmt":"2019-03-28T15:52:27","slug":"sortearon-bandas-y-fechas-para-el-rock-en-el-galpon","status":"publish","type":"post","link":"https:\/\/www.hoymercedes.com.ar\/principal\/2019\/03\/28\/sortearon-bandas-y-fechas-para-el-rock-en-el-galpon\/","title":{"rendered":"Sortearon bandas y fechas para el Rock en el Galp\u00f3n"},"content":{"rendered":"\n<p>El \u201cRock en el Galp\u00f3n\u201d  comenzar\u00e1 el 27 de abril. Ser\u00e1n 13 fechas con 52 bandas locales y bandas invitadas de localidades vecinas. Adem\u00e1s, se presentaron los equipos para el estudio de grabaci\u00f3n municipal de pre-producci\u00f3n. <\/p>\n\n\n\n<figure class=\"wp-block-image\"><img loading=\"lazy\" decoding=\"async\" width=\"750\" height=\"500\" data-attachment-id=\"90328\" data-permalink=\"https:\/\/www.hoymercedes.com.ar\/principal\/2019\/03\/28\/sortearon-bandas-y-fechas-para-el-rock-en-el-galpon\/28-rock-galpon-2\/#main\" data-orig-file=\"https:\/\/www.hoymercedes.com.ar\/principal\/wp-content\/uploads\/2019\/03\/28-rock-galpon.jpg\" data-orig-size=\"750,500\" data-comments-opened=\"0\" data-image-meta=\"{&quot;aperture&quot;:&quot;0&quot;,&quot;credit&quot;:&quot;&quot;,&quot;camera&quot;:&quot;&quot;,&quot;caption&quot;:&quot;&quot;,&quot;created_timestamp&quot;:&quot;0&quot;,&quot;copyright&quot;:&quot;&quot;,&quot;focal_length&quot;:&quot;0&quot;,&quot;iso&quot;:&quot;0&quot;,&quot;shutter_speed&quot;:&quot;0&quot;,&quot;title&quot;:&quot;&quot;,&quot;orientation&quot;:&quot;0&quot;}\" data-image-title=\"28 rock galpon\" data-image-description=\"\" data-image-caption=\"\" data-large-file=\"https:\/\/www.hoymercedes.com.ar\/principal\/wp-content\/uploads\/2019\/03\/28-rock-galpon.jpg\" src=\"https:\/\/www.hoymercedes.com.ar\/principal\/wp-content\/uploads\/2019\/03\/28-rock-galpon.jpg\" alt=\"\" class=\"wp-image-90328\" srcset=\"https:\/\/www.hoymercedes.com.ar\/principal\/wp-content\/uploads\/2019\/03\/28-rock-galpon.jpg 750w, https:\/\/www.hoymercedes.com.ar\/principal\/wp-content\/uploads\/2019\/03\/28-rock-galpon-150x100.jpg 150w, https:\/\/www.hoymercedes.com.ar\/principal\/wp-content\/uploads\/2019\/03\/28-rock-galpon-630x420.jpg 630w, https:\/\/www.hoymercedes.com.ar\/principal\/wp-content\/uploads\/2019\/03\/28-rock-galpon-720x480.jpg 720w, https:\/\/www.hoymercedes.com.ar\/principal\/wp-content\/uploads\/2019\/03\/28-rock-galpon-360x240.jpg 360w\" sizes=\"auto, (max-width: 750px) 100vw, 750px\" \/><\/figure>\n\n\n\n<p><\/p>\n\n\n\n<p>El intendente Ustarroz se reuni\u00f3 con sus organizadores para ultimar detalles de esta propuesta cultural joven \u201cEstamos muy contentos con todo lo generado mancomunadamente, y es un avance importante que una vez m\u00e1s este ciclo se haga presente en la ciudad\u201d.&nbsp;&nbsp;&nbsp;&nbsp;&nbsp;<\/p>\n\n\n\n<p>Adem\u00e1s, el intendente de nuestra ciudad se\u00f1al\u00f3 \u201cpara nosotros es muy importante que se haya roto, a trav\u00e9s de la pr\u00e1ctica, con estereotipos negativos sobre la juventud y el rock\u201d y destac\u00f3 \u201ccuando se les brind\u00f3 el espacio del galp\u00f3n en la trocha, le han dado un cuidado y un uso ejemplar, y esto que parece algo menor, sirve para romper con esos prejuicios\u201d.<\/p>\n\n\n\n<p>Por otro lado, el jefe comunal Ustarroz, felicit\u00f3 a los presentes por la organizaci\u00f3n \u201crealmente el esp\u00edritu solidario y de colectivo que se da en este espacio, algo que es muy dif\u00edcil\u201d y a\u00f1adi\u00f3 \u201custedes mantienen esa fuerza y unidad, lo cual me parece fant\u00e1stico y que lo demuestran a trav\u00e9s de la pr\u00e1ctica\u201d.<\/p>\n\n\n\n<p>Tambi\u00e9n &nbsp;hizo menci\u00f3n sobre todo lo logrado en la vuelta del Mercedes Rock a nuestra ciudad \u201ca trav\u00e9s de esta iniciativa han podido obtener, de manera autogestiva \u2013el Municipio brind\u00f3 las herramientas-&nbsp; los recursos para poder comprar todos los equipos necesarios para una sala de grabaci\u00f3n\u201d y a su vez expres\u00f3 \u201cnuestra forma de trabajo con todos los actores sociales y culturales de la ciudad es a trav\u00e9s de los objetivos y los proyectos comunes\u201d.<\/p>\n\n\n\n<p>En el encuentro realizado en el Teatro Argentino la directora de cultura, Luc\u00eda Capaccio, dijo \u201cquiero felicitarlos a todos por la organizaci\u00f3n que han tenido a lo largo de este tiempo, la verdad que lo que est\u00e1 pasando en Mercedes es algo que no se da en otro municipios, y eso es gracias a la planificaci\u00f3n y disposici\u00f3n que siempre tienen\u201d.<\/p>\n\n\n\n<p>Asimismo expres\u00f3 \u201cdesde el Municipio y la Direcci\u00f3n de Cultura lo que hacemos es apoyar con las herramientas y la decisi\u00f3n de llevarlo adelante junto a ustedes, pero sin su empuje y organizaci\u00f3n esto no existir\u00eda\u201d.<\/p>\n\n\n\n<p>En otro orden de cosas, la directora Capaccio cont\u00f3 \u201cestamos preparando con los distintos centros culturales, bares y todo aquel sector que haga diferentes eventos, la agenda cultural, no s\u00f3lo del municipio, sino que lo que queremos es presentar una agenda con todo lo que pase en la ciudad a nivel cultural, sea del espacio que sea\u201d.<\/p>\n\n\n\n<p>Para esto, todos aquellos que quieran ser parte de la misma, deben mandar un mail a&nbsp;<a rel=\"noreferrer noopener\" target=\"_blank\" href=\"mailto:culturamercedes@yahoo.com.ar\">culturamercedes@yahoo.com.ar<\/a>&nbsp;para que de esta manera, la Direcci\u00f3n de Cultura municipal realice una agenda online y una revista. \u201cEsa es una manera de promocionar lo que se est\u00e1 haciendo en la ciudad, que es mucho, y tratar de organizarnos para que las fechas no se superpongan\u201d declar\u00f3 Luc\u00eda Capaccio.&nbsp; &nbsp;&nbsp;&nbsp;&nbsp;<\/p>\n\n\n\n<p>Uno de los impulsores y promotores de este evento, Adri\u00e1n \u00abmoco\u00bb Alvarado declar\u00f3 \u201cSiempre recibimos el apoyo, ante nuestros pedidos el municipio respondi\u00f3, por eso queremos darle las gracias al se\u00f1or intendente\u201d y asegur\u00f3 \u201cvamos a seguir trabajando por el rock de nuestra ciudad\u201d.<\/p>\n\n\n\n<p>Eugenia C\u00f3dega, coordinadora de pol\u00edticas juveniles, manifest\u00f3 \u201cla propuesta desde el municipio es la de brindar todas las herramientas necesarias para que esta iniciativa sea llevada adelante por todos los que componen la cultura del rock y los j\u00f3venes de nuestra ciudad\u201d.<br><\/p>\n","protected":false},"excerpt":{"rendered":"<p>El \u201cRock en el Galp\u00f3n\u201d comenzar\u00e1 el 27 de abril. Ser\u00e1n 13 fechas con 52 bandas locales y bandas invitadas &#8230; <a title=\"Sortearon bandas y fechas para el Rock en el Galp\u00f3n\" class=\"read-more\" href=\"https:\/\/www.hoymercedes.com.ar\/principal\/2019\/03\/28\/sortearon-bandas-y-fechas-para-el-rock-en-el-galpon\/\" aria-label=\"Leer m\u00e1s sobre Sortearon bandas y fechas para el Rock en el Galp\u00f3n\">Leer m\u00e1s<\/a><\/p>\n","protected":false},"author":1,"featured_media":90328,"comment_status":"closed","ping_status":"open","sticky":false,"template":"","format":"standard","meta":{"_monsterinsights_skip_tracking":false,"_monsterinsights_sitenote_active":false,"_monsterinsights_sitenote_note":"","_monsterinsights_sitenote_category":0,"jetpack_post_was_ever_published":false,"_jetpack_newsletter_access":"","_jetpack_dont_email_post_to_subs":false,"_jetpack_newsletter_tier_id":0,"_jetpack_memberships_contains_paywalled_content":false,"_jetpack_memberships_contains_paid_content":false,"footnotes":"","jetpack_publicize_message":"","jetpack_publicize_feature_enabled":true,"jetpack_social_post_already_shared":true,"jetpack_social_options":{"image_generator_settings":{"template":"highway","default_image_id":0,"font":"","enabled":false},"version":2},"_wpas_customize_per_network":false},"categories":[30],"tags":[14736,7805,244],"class_list":["post-90327","post","type-post","status-publish","format-standard","has-post-thumbnail","hentry","category-municipio","tag-bandas-de-rock","tag-cultura","tag-municipio-2","generate-columns","tablet-grid-50","mobile-grid-100","grid-parent","grid-50"],"jetpack_publicize_connections":[],"jetpack_featured_media_url":"https:\/\/www.hoymercedes.com.ar\/principal\/wp-content\/uploads\/2019\/03\/28-rock-galpon.jpg","wps_subtitle":"","jetpack_sharing_enabled":true,"_links":{"self":[{"href":"https:\/\/www.hoymercedes.com.ar\/principal\/wp-json\/wp\/v2\/posts\/90327","targetHints":{"allow":["GET"]}}],"collection":[{"href":"https:\/\/www.hoymercedes.com.ar\/principal\/wp-json\/wp\/v2\/posts"}],"about":[{"href":"https:\/\/www.hoymercedes.com.ar\/principal\/wp-json\/wp\/v2\/types\/post"}],"author":[{"embeddable":true,"href":"https:\/\/www.hoymercedes.com.ar\/principal\/wp-json\/wp\/v2\/users\/1"}],"replies":[{"embeddable":true,"href":"https:\/\/www.hoymercedes.com.ar\/principal\/wp-json\/wp\/v2\/comments?post=90327"}],"version-history":[{"count":0,"href":"https:\/\/www.hoymercedes.com.ar\/principal\/wp-json\/wp\/v2\/posts\/90327\/revisions"}],"wp:featuredmedia":[{"embeddable":true,"href":"https:\/\/www.hoymercedes.com.ar\/principal\/wp-json\/wp\/v2\/media\/90328"}],"wp:attachment":[{"href":"https:\/\/www.hoymercedes.com.ar\/principal\/wp-json\/wp\/v2\/media?parent=90327"}],"wp:term":[{"taxonomy":"category","embeddable":true,"href":"https:\/\/www.hoymercedes.com.ar\/principal\/wp-json\/wp\/v2\/categories?post=90327"},{"taxonomy":"post_tag","embeddable":true,"href":"https:\/\/www.hoymercedes.com.ar\/principal\/wp-json\/wp\/v2\/tags?post=90327"}],"curies":[{"name":"wp","href":"https:\/\/api.w.org\/{rel}","templated":true}]}}