{"id":90342,"date":"2019-03-28T17:13:11","date_gmt":"2019-03-28T20:13:11","guid":{"rendered":"http:\/\/www.hoymercedes.com.ar\/principal\/?p=90342"},"modified":"2019-03-28T16:26:08","modified_gmt":"2019-03-28T19:26:08","slug":"la-cem-presento-la-comision-de-mujeres-emprendedoras","status":"publish","type":"post","link":"https:\/\/www.hoymercedes.com.ar\/principal\/2019\/03\/28\/la-cem-presento-la-comision-de-mujeres-emprendedoras\/","title":{"rendered":"La CEM present\u00f3 la Comisi\u00f3n de Mujeres Emprendedoras"},"content":{"rendered":"\n<p>La Comisi\u00f3n\nde Mujeres Empresarias Mercedinas de la C\u00e1mara Econ\u00f3mica Mercedina (CEM) dio su\ninicio en la noche del mi\u00e9rcoles con una reuni\u00f3n de la que participaron mujeres\nemprendedoras de la ciudad invitadas especialmente para la ocasi\u00f3n. <\/p>\n\n\n\n<figure class=\"wp-block-image\"><img loading=\"lazy\" decoding=\"async\" width=\"800\" height=\"533\" data-attachment-id=\"90344\" data-permalink=\"https:\/\/www.hoymercedes.com.ar\/principal\/2019\/03\/28\/la-cem-presento-la-comision-de-mujeres-emprendedoras\/2019-mujeres-reunion-2\/#main\" data-orig-file=\"https:\/\/www.hoymercedes.com.ar\/principal\/wp-content\/uploads\/2019\/03\/2019-mujeres-reunion-2.jpg\" data-orig-size=\"800,533\" data-comments-opened=\"0\" data-image-meta=\"{&quot;aperture&quot;:&quot;2&quot;,&quot;credit&quot;:&quot;&quot;,&quot;camera&quot;:&quot;Moto G (5S) Plus&quot;,&quot;caption&quot;:&quot;&quot;,&quot;created_timestamp&quot;:&quot;1553717504&quot;,&quot;copyright&quot;:&quot;&quot;,&quot;focal_length&quot;:&quot;3.59&quot;,&quot;iso&quot;:&quot;834&quot;,&quot;shutter_speed&quot;:&quot;0.058823529411765&quot;,&quot;title&quot;:&quot;&quot;,&quot;orientation&quot;:&quot;1&quot;}\" data-image-title=\"2019 mujeres reunion 2\" data-image-description=\"\" data-image-caption=\"\" data-large-file=\"https:\/\/www.hoymercedes.com.ar\/principal\/wp-content\/uploads\/2019\/03\/2019-mujeres-reunion-2.jpg\" src=\"https:\/\/www.hoymercedes.com.ar\/principal\/wp-content\/uploads\/2019\/03\/2019-mujeres-reunion-2.jpg\" alt=\"\" class=\"wp-image-90344\" srcset=\"https:\/\/www.hoymercedes.com.ar\/principal\/wp-content\/uploads\/2019\/03\/2019-mujeres-reunion-2.jpg 800w, https:\/\/www.hoymercedes.com.ar\/principal\/wp-content\/uploads\/2019\/03\/2019-mujeres-reunion-2-150x100.jpg 150w, https:\/\/www.hoymercedes.com.ar\/principal\/wp-content\/uploads\/2019\/03\/2019-mujeres-reunion-2-630x420.jpg 630w, https:\/\/www.hoymercedes.com.ar\/principal\/wp-content\/uploads\/2019\/03\/2019-mujeres-reunion-2-720x480.jpg 720w, https:\/\/www.hoymercedes.com.ar\/principal\/wp-content\/uploads\/2019\/03\/2019-mujeres-reunion-2-360x240.jpg 360w\" sizes=\"auto, (max-width: 800px) 100vw, 800px\" \/><\/figure>\n\n\n\n<p>El Gerente\nde la CEM Ariel Pietrucha, junto a la Lic. Natalia Facciolo, impulsora del\nproyecto inicial para conformar una Comisi\u00f3n de Mujeres Empresarias, dieron la\nbienvenida a las mujeres mercedinas empresarias y emprendedoras de distintos\nrubros comerciales y de servicios.<\/p>\n\n\n\n<p>La\nCoordinadora de la Comisi\u00f3n explic\u00f3 cu\u00e1les eran los objetivos de \u201calgo grande y\nfresco para Mercedes\u201d. \u201cEmpresarias somos todas, somos las que tomamos la\ndecisi\u00f3n, la que tenemos un sue\u00f1o y lo llevamos adelante. Todas somos\nempresarias y la idea es que nos ayudemos. Las que ya tenemos un negocio, lo\npodamos llevar a un nuevo nivel, y podamos ayudar a las que est\u00e1n empezando. La\nidea es que nos capacitemos y aprovechamos el espacio para crecer\u201d, explic\u00f3\nNatalia Facciolo. <\/p>\n\n\n\n<p>\u201cLa uni\u00f3n hace a la fuerza y este espacio se abre para eso. Para que lo aprovechemos\u201d, dijo la coordinadora de la Comisi\u00f3n de Mujeres que destac\u00f3 a las mujeres j\u00f3venes emprendedoras que son de Mercedes pero viven en Buenos Aires y que quieren participar, adem\u00e1s de las mujeres que llevan adelante sus proyectos en la ciudad y que no tienen posibilidad de capacitarse en otros lugares.<\/p>\n\n\n\n<figure class=\"wp-block-image\"><img loading=\"lazy\" decoding=\"async\" width=\"800\" height=\"600\" data-attachment-id=\"90345\" data-permalink=\"https:\/\/www.hoymercedes.com.ar\/principal\/2019\/03\/28\/la-cem-presento-la-comision-de-mujeres-emprendedoras\/2019-mujeres-reunion-4\/#main\" data-orig-file=\"https:\/\/www.hoymercedes.com.ar\/principal\/wp-content\/uploads\/2019\/03\/2019-mujeres-reunion-4.jpg\" data-orig-size=\"800,600\" data-comments-opened=\"0\" data-image-meta=\"{&quot;aperture&quot;:&quot;2&quot;,&quot;credit&quot;:&quot;&quot;,&quot;camera&quot;:&quot;Moto G (5S) Plus&quot;,&quot;caption&quot;:&quot;&quot;,&quot;created_timestamp&quot;:&quot;1553716547&quot;,&quot;copyright&quot;:&quot;&quot;,&quot;focal_length&quot;:&quot;3.59&quot;,&quot;iso&quot;:&quot;421&quot;,&quot;shutter_speed&quot;:&quot;0.058823529411765&quot;,&quot;title&quot;:&quot;&quot;,&quot;orientation&quot;:&quot;1&quot;}\" data-image-title=\"2019 mujeres reunion 4\" data-image-description=\"\" data-image-caption=\"\" data-large-file=\"https:\/\/www.hoymercedes.com.ar\/principal\/wp-content\/uploads\/2019\/03\/2019-mujeres-reunion-4.jpg\" src=\"https:\/\/www.hoymercedes.com.ar\/principal\/wp-content\/uploads\/2019\/03\/2019-mujeres-reunion-4.jpg\" alt=\"\" class=\"wp-image-90345\" srcset=\"https:\/\/www.hoymercedes.com.ar\/principal\/wp-content\/uploads\/2019\/03\/2019-mujeres-reunion-4.jpg 800w, https:\/\/www.hoymercedes.com.ar\/principal\/wp-content\/uploads\/2019\/03\/2019-mujeres-reunion-4-150x113.jpg 150w, https:\/\/www.hoymercedes.com.ar\/principal\/wp-content\/uploads\/2019\/03\/2019-mujeres-reunion-4-630x473.jpg 630w, https:\/\/www.hoymercedes.com.ar\/principal\/wp-content\/uploads\/2019\/03\/2019-mujeres-reunion-4-320x240.jpg 320w, https:\/\/www.hoymercedes.com.ar\/principal\/wp-content\/uploads\/2019\/03\/2019-mujeres-reunion-4-100x75.jpg 100w\" sizes=\"auto, (max-width: 800px) 100vw, 800px\" \/><\/figure>\n\n\n\n<p>A modo de\nadelanto, la Lic. Facciolo invit\u00f3 a las presentes al primer workshop organizado\npor la Comisi\u00f3n y orientado a las mujeres emprendedoras que se quieran sumar.\nSe trata de una charla que dar\u00e1 la mercedina Agustina Strigaro sobre\n\u201cCreatividad y Fotograf\u00eda con celular\u201d. La propuesta para finales de abril\nbuscar\u00e1 que las emprendedoras tengan las herramientas para difundir sus\nproductos a trav\u00e9s de las redes sociales donde la imagen es central para llegar\na mayor n\u00famero de clientes.<\/p>\n\n\n\n<p>Con el\nobjetivo de conformar la Comisi\u00f3n, la Coordinadora de la CEM solicit\u00f3 que\nquienes est\u00e9n interesadas en participar activamente conformen sus datos para\narmar pr\u00f3ximas reuniones y darle m\u00e1s forma a los proyectos del corriente a\u00f1o. <\/p>\n\n\n\n<p>Terminada la exposici\u00f3n de Natalia Facciolo, se realiz\u00f3 un reconocimiento a la Lic. Norma Ronanduano, due\u00f1a del Centro Bienestar, quien cont\u00f3 su historia como kinesi\u00f3loga y la necesidad de desarrollar su profesi\u00f3n y expandir la atenci\u00f3n sumando profesionales de la salud de otras disciplinas para sus pacientes. <\/p>\n\n\n\n<figure class=\"wp-block-image\"><img loading=\"lazy\" decoding=\"async\" width=\"800\" height=\"533\" data-attachment-id=\"90343\" data-permalink=\"https:\/\/www.hoymercedes.com.ar\/principal\/2019\/03\/28\/la-cem-presento-la-comision-de-mujeres-emprendedoras\/2019-mujeres-reunion-1\/#main\" data-orig-file=\"https:\/\/www.hoymercedes.com.ar\/principal\/wp-content\/uploads\/2019\/03\/2019-mujeres-reunion-1.jpg\" data-orig-size=\"800,533\" data-comments-opened=\"0\" data-image-meta=\"{&quot;aperture&quot;:&quot;2&quot;,&quot;credit&quot;:&quot;&quot;,&quot;camera&quot;:&quot;Moto G (5S) Plus&quot;,&quot;caption&quot;:&quot;&quot;,&quot;created_timestamp&quot;:&quot;1553718409&quot;,&quot;copyright&quot;:&quot;&quot;,&quot;focal_length&quot;:&quot;3.59&quot;,&quot;iso&quot;:&quot;809&quot;,&quot;shutter_speed&quot;:&quot;0.058823529411765&quot;,&quot;title&quot;:&quot;&quot;,&quot;orientation&quot;:&quot;1&quot;}\" data-image-title=\"2019 mujeres reunion 1\" data-image-description=\"\" data-image-caption=\"\" data-large-file=\"https:\/\/www.hoymercedes.com.ar\/principal\/wp-content\/uploads\/2019\/03\/2019-mujeres-reunion-1.jpg\" src=\"https:\/\/www.hoymercedes.com.ar\/principal\/wp-content\/uploads\/2019\/03\/2019-mujeres-reunion-1.jpg\" alt=\"\" class=\"wp-image-90343\" srcset=\"https:\/\/www.hoymercedes.com.ar\/principal\/wp-content\/uploads\/2019\/03\/2019-mujeres-reunion-1.jpg 800w, https:\/\/www.hoymercedes.com.ar\/principal\/wp-content\/uploads\/2019\/03\/2019-mujeres-reunion-1-150x100.jpg 150w, https:\/\/www.hoymercedes.com.ar\/principal\/wp-content\/uploads\/2019\/03\/2019-mujeres-reunion-1-630x420.jpg 630w, https:\/\/www.hoymercedes.com.ar\/principal\/wp-content\/uploads\/2019\/03\/2019-mujeres-reunion-1-720x480.jpg 720w, https:\/\/www.hoymercedes.com.ar\/principal\/wp-content\/uploads\/2019\/03\/2019-mujeres-reunion-1-360x240.jpg 360w\" sizes=\"auto, (max-width: 800px) 100vw, 800px\" \/><\/figure>\n","protected":false},"excerpt":{"rendered":"<p>La Comisi\u00f3n de Mujeres Empresarias Mercedinas de la C\u00e1mara Econ\u00f3mica Mercedina (CEM) dio su inicio en la noche del mi\u00e9rcoles &#8230; <a title=\"La CEM present\u00f3 la Comisi\u00f3n de Mujeres Emprendedoras\" class=\"read-more\" href=\"https:\/\/www.hoymercedes.com.ar\/principal\/2019\/03\/28\/la-cem-presento-la-comision-de-mujeres-emprendedoras\/\" aria-label=\"Leer m\u00e1s sobre La CEM present\u00f3 la Comisi\u00f3n de Mujeres Emprendedoras\">Leer m\u00e1s<\/a><\/p>\n","protected":false},"author":1,"featured_media":90346,"comment_status":"closed","ping_status":"open","sticky":false,"template":"","format":"standard","meta":{"_monsterinsights_skip_tracking":false,"_monsterinsights_sitenote_active":false,"_monsterinsights_sitenote_note":"","_monsterinsights_sitenote_category":0,"jetpack_post_was_ever_published":false,"_jetpack_newsletter_access":"","_jetpack_dont_email_post_to_subs":false,"_jetpack_newsletter_tier_id":0,"_jetpack_memberships_contains_paywalled_content":false,"_jetpack_memberships_contains_paid_content":false,"footnotes":"","jetpack_publicize_message":"","jetpack_publicize_feature_enabled":true,"jetpack_social_post_already_shared":true,"jetpack_social_options":{"image_generator_settings":{"template":"highway","default_image_id":0,"font":"","enabled":false},"version":2},"_wpas_customize_per_network":false},"categories":[8],"tags":[682,14637],"class_list":["post-90342","post","type-post","status-publish","format-standard","has-post-thumbnail","hentry","category-sociedad","tag-cem","tag-comision-de-mujeres-empresarias-mercedinas","generate-columns","tablet-grid-50","mobile-grid-100","grid-parent","grid-50"],"jetpack_publicize_connections":[],"jetpack_featured_media_url":"https:\/\/www.hoymercedes.com.ar\/principal\/wp-content\/uploads\/2019\/03\/2019-mujeres-reunion-5.jpg","wps_subtitle":"","jetpack_sharing_enabled":true,"_links":{"self":[{"href":"https:\/\/www.hoymercedes.com.ar\/principal\/wp-json\/wp\/v2\/posts\/90342","targetHints":{"allow":["GET"]}}],"collection":[{"href":"https:\/\/www.hoymercedes.com.ar\/principal\/wp-json\/wp\/v2\/posts"}],"about":[{"href":"https:\/\/www.hoymercedes.com.ar\/principal\/wp-json\/wp\/v2\/types\/post"}],"author":[{"embeddable":true,"href":"https:\/\/www.hoymercedes.com.ar\/principal\/wp-json\/wp\/v2\/users\/1"}],"replies":[{"embeddable":true,"href":"https:\/\/www.hoymercedes.com.ar\/principal\/wp-json\/wp\/v2\/comments?post=90342"}],"version-history":[{"count":0,"href":"https:\/\/www.hoymercedes.com.ar\/principal\/wp-json\/wp\/v2\/posts\/90342\/revisions"}],"wp:featuredmedia":[{"embeddable":true,"href":"https:\/\/www.hoymercedes.com.ar\/principal\/wp-json\/wp\/v2\/media\/90346"}],"wp:attachment":[{"href":"https:\/\/www.hoymercedes.com.ar\/principal\/wp-json\/wp\/v2\/media?parent=90342"}],"wp:term":[{"taxonomy":"category","embeddable":true,"href":"https:\/\/www.hoymercedes.com.ar\/principal\/wp-json\/wp\/v2\/categories?post=90342"},{"taxonomy":"post_tag","embeddable":true,"href":"https:\/\/www.hoymercedes.com.ar\/principal\/wp-json\/wp\/v2\/tags?post=90342"}],"curies":[{"name":"wp","href":"https:\/\/api.w.org\/{rel}","templated":true}]}}