{"id":90349,"date":"2019-03-28T18:20:45","date_gmt":"2019-03-28T21:20:45","guid":{"rendered":"http:\/\/www.hoymercedes.com.ar\/principal\/?p=90349"},"modified":"2019-03-29T09:09:29","modified_gmt":"2019-03-29T12:09:29","slug":"este-viernes-sera-el-juicio-a-yanina-fariaz","status":"publish","type":"post","link":"https:\/\/www.hoymercedes.com.ar\/principal\/2019\/03\/28\/este-viernes-sera-el-juicio-a-yanina-fariaz\/","title":{"rendered":"Este viernes ser\u00e1 el juicio a Yanina Fariaz"},"content":{"rendered":"\n<p>El d\u00eda viernes se llevar\u00e1 a cabo en los tribunales de Mercedes el juicio a Yanina Fariaz. A lo largo del a\u00f1o pasado el nombre de Yanina y su historia se hicieron conocidos en Mercedes a partir del reclamo de las organizaciones, colectivos de mujeres y partidos que hemos difundido el caso.<\/p>\n\n\n\n<figure class=\"wp-block-image\"><img loading=\"lazy\" decoding=\"async\" width=\"750\" height=\"500\" data-attachment-id=\"78315\" data-permalink=\"https:\/\/www.hoymercedes.com.ar\/principal\/2018\/07\/07\/movimientos-feministas-pidieron-la-absolucion-de-yanina-fariaz\/07-yanina-fariaz-1\/#main\" data-orig-file=\"https:\/\/www.hoymercedes.com.ar\/principal\/wp-content\/uploads\/2018\/07\/07-yanina-fariaz-1.jpg\" data-orig-size=\"750,500\" data-comments-opened=\"0\" data-image-meta=\"{&quot;aperture&quot;:&quot;8&quot;,&quot;credit&quot;:&quot;&quot;,&quot;camera&quot;:&quot;NIKON D3100&quot;,&quot;caption&quot;:&quot;&quot;,&quot;created_timestamp&quot;:&quot;1530791084&quot;,&quot;copyright&quot;:&quot;&quot;,&quot;focal_length&quot;:&quot;18&quot;,&quot;iso&quot;:&quot;100&quot;,&quot;shutter_speed&quot;:&quot;0.004&quot;,&quot;title&quot;:&quot;&quot;,&quot;orientation&quot;:&quot;1&quot;}\" data-image-title=\"07 yanina fariaz 1\" data-image-description=\"\" data-image-caption=\"\" data-large-file=\"https:\/\/www.hoymercedes.com.ar\/principal\/wp-content\/uploads\/2018\/07\/07-yanina-fariaz-1.jpg\" src=\"https:\/\/www.hoymercedes.com.ar\/principal\/wp-content\/uploads\/2018\/07\/07-yanina-fariaz-1.jpg\" alt=\"\" class=\"wp-image-78315\" srcset=\"https:\/\/www.hoymercedes.com.ar\/principal\/wp-content\/uploads\/2018\/07\/07-yanina-fariaz-1.jpg 750w, https:\/\/www.hoymercedes.com.ar\/principal\/wp-content\/uploads\/2018\/07\/07-yanina-fariaz-1-150x100.jpg 150w, https:\/\/www.hoymercedes.com.ar\/principal\/wp-content\/uploads\/2018\/07\/07-yanina-fariaz-1-630x420.jpg 630w\" sizes=\"auto, (max-width: 750px) 100vw, 750px\" \/><\/figure>\n\n\n\n<p>El reclamo por la libertad de Yanina y justicia por Xiomara tuvo su epicentro en nuestros tribunales pero cuenta con un recorrido a lo largo de toda la provincia y ha sido fuertemente tomado por las circunstancias en que se le imputa la responsabilidad en la muerte de su hija.<\/p>\n\n\n\n<p>Yanina Fariaz tiene 28 a\u00f1os, viv\u00eda en el barrio Cuartel V de Moreno junto a sus dos hijos: Xiomara de 2 a\u00f1os y su hijo Juan Gabriel de 4 a\u00f1os. Tras un acuerdo con la madre de Yanina, \u00e9sta fue a vivir con Alfredo Leguizam\u00f3n a cambio de techo y comida, cabe aclarar que Leguizam\u00f3n no era su pareja. En \u00e9ste contexto de sometimiento Yanina sufr\u00eda maltratos, golpes y violaciones, conductas que se agravan por el hecho que ella sufre un retraso madurativo desde su nacimiento.<\/p>\n\n\n\n<p>En el mes de agosto de 2017 mientras le cambiaba el pa\u00f1al a su hija, Leguizam\u00f3n trata de abusar de Yanina, ante su resistencia comienza a golpearla, lo mismo hace con su hijo cuando trata de defender a su mam\u00e1 y finalmente con Xiomara de 2 a\u00f1os. Cuando Yanina se recupera de los golpes y puede asistir a la nena, se da cuenta que la la ni\u00f1a le costaba respirar y perd\u00eda el conocimiento. La lleva urgente al hospital, pero Xiomara muere; Yanina lo supo ocho meses despu\u00e9s ya que en mismo hospital queda detenida acusada de abandono de persona. Para la &nbsp;fiscal\u00eda, Yanina \u201cdebi\u00f3 velar por la integridad de su hija\u201d.<\/p>\n\n\n\n<p>Es el Estado en todas sus esferas el que violenta a la mujer hasta situaciones extremas. En \u00e9ste caso, a trav\u00e9s del Poder Judicial ha sometido a Yanina al calvario de la c\u00e1rcel con una causa plagada de irregularidades y bajo un sistema acusatorio &nbsp;que criminaliza a las mujeres pobres por ser malas madres. Pero&nbsp;anteriormente fue abandonada a un contexto de pobreza, vejaciones, maltratos y violaciones. Es el mismo estado, que se mantuvo ausente cuando debi\u00f3 garantizarle sus derechos, el que ahora la acusa y juzga por las consecuencias de \u00e9sta situaci\u00f3n.<\/p>\n\n\n\n<p>Desde el Plenario de trabajadoras, organizaci\u00f3n de mujeres del Partido Obrero convocan para este viernes 29 de marzo a partir de las 10 a la manifestaci\u00f3n frente a los tribunales exigiendo la libertad para Yanina y justicia por Xiomara<\/p>\n","protected":false},"excerpt":{"rendered":"<p>El d\u00eda viernes se llevar\u00e1 a cabo en los tribunales de Mercedes el juicio a Yanina Fariaz. A lo largo &#8230; <a title=\"Este viernes ser\u00e1 el juicio a Yanina Fariaz\" class=\"read-more\" href=\"https:\/\/www.hoymercedes.com.ar\/principal\/2019\/03\/28\/este-viernes-sera-el-juicio-a-yanina-fariaz\/\" aria-label=\"Leer m\u00e1s sobre Este viernes ser\u00e1 el juicio a Yanina Fariaz\">Leer m\u00e1s<\/a><\/p>\n","protected":false},"author":1,"featured_media":78315,"comment_status":"closed","ping_status":"open","sticky":false,"template":"","format":"standard","meta":{"_monsterinsights_skip_tracking":false,"_monsterinsights_sitenote_active":false,"_monsterinsights_sitenote_note":"","_monsterinsights_sitenote_category":0,"jetpack_post_was_ever_published":false,"_jetpack_newsletter_access":"","_jetpack_dont_email_post_to_subs":false,"_jetpack_newsletter_tier_id":0,"_jetpack_memberships_contains_paywalled_content":false,"_jetpack_memberships_contains_paid_content":false,"footnotes":"","jetpack_publicize_message":"","jetpack_publicize_feature_enabled":true,"jetpack_social_post_already_shared":true,"jetpack_social_options":{"image_generator_settings":{"template":"highway","default_image_id":0,"font":"","enabled":false},"version":2},"_wpas_customize_per_network":false},"categories":[85],"tags":[523,9212,325,96,1475],"class_list":["post-90349","post","type-post","status-publish","format-standard","has-post-thumbnail","hentry","category-policial","tag-judiciales","tag-juicio","tag-justicia","tag-policial-2","tag-violencia-de-genero","generate-columns","tablet-grid-50","mobile-grid-100","grid-parent","grid-50"],"jetpack_publicize_connections":[],"jetpack_featured_media_url":"https:\/\/www.hoymercedes.com.ar\/principal\/wp-content\/uploads\/2018\/07\/07-yanina-fariaz-1.jpg","wps_subtitle":"Judiciales","jetpack_sharing_enabled":true,"_links":{"self":[{"href":"https:\/\/www.hoymercedes.com.ar\/principal\/wp-json\/wp\/v2\/posts\/90349","targetHints":{"allow":["GET"]}}],"collection":[{"href":"https:\/\/www.hoymercedes.com.ar\/principal\/wp-json\/wp\/v2\/posts"}],"about":[{"href":"https:\/\/www.hoymercedes.com.ar\/principal\/wp-json\/wp\/v2\/types\/post"}],"author":[{"embeddable":true,"href":"https:\/\/www.hoymercedes.com.ar\/principal\/wp-json\/wp\/v2\/users\/1"}],"replies":[{"embeddable":true,"href":"https:\/\/www.hoymercedes.com.ar\/principal\/wp-json\/wp\/v2\/comments?post=90349"}],"version-history":[{"count":0,"href":"https:\/\/www.hoymercedes.com.ar\/principal\/wp-json\/wp\/v2\/posts\/90349\/revisions"}],"wp:featuredmedia":[{"embeddable":true,"href":"https:\/\/www.hoymercedes.com.ar\/principal\/wp-json\/wp\/v2\/media\/78315"}],"wp:attachment":[{"href":"https:\/\/www.hoymercedes.com.ar\/principal\/wp-json\/wp\/v2\/media?parent=90349"}],"wp:term":[{"taxonomy":"category","embeddable":true,"href":"https:\/\/www.hoymercedes.com.ar\/principal\/wp-json\/wp\/v2\/categories?post=90349"},{"taxonomy":"post_tag","embeddable":true,"href":"https:\/\/www.hoymercedes.com.ar\/principal\/wp-json\/wp\/v2\/tags?post=90349"}],"curies":[{"name":"wp","href":"https:\/\/api.w.org\/{rel}","templated":true}]}}