{"id":90354,"date":"2019-03-28T19:41:36","date_gmt":"2019-03-28T22:41:36","guid":{"rendered":"http:\/\/www.hoymercedes.com.ar\/principal\/?p=90354"},"modified":"2019-03-28T19:41:39","modified_gmt":"2019-03-28T22:41:39","slug":"%ef%bb%bfevacuan-vecinos-hasta-reparar-fuga-de-gas-en-calle-16-entre-57-y-59","status":"publish","type":"post","link":"https:\/\/www.hoymercedes.com.ar\/principal\/2019\/03\/28\/%ef%bb%bfevacuan-vecinos-hasta-reparar-fuga-de-gas-en-calle-16-entre-57-y-59\/","title":{"rendered":"\ufeffEvacuan vecinos hasta reparar fuga de gas en calle 16 entre 57 y 59"},"content":{"rendered":"\n<p><br><\/p>\n\n\n\n<figure class=\"wp-block-image\"><img loading=\"lazy\" decoding=\"async\" width=\"1024\" height=\"768\" data-attachment-id=\"90355\" data-permalink=\"https:\/\/www.hoymercedes.com.ar\/principal\/2019\/03\/28\/%ef%bb%bfevacuan-vecinos-hasta-reparar-fuga-de-gas-en-calle-16-entre-57-y-59\/escape-de-gas\/#main\" data-orig-file=\"https:\/\/www.hoymercedes.com.ar\/principal\/wp-content\/uploads\/2019\/03\/escape-de-gas.jpeg\" data-orig-size=\"1032,774\" data-comments-opened=\"0\" data-image-meta=\"{&quot;aperture&quot;:&quot;0&quot;,&quot;credit&quot;:&quot;&quot;,&quot;camera&quot;:&quot;&quot;,&quot;caption&quot;:&quot;&quot;,&quot;created_timestamp&quot;:&quot;0&quot;,&quot;copyright&quot;:&quot;&quot;,&quot;focal_length&quot;:&quot;0&quot;,&quot;iso&quot;:&quot;0&quot;,&quot;shutter_speed&quot;:&quot;0&quot;,&quot;title&quot;:&quot;&quot;,&quot;orientation&quot;:&quot;0&quot;}\" data-image-title=\"escape-de-gas\" data-image-description=\"\" data-image-caption=\"\" data-large-file=\"https:\/\/www.hoymercedes.com.ar\/principal\/wp-content\/uploads\/2019\/03\/escape-de-gas-1024x768.jpeg\" src=\"https:\/\/www.hoymercedes.com.ar\/principal\/wp-content\/uploads\/2019\/03\/escape-de-gas-1024x768.jpeg\" alt=\"\" class=\"wp-image-90355\" srcset=\"https:\/\/www.hoymercedes.com.ar\/principal\/wp-content\/uploads\/2019\/03\/escape-de-gas-1024x768.jpeg 1024w, https:\/\/www.hoymercedes.com.ar\/principal\/wp-content\/uploads\/2019\/03\/escape-de-gas-150x113.jpeg 150w, https:\/\/www.hoymercedes.com.ar\/principal\/wp-content\/uploads\/2019\/03\/escape-de-gas-630x473.jpeg 630w, https:\/\/www.hoymercedes.com.ar\/principal\/wp-content\/uploads\/2019\/03\/escape-de-gas-320x240.jpeg 320w, https:\/\/www.hoymercedes.com.ar\/principal\/wp-content\/uploads\/2019\/03\/escape-de-gas-100x75.jpeg 100w, https:\/\/www.hoymercedes.com.ar\/principal\/wp-content\/uploads\/2019\/03\/escape-de-gas.jpeg 1032w\" sizes=\"auto, (max-width: 1024px) 100vw, 1024px\" \/><\/figure>\n\n\n\n<p>En calle 16 entre 57 y 59 se\nprodujo un escape de gas. Intervino Protecci\u00f3n Civil, la empresa prestadora y\nhubo que evacuar vecinos. La situaci\u00f3n fue controlada luego de encontrar el\nproblema. <\/p>\n\n\n\n<p>Se dio en la zona en que se est\u00e1\ntrabajando con la nueva pavimentaci\u00f3n del municipio. Las empresas que trabajan\ny la secretar\u00eda de obras previamente solicitaron los planos de ca\u00f1er\u00edas, como\nas\u00ed tambi\u00e9n eval\u00faan de agua o cloacas. Fue as\u00ed que al realizar trabajos se\nrompi\u00f3 un ca\u00f1o que en lugar de estar a 2m de profundidad, como informaron desde\nla empresa, estaba a tan s\u00f3lo 45cm, siendo un tema preocupante.<\/p>\n\n\n\n<p>Es decir los planos de gas hac\u00edan\nfigurar que estaba a dos metros, pero no era as\u00ed.<\/p>\n\n\n\n<figure class=\"wp-block-image\"><img loading=\"lazy\" decoding=\"async\" width=\"1024\" height=\"768\" data-attachment-id=\"90356\" data-permalink=\"https:\/\/www.hoymercedes.com.ar\/principal\/2019\/03\/28\/%ef%bb%bfevacuan-vecinos-hasta-reparar-fuga-de-gas-en-calle-16-entre-57-y-59\/escape-de-gas-2\/#main\" data-orig-file=\"https:\/\/www.hoymercedes.com.ar\/principal\/wp-content\/uploads\/2019\/03\/escape-de-gas.2.jpeg\" data-orig-size=\"1032,774\" data-comments-opened=\"0\" data-image-meta=\"{&quot;aperture&quot;:&quot;0&quot;,&quot;credit&quot;:&quot;&quot;,&quot;camera&quot;:&quot;&quot;,&quot;caption&quot;:&quot;&quot;,&quot;created_timestamp&quot;:&quot;0&quot;,&quot;copyright&quot;:&quot;&quot;,&quot;focal_length&quot;:&quot;0&quot;,&quot;iso&quot;:&quot;0&quot;,&quot;shutter_speed&quot;:&quot;0&quot;,&quot;title&quot;:&quot;&quot;,&quot;orientation&quot;:&quot;0&quot;}\" data-image-title=\"escape-de-gas.2\" data-image-description=\"\" data-image-caption=\"\" data-large-file=\"https:\/\/www.hoymercedes.com.ar\/principal\/wp-content\/uploads\/2019\/03\/escape-de-gas.2-1024x768.jpeg\" src=\"https:\/\/www.hoymercedes.com.ar\/principal\/wp-content\/uploads\/2019\/03\/escape-de-gas.2-1024x768.jpeg\" alt=\"\" class=\"wp-image-90356\" srcset=\"https:\/\/www.hoymercedes.com.ar\/principal\/wp-content\/uploads\/2019\/03\/escape-de-gas.2-1024x768.jpeg 1024w, https:\/\/www.hoymercedes.com.ar\/principal\/wp-content\/uploads\/2019\/03\/escape-de-gas.2-150x113.jpeg 150w, https:\/\/www.hoymercedes.com.ar\/principal\/wp-content\/uploads\/2019\/03\/escape-de-gas.2-630x473.jpeg 630w, https:\/\/www.hoymercedes.com.ar\/principal\/wp-content\/uploads\/2019\/03\/escape-de-gas.2-320x240.jpeg 320w, https:\/\/www.hoymercedes.com.ar\/principal\/wp-content\/uploads\/2019\/03\/escape-de-gas.2-100x75.jpeg 100w, https:\/\/www.hoymercedes.com.ar\/principal\/wp-content\/uploads\/2019\/03\/escape-de-gas.2.jpeg 1032w\" sizes=\"auto, (max-width: 1024px) 100vw, 1024px\" \/><\/figure>\n\n\n\n<p>R\u00e1pidamente se intervino el \u00e1rea\nde Protecci\u00f3n Civil y se convoc\u00f3 a la empresa Gas Ban. No hubo lesiones ni\nproblemas mayores. Se evacuaron vecinos mientras se esperaba y se efect\u00faa la\nintervenci\u00f3n. Fue a mitad de cuadra, en 16 entre 57 y 59, cont\u00f3 el jefe de\ngabinete, Mat\u00edas Dematei.<\/p>\n\n\n\n<p>Esteban Chal\u00e1 coment\u00f3 cerca de\n19hs que la empresa de gas debi\u00f3 pedir a otra secci\u00f3n de la empresa un\nrecuesto, pero que el per\u00edmetro est\u00e1 controlado por bomberos, protecci\u00f3n civil\ny polic\u00eda.<\/p>\n","protected":false},"excerpt":{"rendered":"<p>En calle 16 entre 57 y 59 se produjo un escape de gas. Intervino Protecci\u00f3n Civil, la empresa prestadora y &#8230; <a title=\"\ufeffEvacuan vecinos hasta reparar fuga de gas en calle 16 entre 57 y 59\" class=\"read-more\" href=\"https:\/\/www.hoymercedes.com.ar\/principal\/2019\/03\/28\/%ef%bb%bfevacuan-vecinos-hasta-reparar-fuga-de-gas-en-calle-16-entre-57-y-59\/\" aria-label=\"Leer m\u00e1s sobre \ufeffEvacuan vecinos hasta reparar fuga de gas en calle 16 entre 57 y 59\">Leer m\u00e1s<\/a><\/p>\n","protected":false},"author":1,"featured_media":90355,"comment_status":"closed","ping_status":"open","sticky":false,"template":"","format":"standard","meta":{"_monsterinsights_skip_tracking":false,"_monsterinsights_sitenote_active":false,"_monsterinsights_sitenote_note":"","_monsterinsights_sitenote_category":0,"jetpack_post_was_ever_published":false,"_jetpack_newsletter_access":"","_jetpack_dont_email_post_to_subs":false,"_jetpack_newsletter_tier_id":0,"_jetpack_memberships_contains_paywalled_content":false,"_jetpack_memberships_contains_paid_content":false,"footnotes":"","jetpack_publicize_message":"","jetpack_publicize_feature_enabled":true,"jetpack_social_post_already_shared":true,"jetpack_social_options":{"image_generator_settings":{"template":"highway","default_image_id":0,"font":"","enabled":false},"version":2},"_wpas_customize_per_network":false},"categories":[8],"tags":[14410,9364],"class_list":["post-90354","post","type-post","status-publish","format-standard","has-post-thumbnail","hentry","category-sociedad","tag-escape-de-gas","tag-esteban-chala","generate-columns","tablet-grid-50","mobile-grid-100","grid-parent","grid-50"],"jetpack_publicize_connections":[],"jetpack_featured_media_url":"https:\/\/www.hoymercedes.com.ar\/principal\/wp-content\/uploads\/2019\/03\/escape-de-gas.jpeg","wps_subtitle":"Acciones de seguridad ","jetpack_sharing_enabled":true,"_links":{"self":[{"href":"https:\/\/www.hoymercedes.com.ar\/principal\/wp-json\/wp\/v2\/posts\/90354","targetHints":{"allow":["GET"]}}],"collection":[{"href":"https:\/\/www.hoymercedes.com.ar\/principal\/wp-json\/wp\/v2\/posts"}],"about":[{"href":"https:\/\/www.hoymercedes.com.ar\/principal\/wp-json\/wp\/v2\/types\/post"}],"author":[{"embeddable":true,"href":"https:\/\/www.hoymercedes.com.ar\/principal\/wp-json\/wp\/v2\/users\/1"}],"replies":[{"embeddable":true,"href":"https:\/\/www.hoymercedes.com.ar\/principal\/wp-json\/wp\/v2\/comments?post=90354"}],"version-history":[{"count":0,"href":"https:\/\/www.hoymercedes.com.ar\/principal\/wp-json\/wp\/v2\/posts\/90354\/revisions"}],"wp:featuredmedia":[{"embeddable":true,"href":"https:\/\/www.hoymercedes.com.ar\/principal\/wp-json\/wp\/v2\/media\/90355"}],"wp:attachment":[{"href":"https:\/\/www.hoymercedes.com.ar\/principal\/wp-json\/wp\/v2\/media?parent=90354"}],"wp:term":[{"taxonomy":"category","embeddable":true,"href":"https:\/\/www.hoymercedes.com.ar\/principal\/wp-json\/wp\/v2\/categories?post=90354"},{"taxonomy":"post_tag","embeddable":true,"href":"https:\/\/www.hoymercedes.com.ar\/principal\/wp-json\/wp\/v2\/tags?post=90354"}],"curies":[{"name":"wp","href":"https:\/\/api.w.org\/{rel}","templated":true}]}}