{"id":90374,"date":"2019-03-29T17:25:59","date_gmt":"2019-03-29T20:25:59","guid":{"rendered":"http:\/\/www.hoymercedes.com.ar\/principal\/?p=90374"},"modified":"2019-03-29T18:35:22","modified_gmt":"2019-03-29T21:35:22","slug":"la-pfa-mercedes-realizo-procedimiento-por-narcomenudeo-con-exito","status":"publish","type":"post","link":"https:\/\/www.hoymercedes.com.ar\/principal\/2019\/03\/29\/la-pfa-mercedes-realizo-procedimiento-por-narcomenudeo-con-exito\/","title":{"rendered":"La PFA Mercedes realiz\u00f3 procedimiento por narcomenudeo con \u00e9xito"},"content":{"rendered":"\n<figure class=\"wp-block-image\"><img loading=\"lazy\" decoding=\"async\" width=\"551\" height=\"480\" data-attachment-id=\"90375\" data-permalink=\"https:\/\/www.hoymercedes.com.ar\/principal\/2019\/03\/29\/la-pfa-mercedes-realizo-procedimiento-por-narcomenudeo-con-exito\/drogas-1-2\/#main\" data-orig-file=\"https:\/\/www.hoymercedes.com.ar\/principal\/wp-content\/uploads\/2019\/03\/drogas-1.jpeg\" data-orig-size=\"551,480\" data-comments-opened=\"0\" data-image-meta=\"{&quot;aperture&quot;:&quot;0&quot;,&quot;credit&quot;:&quot;&quot;,&quot;camera&quot;:&quot;&quot;,&quot;caption&quot;:&quot;&quot;,&quot;created_timestamp&quot;:&quot;0&quot;,&quot;copyright&quot;:&quot;&quot;,&quot;focal_length&quot;:&quot;0&quot;,&quot;iso&quot;:&quot;0&quot;,&quot;shutter_speed&quot;:&quot;0&quot;,&quot;title&quot;:&quot;&quot;,&quot;orientation&quot;:&quot;0&quot;}\" data-image-title=\"drogas (1)\" data-image-description=\"\" data-image-caption=\"\" data-large-file=\"https:\/\/www.hoymercedes.com.ar\/principal\/wp-content\/uploads\/2019\/03\/drogas-1.jpeg\" src=\"https:\/\/www.hoymercedes.com.ar\/principal\/wp-content\/uploads\/2019\/03\/drogas-1.jpeg\" alt=\"\" class=\"wp-image-90375\" srcset=\"https:\/\/www.hoymercedes.com.ar\/principal\/wp-content\/uploads\/2019\/03\/drogas-1.jpeg 551w, https:\/\/www.hoymercedes.com.ar\/principal\/wp-content\/uploads\/2019\/03\/drogas-1-150x131.jpeg 150w\" sizes=\"auto, (max-width: 551px) 100vw, 551px\" \/><\/figure>\n\n\n\n<p>Este jueves, en horas de la tarde, personal de Brigada de la\nDelegaci\u00f3n Mercedes de la Polic\u00eda Federal Argentina, llev\u00f3 a cabo&nbsp; un procedimiento en la v\u00eda publica donde se\nprocedi\u00f3 a la detenci\u00f3n de un sujeto mayor de edad. Entre sus pertenencias se\nle secuestr\u00f3 gran cantidad de dosis de clorhidrato de coca\u00edna, fraccionadas\npara su comercializaci\u00f3n, en frascos pl\u00e1sticos, dinero en efectivo producto de\nla venta de la sustancia prohibida y dos tel\u00e9fonos celulares,<\/p>\n\n\n\n<p>El procedimiento se llev\u00f3 a cabo&nbsp; producto de tareas investigativas propias las\ncuales refer\u00edan la existencia de un dealer que comercializaba estupefacientes\nen inmediaciones de escuelas&nbsp; primarias\ndel centro de la ciudad. Se supo, entre otros lugares que frecuentaba, que\nsol\u00eda recorrer por ejemplo las inmediaciones de la escuela 2 para ejercer la\nventa ilegal de estupefacientes.<\/p>\n\n\n\n<p>A ra\u00edz&nbsp; del accionar\npolicial, la fiscal\u00eda interventora, orden\u00f3&nbsp;\nse realicen dos allanamientos en domicilios sitos en calle 26, donde se\nlogr\u00f3 incautar m\u00e1s dosis de dicha sustancia, cartuchos de armas de fuego de\ngrueso calibre, un juego de esposas, un bast\u00f3n policial de madera&nbsp; un gas pimienta, y documentaci\u00f3n varia. Todo\nesto se encontr\u00f3 en el interior de un lujoso autom\u00f3vil de alta gama el cual\ntambi\u00e9n fue incautado y puesto a disposici\u00f3n del magistrado interventor,\nlogrando as\u00ed&nbsp; un nuevo procedimiento\npositivo en contra del narcomenudeo en nuestra ciudad.<\/p>\n\n\n\n<figure class=\"wp-block-image\"><img loading=\"lazy\" decoding=\"async\" width=\"640\" height=\"441\" data-attachment-id=\"90377\" data-permalink=\"https:\/\/www.hoymercedes.com.ar\/principal\/2019\/03\/29\/la-pfa-mercedes-realizo-procedimiento-por-narcomenudeo-con-exito\/drogas-3-2\/#main\" data-orig-file=\"https:\/\/www.hoymercedes.com.ar\/principal\/wp-content\/uploads\/2019\/03\/drogas-3.jpeg\" data-orig-size=\"640,441\" data-comments-opened=\"0\" data-image-meta=\"{&quot;aperture&quot;:&quot;0&quot;,&quot;credit&quot;:&quot;&quot;,&quot;camera&quot;:&quot;&quot;,&quot;caption&quot;:&quot;&quot;,&quot;created_timestamp&quot;:&quot;0&quot;,&quot;copyright&quot;:&quot;&quot;,&quot;focal_length&quot;:&quot;0&quot;,&quot;iso&quot;:&quot;0&quot;,&quot;shutter_speed&quot;:&quot;0&quot;,&quot;title&quot;:&quot;&quot;,&quot;orientation&quot;:&quot;0&quot;}\" data-image-title=\"drogas (3)\" data-image-description=\"\" data-image-caption=\"\" data-large-file=\"https:\/\/www.hoymercedes.com.ar\/principal\/wp-content\/uploads\/2019\/03\/drogas-3.jpeg\" src=\"https:\/\/www.hoymercedes.com.ar\/principal\/wp-content\/uploads\/2019\/03\/drogas-3.jpeg\" alt=\"\" class=\"wp-image-90377\" srcset=\"https:\/\/www.hoymercedes.com.ar\/principal\/wp-content\/uploads\/2019\/03\/drogas-3.jpeg 640w, https:\/\/www.hoymercedes.com.ar\/principal\/wp-content\/uploads\/2019\/03\/drogas-3-150x103.jpeg 150w, https:\/\/www.hoymercedes.com.ar\/principal\/wp-content\/uploads\/2019\/03\/drogas-3-630x434.jpeg 630w\" sizes=\"auto, (max-width: 640px) 100vw, 640px\" \/><\/figure>\n\n\n\n<p>Interviene en el hecho el Fiscal\u00eda Especializada en\nEstupefacientes a cargo del doctor Gabriel Courtade, del Departamento Judicial\nMercedes, quien caratul\u00f3 la causa como \u201cInfracci\u00f3n a la ley 23737\u201d.<\/p>\n","protected":false},"excerpt":{"rendered":"<p>Este jueves, en horas de la tarde, personal de Brigada de la Delegaci\u00f3n Mercedes de la Polic\u00eda Federal Argentina, llev\u00f3 &#8230; <a title=\"La PFA Mercedes realiz\u00f3 procedimiento por narcomenudeo con \u00e9xito\" class=\"read-more\" href=\"https:\/\/www.hoymercedes.com.ar\/principal\/2019\/03\/29\/la-pfa-mercedes-realizo-procedimiento-por-narcomenudeo-con-exito\/\" aria-label=\"Leer m\u00e1s sobre La PFA Mercedes realiz\u00f3 procedimiento por narcomenudeo con \u00e9xito\">Leer m\u00e1s<\/a><\/p>\n","protected":false},"author":1,"featured_media":90376,"comment_status":"closed","ping_status":"open","sticky":false,"template":"","format":"standard","meta":{"_monsterinsights_skip_tracking":false,"_monsterinsights_sitenote_active":false,"_monsterinsights_sitenote_note":"","_monsterinsights_sitenote_category":0,"jetpack_post_was_ever_published":false,"_jetpack_newsletter_access":"","_jetpack_dont_email_post_to_subs":false,"_jetpack_newsletter_tier_id":0,"_jetpack_memberships_contains_paywalled_content":false,"_jetpack_memberships_contains_paid_content":false,"footnotes":"","jetpack_publicize_message":"","jetpack_publicize_feature_enabled":true,"jetpack_social_post_already_shared":true,"jetpack_social_options":{"image_generator_settings":{"template":"highway","default_image_id":0,"font":"","enabled":false},"version":2},"_wpas_customize_per_network":false},"categories":[85],"tags":[14743,6549,96],"class_list":["post-90374","post","type-post","status-publish","format-standard","has-post-thumbnail","hentry","category-policial","tag-narcomenudeo","tag-policia-federal","tag-policial-2","generate-columns","tablet-grid-50","mobile-grid-100","grid-parent","grid-50"],"jetpack_publicize_connections":[],"jetpack_featured_media_url":"https:\/\/www.hoymercedes.com.ar\/principal\/wp-content\/uploads\/2019\/03\/drogas-2.jpeg","wps_subtitle":"Tras tareas investigativas","jetpack_sharing_enabled":true,"_links":{"self":[{"href":"https:\/\/www.hoymercedes.com.ar\/principal\/wp-json\/wp\/v2\/posts\/90374","targetHints":{"allow":["GET"]}}],"collection":[{"href":"https:\/\/www.hoymercedes.com.ar\/principal\/wp-json\/wp\/v2\/posts"}],"about":[{"href":"https:\/\/www.hoymercedes.com.ar\/principal\/wp-json\/wp\/v2\/types\/post"}],"author":[{"embeddable":true,"href":"https:\/\/www.hoymercedes.com.ar\/principal\/wp-json\/wp\/v2\/users\/1"}],"replies":[{"embeddable":true,"href":"https:\/\/www.hoymercedes.com.ar\/principal\/wp-json\/wp\/v2\/comments?post=90374"}],"version-history":[{"count":0,"href":"https:\/\/www.hoymercedes.com.ar\/principal\/wp-json\/wp\/v2\/posts\/90374\/revisions"}],"wp:featuredmedia":[{"embeddable":true,"href":"https:\/\/www.hoymercedes.com.ar\/principal\/wp-json\/wp\/v2\/media\/90376"}],"wp:attachment":[{"href":"https:\/\/www.hoymercedes.com.ar\/principal\/wp-json\/wp\/v2\/media?parent=90374"}],"wp:term":[{"taxonomy":"category","embeddable":true,"href":"https:\/\/www.hoymercedes.com.ar\/principal\/wp-json\/wp\/v2\/categories?post=90374"},{"taxonomy":"post_tag","embeddable":true,"href":"https:\/\/www.hoymercedes.com.ar\/principal\/wp-json\/wp\/v2\/tags?post=90374"}],"curies":[{"name":"wp","href":"https:\/\/api.w.org\/{rel}","templated":true}]}}