{"id":9039,"date":"2011-11-12T18:10:49","date_gmt":"2011-11-12T18:10:49","guid":{"rendered":"http:\/\/www.hoymercedes.com.ar\/principal\/?p=9039"},"modified":"2011-11-12T18:42:02","modified_gmt":"2011-11-12T18:42:02","slug":"funcionarios-del-gobierno-sanjuanino-visitaron-mercedes","status":"publish","type":"post","link":"https:\/\/www.hoymercedes.com.ar\/principal\/2011\/11\/12\/funcionarios-del-gobierno-sanjuanino-visitaron-mercedes\/","title":{"rendered":"Funcionarios del gobierno sanjuanino visitaron Mercedes"},"content":{"rendered":"<p><a href=\"https:\/\/www.hoymercedes.com.ar\/principal\/wp-content\/uploads\/2011\/11\/selva-func..jpg\"><img loading=\"lazy\" decoding=\"async\" data-attachment-id=\"9054\" data-permalink=\"https:\/\/www.hoymercedes.com.ar\/principal\/2011\/11\/12\/funcionarios-del-gobierno-sanjuanino-visitaron-mercedes\/selva-func\/#main\" data-orig-file=\"https:\/\/www.hoymercedes.com.ar\/principal\/wp-content\/uploads\/2011\/11\/selva-func..jpg\" data-orig-size=\"612,407\" data-comments-opened=\"1\" data-image-meta=\"{&quot;aperture&quot;:&quot;0&quot;,&quot;credit&quot;:&quot;&quot;,&quot;camera&quot;:&quot;&quot;,&quot;caption&quot;:&quot;&quot;,&quot;created_timestamp&quot;:&quot;0&quot;,&quot;copyright&quot;:&quot;&quot;,&quot;focal_length&quot;:&quot;0&quot;,&quot;iso&quot;:&quot;0&quot;,&quot;shutter_speed&quot;:&quot;0&quot;,&quot;title&quot;:&quot;&quot;}\" data-image-title=\"selva-func.\" data-image-description=\"\" data-image-caption=\"\" data-large-file=\"https:\/\/www.hoymercedes.com.ar\/principal\/wp-content\/uploads\/2011\/11\/selva-func..jpg\" class=\"aligncenter size-full wp-image-9054\" title=\"selva-func.\" src=\"https:\/\/www.hoymercedes.com.ar\/principal\/wp-content\/uploads\/2011\/11\/selva-func..jpg\" alt=\"\" width=\"612\" height=\"407\" \/><\/a><\/p>\n<p>La presencia en nuestra ciudad del Rector de la Universidad de Buenos Aires, Dr. Rub\u00e9n Hall\u00fa hizo que pasara casi en forma desapercibida la visita que hicieran a la Planta de Clasificaci\u00f3n y Tratamiento de Residuos S\u00f3lidos Urbanos funcionarios del gobierno de la provincia de San Juan.<\/p>\n<p>El contador N\u00e9stor Palacios sostuvo \u201cen realizad la visita del Dr. Hall\u00fa hizo que nuestro intendente apenas pudiese dialogar solo unos minutos con los funcionarios de la provincia de San Juan quienes vinieron a nuestra ciudad antes de trasladarse al teatro Julio C\u00e9sar Gioscio para participar en n el acto de CBC de la Universidad de Buenos Aires y por eso es que no se dieron detalles a los medios de prensa como habitualmente ocurre en estos casos.<\/p>\n<p>Lo cierto es que durante varias horas estuvieron dichos funcionarios, quienes fueron especialmente atendido por quien les habla, por Alfredo Badano y Nicol\u00e1s Ciampa en la Planta de Tratamiento porque Mercedes es la primera ciudad en esta direcci\u00f3n de la provincia que se encuentra fuera de la disposici\u00f3n de residuos a trav\u00e9s del CEAMSE, entonces como si bien en San Juan ellos tienen un dispositivo similar que dicho organismo en la parte de la Capital y zonas aleda\u00f1a, en las localidades del interior se encuentran con un problema similar al nuestro, es decir se acumulan los residuos y no cuentan con un lugar apropiado para su disposici\u00f3n final, es que nos eligieron para ver como lo han hecho en otros lugares, como es el sistema de clasificaci\u00f3n, separado, prensado y encapsulado que nosotros hacemos.<\/p>\n<p>No puedo negar que para nosotros que junto a la municipalidad de Lincoln, fuimos las dos primeras en todo el territorio bonaerense en probar con este sistema, es un orgullo que nos hayan elegido para comprobar de que se trata el mismo y como se financia la propuesta y luego de visitarnos ten\u00edan pensado ir hasta la provincia de C\u00f3rdoba que es donde se encuentra la empresa que fabrica la compactadora de residuos que nosotros estamos utilizando para ver si pod\u00edan cerrar alg\u00fan tipo de acuerdo pensando en cada uno delos municipios o departamentos como ellos dicen, que son bastantes pero todos con cantidad es no muy elevadas de habitantes por lo cual si bien los residuos domiciliarios tambi\u00e9n son un problema no llegar a tener la magnitud que por ejemplo tienen en Mercedes con un promedio diario de cuarenta a cuarenta y cinco toneladas.<\/p>\n<p>En total fueron cinco las personas que vinieron desde la provincia de San Juan encabezados por el Secretario con rango de Ministro de Ambiente y Desarrollo Sustentable Licenciado Domingo Ra\u00fal Tello Cort\u00e9z, el Director del Parque de Tecnolog\u00edas Ambientales Sergio Espinoza Rodr\u00edguez, un encargado de planta y dos ingenieros asesores del Secretario\u201d<\/p>\n","protected":false},"excerpt":{"rendered":"<p>La presencia en nuestra ciudad del Rector de la Universidad de Buenos Aires, Dr. Rub\u00e9n Hall\u00fa hizo que pasara casi &#8230; <a title=\"Funcionarios del gobierno sanjuanino visitaron Mercedes\" class=\"read-more\" href=\"https:\/\/www.hoymercedes.com.ar\/principal\/2011\/11\/12\/funcionarios-del-gobierno-sanjuanino-visitaron-mercedes\/\" aria-label=\"Leer m\u00e1s sobre Funcionarios del gobierno sanjuanino visitaron Mercedes\">Leer m\u00e1s<\/a><\/p>\n","protected":false},"author":1,"featured_media":0,"comment_status":"open","ping_status":"open","sticky":false,"template":"","format":"standard","meta":{"_monsterinsights_skip_tracking":false,"_monsterinsights_sitenote_active":false,"_monsterinsights_sitenote_note":"","_monsterinsights_sitenote_category":0,"jetpack_post_was_ever_published":false,"_jetpack_newsletter_access":"","_jetpack_dont_email_post_to_subs":false,"_jetpack_newsletter_tier_id":0,"_jetpack_memberships_contains_paywalled_content":false,"_jetpack_memberships_contains_paid_content":false,"footnotes":"","jetpack_publicize_message":"","jetpack_publicize_feature_enabled":true,"jetpack_social_post_already_shared":false,"jetpack_social_options":{"image_generator_settings":{"template":"highway","default_image_id":0,"font":"","enabled":false},"version":2},"_wpas_customize_per_network":false},"categories":[8],"tags":[1576],"class_list":["post-9039","post","type-post","status-publish","format-standard","hentry","category-sociedad","tag-funcionarios-del-gobierno-sanjuanino-visitaron-mercedes","generate-columns","tablet-grid-50","mobile-grid-100","grid-parent","grid-50"],"jetpack_publicize_connections":[],"jetpack_featured_media_url":"","wps_subtitle":"","jetpack_sharing_enabled":true,"_links":{"self":[{"href":"https:\/\/www.hoymercedes.com.ar\/principal\/wp-json\/wp\/v2\/posts\/9039","targetHints":{"allow":["GET"]}}],"collection":[{"href":"https:\/\/www.hoymercedes.com.ar\/principal\/wp-json\/wp\/v2\/posts"}],"about":[{"href":"https:\/\/www.hoymercedes.com.ar\/principal\/wp-json\/wp\/v2\/types\/post"}],"author":[{"embeddable":true,"href":"https:\/\/www.hoymercedes.com.ar\/principal\/wp-json\/wp\/v2\/users\/1"}],"replies":[{"embeddable":true,"href":"https:\/\/www.hoymercedes.com.ar\/principal\/wp-json\/wp\/v2\/comments?post=9039"}],"version-history":[{"count":0,"href":"https:\/\/www.hoymercedes.com.ar\/principal\/wp-json\/wp\/v2\/posts\/9039\/revisions"}],"wp:attachment":[{"href":"https:\/\/www.hoymercedes.com.ar\/principal\/wp-json\/wp\/v2\/media?parent=9039"}],"wp:term":[{"taxonomy":"category","embeddable":true,"href":"https:\/\/www.hoymercedes.com.ar\/principal\/wp-json\/wp\/v2\/categories?post=9039"},{"taxonomy":"post_tag","embeddable":true,"href":"https:\/\/www.hoymercedes.com.ar\/principal\/wp-json\/wp\/v2\/tags?post=9039"}],"curies":[{"name":"wp","href":"https:\/\/api.w.org\/{rel}","templated":true}]}}