{"id":90390,"date":"2019-03-29T20:03:34","date_gmt":"2019-03-29T23:03:34","guid":{"rendered":"http:\/\/www.hoymercedes.com.ar\/principal\/?p=90390"},"modified":"2019-03-29T19:05:25","modified_gmt":"2019-03-29T22:05:25","slug":"continuan-las-obras-de-bacheo","status":"publish","type":"post","link":"https:\/\/www.hoymercedes.com.ar\/principal\/2019\/03\/29\/continuan-las-obras-de-bacheo\/","title":{"rendered":"Contin\u00faan las obras de bacheo"},"content":{"rendered":"\n<p>Para mejorar la movilidad y la seguridad vial, el Municipio de Mercedes sigue con el plan de recuperaci\u00f3n de las diferentes calzadas de la ciudad. El Programa Intensivo de bacheo y reparaci\u00f3n de calles pavimentadas que impulsa la gesti\u00f3n del Intendente Juan Ignacio Ustarroz multiplica sus tareas en distintos puntos de Mercedes. En esta ocasi\u00f3n la maquinar\u00eda se encuentra en la intercepci\u00f3n de Av. 29 y 14.<\/p>\n\n\n\n<p>All\u00ed estuvo el jefe de gabinete, Mat\u00edas Dematei qui\u00e9n destac\u00f3 \u201cestamos haciendo un trabajo muy fuerte en todos los puntos de la ciudad y eso lo pueden ver todos los vecinos y de qu\u00e9 manera venimos avanzando\u201d y apunt\u00f3 \u201cestos trabajos ocasionan problemas a los vecinos a quienes les pedimos paciencia y tranquilidad, porque determinar\u00e1 un beneficio para todos en el futuro\u201d.<\/p>\n\n\n\n<p>\u201cEste trabajo de bacheo est\u00e1 relacionado directamente con el tema de la seguridad vial, que es una labor que venimos haciendo en conjunto tambi\u00e9n con la Secretar\u00eda de Seguridad\u201d afirm\u00f3 Dematei.<\/p>\n\n\n\n<p>\u201cSabemos que es un tema muy din\u00e1mico que tiene que cumplir diferentes procesos donde las calles ya tienen sus a\u00f1os, lo que implica que estemos en un bacheo permanente\u201d defini\u00f3 el Jefe de Gabinete. &nbsp;<\/p>\n\n\n\n<p>&nbsp;A su vez, Mat\u00edas Dematei valor\u00f3 \u201cen los \u00faltimos dos meses hemos arreglado m\u00e1s de 150 baches\u201d y agreg\u00f3 \u201cen ning\u00fan momento hemos frenado, venimos haciendo un trabajo integral desde el primer d\u00eda de la gesti\u00f3n, a lo que le hemos sumado la denominada toma de junta que est\u00e1 relacionado directamente con el cuidado del pavimento\u201d.<\/p>\n\n\n\n<p>\u201cAvanzamos de manera muy din\u00e1mica, y la verdad que cuando uno se pone a enumerar la gran cantidad de obras que se vienen ejecutando, no te alcanza el tiempo para hacerlo\u201d evalu\u00f3 Dematei y agreg\u00f3 \u201cestamos realmente contentos con esta gran cantidad de progresos para la ciudad, y esto se pudo hacer gracias a lograr una econom\u00eda saneada y al gran compromiso del trabajador municipal\u201d.<br><\/p>\n","protected":false},"excerpt":{"rendered":"<p>Para mejorar la movilidad y la seguridad vial, el Municipio de Mercedes sigue con el plan de recuperaci\u00f3n de las &#8230; <a title=\"Contin\u00faan las obras de bacheo\" class=\"read-more\" href=\"https:\/\/www.hoymercedes.com.ar\/principal\/2019\/03\/29\/continuan-las-obras-de-bacheo\/\" aria-label=\"Leer m\u00e1s sobre Contin\u00faan las obras de bacheo\">Leer m\u00e1s<\/a><\/p>\n","protected":false},"author":1,"featured_media":90391,"comment_status":"closed","ping_status":"open","sticky":false,"template":"","format":"standard","meta":{"_monsterinsights_skip_tracking":false,"_monsterinsights_sitenote_active":false,"_monsterinsights_sitenote_note":"","_monsterinsights_sitenote_category":0,"jetpack_post_was_ever_published":false,"_jetpack_newsletter_access":"","_jetpack_dont_email_post_to_subs":false,"_jetpack_newsletter_tier_id":0,"_jetpack_memberships_contains_paywalled_content":false,"_jetpack_memberships_contains_paid_content":false,"footnotes":"","jetpack_publicize_message":"","jetpack_publicize_feature_enabled":true,"jetpack_social_post_already_shared":true,"jetpack_social_options":{"image_generator_settings":{"template":"highway","default_image_id":0,"font":"","enabled":false},"version":2},"_wpas_customize_per_network":false},"categories":[30],"tags":[],"class_list":["post-90390","post","type-post","status-publish","format-standard","has-post-thumbnail","hentry","category-municipio","generate-columns","tablet-grid-50","mobile-grid-100","grid-parent","grid-50"],"jetpack_publicize_connections":[],"jetpack_featured_media_url":"https:\/\/www.hoymercedes.com.ar\/principal\/wp-content\/uploads\/2019\/03\/29-Bacheo.1.jpeg","wps_subtitle":"","jetpack_sharing_enabled":true,"_links":{"self":[{"href":"https:\/\/www.hoymercedes.com.ar\/principal\/wp-json\/wp\/v2\/posts\/90390","targetHints":{"allow":["GET"]}}],"collection":[{"href":"https:\/\/www.hoymercedes.com.ar\/principal\/wp-json\/wp\/v2\/posts"}],"about":[{"href":"https:\/\/www.hoymercedes.com.ar\/principal\/wp-json\/wp\/v2\/types\/post"}],"author":[{"embeddable":true,"href":"https:\/\/www.hoymercedes.com.ar\/principal\/wp-json\/wp\/v2\/users\/1"}],"replies":[{"embeddable":true,"href":"https:\/\/www.hoymercedes.com.ar\/principal\/wp-json\/wp\/v2\/comments?post=90390"}],"version-history":[{"count":0,"href":"https:\/\/www.hoymercedes.com.ar\/principal\/wp-json\/wp\/v2\/posts\/90390\/revisions"}],"wp:featuredmedia":[{"embeddable":true,"href":"https:\/\/www.hoymercedes.com.ar\/principal\/wp-json\/wp\/v2\/media\/90391"}],"wp:attachment":[{"href":"https:\/\/www.hoymercedes.com.ar\/principal\/wp-json\/wp\/v2\/media?parent=90390"}],"wp:term":[{"taxonomy":"category","embeddable":true,"href":"https:\/\/www.hoymercedes.com.ar\/principal\/wp-json\/wp\/v2\/categories?post=90390"},{"taxonomy":"post_tag","embeddable":true,"href":"https:\/\/www.hoymercedes.com.ar\/principal\/wp-json\/wp\/v2\/tags?post=90390"}],"curies":[{"name":"wp","href":"https:\/\/api.w.org\/{rel}","templated":true}]}}