{"id":90406,"date":"2019-03-30T16:07:49","date_gmt":"2019-03-30T19:07:49","guid":{"rendered":"http:\/\/www.hoymercedes.com.ar\/principal\/?p=90406"},"modified":"2019-03-30T16:16:45","modified_gmt":"2019-03-30T19:16:45","slug":"este-lunes-sera-la-vigilia-por-el-dia-del-veterano-de-malvinas","status":"publish","type":"post","link":"https:\/\/www.hoymercedes.com.ar\/principal\/2019\/03\/30\/este-lunes-sera-la-vigilia-por-el-dia-del-veterano-de-malvinas\/","title":{"rendered":"Este lunes ser\u00e1 la vigilia por el D\u00eda del Veterano de Malvinas"},"content":{"rendered":"\n<p>En la noche del lunes 1\u00b0 de abril, habr\u00e1 pe\u00f1a y vigilia solidaria en homenaje a los Veteranos de la Guerra de Malvinas. En el Centro Cultural La Trocha, desde la hora 21, la entrada es un bono contribuci\u00f3n de 50 pesos, para la construcci\u00f3n de la Casa del Veterano. <br><\/p>\n\n\n\n<p>La propuesta solidaria que impulsaron los \u201cAmigos Pe\u00f1eros\u201d reunir\u00e1 a un grupo de artistas que sobre el escenario formar\u00e1n parte de la vigilia. Actuar\u00e1n: Gonzalo Jes\u00fas, Fernando Pazos, Tr\u00edo Los Amigos, Sachapampa, Semilla Agreste, Los L\u00f3pez Heredia, Isat Vastar, Ballet Ayekan, Ballet Municipal Estrella del Sur, Ballet A\u00f1oranzas de mi Tierra, y Ballet Santa Cecilia. <\/p>\n","protected":false},"excerpt":{"rendered":"<p>En la noche del lunes 1\u00b0 de abril, habr\u00e1 pe\u00f1a y vigilia solidaria en homenaje a los Veteranos de la &#8230; <a title=\"Este lunes ser\u00e1 la vigilia por el D\u00eda del Veterano de Malvinas\" class=\"read-more\" href=\"https:\/\/www.hoymercedes.com.ar\/principal\/2019\/03\/30\/este-lunes-sera-la-vigilia-por-el-dia-del-veterano-de-malvinas\/\" aria-label=\"Leer m\u00e1s sobre Este lunes ser\u00e1 la vigilia por el D\u00eda del Veterano de Malvinas\">Leer m\u00e1s<\/a><\/p>\n","protected":false},"author":1,"featured_media":90407,"comment_status":"closed","ping_status":"open","sticky":false,"template":"","format":"standard","meta":{"_monsterinsights_skip_tracking":false,"_monsterinsights_sitenote_active":false,"_monsterinsights_sitenote_note":"","_monsterinsights_sitenote_category":0,"jetpack_post_was_ever_published":false,"_jetpack_newsletter_access":"","_jetpack_dont_email_post_to_subs":false,"_jetpack_newsletter_tier_id":0,"_jetpack_memberships_contains_paywalled_content":false,"_jetpack_memberships_contains_paid_content":false,"footnotes":"","jetpack_publicize_message":"","jetpack_publicize_feature_enabled":true,"jetpack_social_post_already_shared":true,"jetpack_social_options":{"image_generator_settings":{"template":"highway","default_image_id":0,"font":"","enabled":false},"version":2},"_wpas_customize_per_network":false},"categories":[104],"tags":[12231,14698,8754],"class_list":["post-90406","post","type-post","status-publish","format-standard","has-post-thumbnail","hentry","category-cultura","tag-amigos-peneros","tag-dia-del-veterano-de-malvinas","tag-vigilia","generate-columns","tablet-grid-50","mobile-grid-100","grid-parent","grid-50"],"jetpack_publicize_connections":[],"jetpack_featured_media_url":"https:\/\/www.hoymercedes.com.ar\/principal\/wp-content\/uploads\/2019\/03\/30-InvitacionMalvinas.jpg","wps_subtitle":"A partir de las 21","jetpack_sharing_enabled":true,"_links":{"self":[{"href":"https:\/\/www.hoymercedes.com.ar\/principal\/wp-json\/wp\/v2\/posts\/90406","targetHints":{"allow":["GET"]}}],"collection":[{"href":"https:\/\/www.hoymercedes.com.ar\/principal\/wp-json\/wp\/v2\/posts"}],"about":[{"href":"https:\/\/www.hoymercedes.com.ar\/principal\/wp-json\/wp\/v2\/types\/post"}],"author":[{"embeddable":true,"href":"https:\/\/www.hoymercedes.com.ar\/principal\/wp-json\/wp\/v2\/users\/1"}],"replies":[{"embeddable":true,"href":"https:\/\/www.hoymercedes.com.ar\/principal\/wp-json\/wp\/v2\/comments?post=90406"}],"version-history":[{"count":0,"href":"https:\/\/www.hoymercedes.com.ar\/principal\/wp-json\/wp\/v2\/posts\/90406\/revisions"}],"wp:featuredmedia":[{"embeddable":true,"href":"https:\/\/www.hoymercedes.com.ar\/principal\/wp-json\/wp\/v2\/media\/90407"}],"wp:attachment":[{"href":"https:\/\/www.hoymercedes.com.ar\/principal\/wp-json\/wp\/v2\/media?parent=90406"}],"wp:term":[{"taxonomy":"category","embeddable":true,"href":"https:\/\/www.hoymercedes.com.ar\/principal\/wp-json\/wp\/v2\/categories?post=90406"},{"taxonomy":"post_tag","embeddable":true,"href":"https:\/\/www.hoymercedes.com.ar\/principal\/wp-json\/wp\/v2\/tags?post=90406"}],"curies":[{"name":"wp","href":"https:\/\/api.w.org\/{rel}","templated":true}]}}