{"id":90410,"date":"2019-03-30T17:07:56","date_gmt":"2019-03-30T20:07:56","guid":{"rendered":"http:\/\/www.hoymercedes.com.ar\/principal\/?p=90410"},"modified":"2019-03-30T16:16:11","modified_gmt":"2019-03-30T19:16:11","slug":"el-gobierno-de-ustarroz-refuerza-su-alianza-con-los-panuelos-celestes","status":"publish","type":"post","link":"https:\/\/www.hoymercedes.com.ar\/principal\/2019\/03\/30\/el-gobierno-de-ustarroz-refuerza-su-alianza-con-los-panuelos-celestes\/","title":{"rendered":"\u00abEl gobierno de Ustarroz refuerza su alianza con los pa\u00f1uelos celestes\u00bb"},"content":{"rendered":"\n<p>Por Mar\u00eda Maldonado* &#8211; Los v\u00ednculos con la iglesia cat\u00f3lica se refuerzan\nante el auspicio de la visita del padre Pepe Di Paola por parte del gobierno\nlocal. Siguiendo la l\u00ednea con lo establecido por&nbsp;&nbsp;Cristina en el\npedido de no enojarse con la iglesia y la incorporaci\u00f3n de los pa\u00f1uelos verdes\ncon los celestes en un mismo espacio, desde el gobierno local dan cuenta de las\nalianzas que siguen estableciendo con instituciones religiosas que han sido una\ntraba fundamental para lograr el derecho al aborto legal en Argentina y son el\nsoporte ideol\u00f3gico de grupos como: \u201cSalvemos las dos vidas\u201d y \u201cCon mis hijos no\nte metas\u201d. Pepe Di Paola es uno de los enviados directos del vaticano, es qui\u00e9n\nescribi\u00f3 la carta de los curas villeros afirmando que las pobres no abortan y\nuno de los expositores que defendi\u00f3 mantener la ilegalidad del aborto en\nArgentina en el congreso<\/p>\n\n\n\n<p>El hecho que un sacerdote de una charla en nuestra\nciudad no es repudiable de por s\u00ed, pero lo es cuando el auspicio viene de parte\ndel gobierno. Y en este sentido tanto el macrismo como el kirchnerismo local\nhacen frente \u00fanico. Hace unas semanas atr\u00e1s, a dos d\u00edas de conmemorarse el 8 de\nmarzo, el gobierno nacional firm\u00f3 un acuerdo para atenci\u00f3n de adolescente con\nembarazos no deseados, con una instituci\u00f3n anti derechos vinculada a la iglesia\nevangelista, otorgando una partida presupuestaria de 143 millones de pesos. Fue\ntal el rechazo social que provoc\u00f3 esta medida que tuvo que hacer marcha atr\u00e1s,\npero no sin antes depositar el 50% del monto acordado. Por otro lado el\ngobierno local y sus representantes en el Honorable Concejo Deliberante, junto\na los concejales de Cambiemos cajonearon el pedido de pronunciamiento sobre la\nlegalizaci\u00f3n del aborto, presentado por la Asamblea de Mujeres Mercedinas<\/p>\n\n\n\n<p>Los v\u00ednculos entre el k y la iglesia cat\u00f3lica\nvienen desde hace rato. Todos recordaran el recule que muchos militantes de\nesta fuerza pol\u00edtica debieron hacer frente a sus declaraciones de rechazo por\nla elecci\u00f3n de Francisco como papa. Luego la reforma del c\u00f3digo civil perge\u00f1ada\npor el vaticano y enviada en 2014, donde se establece la modificaci\u00f3n en la que\nse considera la vida desde el momento de la concepci\u00f3n. Lopez y sus bolsos,\nencontrados en un monasterio. Los subsidios a las escuelas confesionales en\ndetrimento de las escuelas p\u00fablicas. Los subsidios a los cargos eclesi\u00e1sticos.\nLa ESI y su art\u00edculo 5, donde se deja en mano del ideario institucional la\nense\u00f1anza de la educaci\u00f3n sexual, y podemos seguir. A nivel local no se quedan\natr\u00e1s y en 2017&nbsp;&nbsp;la intendencia&nbsp;&nbsp;eligi\u00f3 subsidiar con\n$186.000 la obra del techo de una iglesia y con 400 pollos al Conservatorio de\nm\u00fasica para que, a trav\u00e9s de una pollada solidaria, solucionen los problemas\nedilicios que ten\u00eda la instituci\u00f3n. Dado que el dinero segu\u00eda sin alcanzar, a\nla iglesia se le organiz\u00f3 una cena solidaria a fin de seguir recaudando. A la\ncomunidad educativa del conservatorio se los mand\u00f3 a trabajar en la parrila y a\nla iglesia se la sirvi\u00f3 en bandeja.<\/p>\n\n\n\n<p>Este raconto sirve para dejar en claro cu\u00e1les son\nlas intenciones reales del kirchnerismo y cu\u00e1les son sus alianzas y l\u00edmites.\nCercanos al periodo electoral es que prometen que un cambio de gobierno en\nfavor del K , ser\u00eda el salvavidas que nos permita lograr las conquistas que el\nmovimiento de&nbsp;&nbsp;mujeres viene reclamando en forma contundente, esto es\nuna gran mentira y d\u00eda a d\u00eda lo corroboran dando se\u00f1ales inapelables que son\nlos aliados de la iglesia, ya sea que sus direcciones sindicales llamen a una\nmisa, que la diputada mercedina Siley convoque a la bas\u00edlica de Lujan con\nnuestros pa\u00f1uelos verdes, o la negativa durante 12 a\u00f1os de tratar el proyecto\nsobre el aborto legal en Argentina.<\/p>\n\n\n\n<p>En forma consecuente a nuestra\ncaracterizaci\u00f3n&nbsp;&nbsp;hemos advertido de \u00e9stos cambios de posici\u00f3n\nacomodaticios y sostenido la necesidad de la separaci\u00f3n de la iglesia del\nestado como una de las banderas que debemos tomar si queremos romper con las trabas\nde un sector oscurantista que es un verdadero poder pol\u00edtico.<\/p>\n\n\n\n<p>Es este sector a trav\u00e9s de sus representantes\ndirectos, curas, el que sirve como contenci\u00f3n frente a la miseria social que\nvivimos y lo mismo que los evangelistas garantizan el apaciguamiento de los m\u00e1s\npobres. A la resignaci\u00f3n que promueve Pepe Di Paola, nosotros proponemos la\norganizaci\u00f3n y lucha por nuestros derechos.<\/p>\n\n\n\n<p>*Maria Maldonado: Integrante del Partido Obrero-PdT y participe de la Asamblea de Mujeres Mercedinas<\/p>\n","protected":false},"excerpt":{"rendered":"<p>Por Mar\u00eda Maldonado* &#8211; Los v\u00ednculos con la iglesia cat\u00f3lica se refuerzan ante el auspicio de la visita del padre &#8230; <a title=\"\u00abEl gobierno de Ustarroz refuerza su alianza con los pa\u00f1uelos celestes\u00bb\" class=\"read-more\" href=\"https:\/\/www.hoymercedes.com.ar\/principal\/2019\/03\/30\/el-gobierno-de-ustarroz-refuerza-su-alianza-con-los-panuelos-celestes\/\" aria-label=\"Leer m\u00e1s sobre \u00abEl gobierno de Ustarroz refuerza su alianza con los pa\u00f1uelos celestes\u00bb\">Leer m\u00e1s<\/a><\/p>\n","protected":false},"author":1,"featured_media":40815,"comment_status":"closed","ping_status":"open","sticky":false,"template":"","format":"standard","meta":{"_monsterinsights_skip_tracking":false,"_monsterinsights_sitenote_active":false,"_monsterinsights_sitenote_note":"","_monsterinsights_sitenote_category":0,"jetpack_post_was_ever_published":false,"_jetpack_newsletter_access":"","_jetpack_dont_email_post_to_subs":false,"_jetpack_newsletter_tier_id":0,"_jetpack_memberships_contains_paywalled_content":false,"_jetpack_memberships_contains_paid_content":false,"footnotes":"","jetpack_publicize_message":"","jetpack_publicize_feature_enabled":true,"jetpack_social_post_already_shared":true,"jetpack_social_options":{"image_generator_settings":{"template":"highway","default_image_id":0,"font":"","enabled":false},"version":2},"_wpas_customize_per_network":false},"categories":[1],"tags":[12569,8748,1045,5319],"class_list":["post-90410","post","type-post","status-publish","format-standard","has-post-thumbnail","hentry","category-opinion","tag-asamblea-de-mujeres-mercedinas","tag-opinion","tag-partido-obrero","tag-politica-2","generate-columns","tablet-grid-50","mobile-grid-100","grid-parent","grid-50"],"jetpack_publicize_connections":[],"jetpack_featured_media_url":"https:\/\/www.hoymercedes.com.ar\/principal\/wp-content\/uploads\/2015\/04\/mariamaldonado-partidoobrero.jpg","wps_subtitle":"A prop\u00f3sito de la charla auspiciada por el municipio del padre Pepe","jetpack_sharing_enabled":true,"_links":{"self":[{"href":"https:\/\/www.hoymercedes.com.ar\/principal\/wp-json\/wp\/v2\/posts\/90410","targetHints":{"allow":["GET"]}}],"collection":[{"href":"https:\/\/www.hoymercedes.com.ar\/principal\/wp-json\/wp\/v2\/posts"}],"about":[{"href":"https:\/\/www.hoymercedes.com.ar\/principal\/wp-json\/wp\/v2\/types\/post"}],"author":[{"embeddable":true,"href":"https:\/\/www.hoymercedes.com.ar\/principal\/wp-json\/wp\/v2\/users\/1"}],"replies":[{"embeddable":true,"href":"https:\/\/www.hoymercedes.com.ar\/principal\/wp-json\/wp\/v2\/comments?post=90410"}],"version-history":[{"count":0,"href":"https:\/\/www.hoymercedes.com.ar\/principal\/wp-json\/wp\/v2\/posts\/90410\/revisions"}],"wp:featuredmedia":[{"embeddable":true,"href":"https:\/\/www.hoymercedes.com.ar\/principal\/wp-json\/wp\/v2\/media\/40815"}],"wp:attachment":[{"href":"https:\/\/www.hoymercedes.com.ar\/principal\/wp-json\/wp\/v2\/media?parent=90410"}],"wp:term":[{"taxonomy":"category","embeddable":true,"href":"https:\/\/www.hoymercedes.com.ar\/principal\/wp-json\/wp\/v2\/categories?post=90410"},{"taxonomy":"post_tag","embeddable":true,"href":"https:\/\/www.hoymercedes.com.ar\/principal\/wp-json\/wp\/v2\/tags?post=90410"}],"curies":[{"name":"wp","href":"https:\/\/api.w.org\/{rel}","templated":true}]}}