{"id":90414,"date":"2019-03-30T18:10:22","date_gmt":"2019-03-30T21:10:22","guid":{"rendered":"http:\/\/www.hoymercedes.com.ar\/principal\/?p=90414"},"modified":"2019-03-30T16:36:51","modified_gmt":"2019-03-30T19:36:51","slug":"selva-junto-a-massa-en-pergamino-cuestionaron-insensibilidad-de-macri","status":"publish","type":"post","link":"https:\/\/www.hoymercedes.com.ar\/principal\/2019\/03\/30\/selva-junto-a-massa-en-pergamino-cuestionaron-insensibilidad-de-macri\/","title":{"rendered":"Selva junto a Massa, en Pergamino, cuestionaron \u201cinsensibilidad\u201d de Macri"},"content":{"rendered":"\n<p>El Diputado Carlos Selva acompa\u00f1\u00f3 a Sergio Massa, l\u00edder del Frente Renovador, en su visita al Instituto Maiztegui, de Pergamino. All\u00ed cuestionaron las pol\u00edticas del Gobierno Nacional y reclamaron que \u201cdejen de mirar a la investigaci\u00f3n, la ciencia y la tecnolog\u00eda sanitaria como un tema de n\u00fameros\u201d. <\/p>\n\n\n\n<figure class=\"wp-block-image\"><img loading=\"lazy\" decoding=\"async\" width=\"750\" height=\"501\" data-attachment-id=\"90416\" data-permalink=\"https:\/\/www.hoymercedes.com.ar\/principal\/2019\/03\/30\/selva-junto-a-massa-en-pergamino-cuestionaron-insensibilidad-de-macri\/30-selva-pergamino-2\/#main\" data-orig-file=\"https:\/\/www.hoymercedes.com.ar\/principal\/wp-content\/uploads\/2019\/03\/30-selva-pergamino-2.jpg\" data-orig-size=\"750,501\" data-comments-opened=\"0\" data-image-meta=\"{&quot;aperture&quot;:&quot;0&quot;,&quot;credit&quot;:&quot;&quot;,&quot;camera&quot;:&quot;&quot;,&quot;caption&quot;:&quot;&quot;,&quot;created_timestamp&quot;:&quot;0&quot;,&quot;copyright&quot;:&quot;&quot;,&quot;focal_length&quot;:&quot;0&quot;,&quot;iso&quot;:&quot;0&quot;,&quot;shutter_speed&quot;:&quot;0&quot;,&quot;title&quot;:&quot;&quot;,&quot;orientation&quot;:&quot;0&quot;}\" data-image-title=\"30 selva pergamino 2\" data-image-description=\"\" data-image-caption=\"\" data-large-file=\"https:\/\/www.hoymercedes.com.ar\/principal\/wp-content\/uploads\/2019\/03\/30-selva-pergamino-2.jpg\" src=\"https:\/\/www.hoymercedes.com.ar\/principal\/wp-content\/uploads\/2019\/03\/30-selva-pergamino-2.jpg\" alt=\"\" class=\"wp-image-90416\" srcset=\"https:\/\/www.hoymercedes.com.ar\/principal\/wp-content\/uploads\/2019\/03\/30-selva-pergamino-2.jpg 750w, https:\/\/www.hoymercedes.com.ar\/principal\/wp-content\/uploads\/2019\/03\/30-selva-pergamino-2-150x100.jpg 150w, https:\/\/www.hoymercedes.com.ar\/principal\/wp-content\/uploads\/2019\/03\/30-selva-pergamino-2-630x421.jpg 630w, https:\/\/www.hoymercedes.com.ar\/principal\/wp-content\/uploads\/2019\/03\/30-selva-pergamino-2-720x480.jpg 720w, https:\/\/www.hoymercedes.com.ar\/principal\/wp-content\/uploads\/2019\/03\/30-selva-pergamino-2-360x240.jpg 360w\" sizes=\"auto, (max-width: 750px) 100vw, 750px\" \/><\/figure>\n\n\n\n<p>Acompa\u00f1aron a Massa en su visita a Pergamino los diputados nacionales Cecilia Moreau, Marcela Passo, Carlos Selva, el diputado provincial Lisandro Bonelli y la referente local Marita Conti, entre otros.<\/p>\n\n\n\n<p>El propio Carlos Selva destac\u00f3 tras la recorrida que \u201cel Instituto realiza un aporte muy importante para la prevenci\u00f3n de enfermedades como el hantavirus o el dengue, y, lamentablemente hoy est\u00e1 siendo desfinanciado por el Gobierno Nacional, teniendo que relegar la producci\u00f3n de vacunas para poder pagar la luz\u201d.<\/p>\n\n\n\n<p>\u201cLa insensibilidad del Gobierno de Macri no tiene en cuenta que detr\u00e1s de cada mala decisi\u00f3n hay un argentino que la est\u00e1 pasando mal\u201d, dijo Selva.<\/p>\n\n\n\n<p>\u201cNos comprometimos a acompa\u00f1ar la lucha del Instituto Maiztegui y vamos a manifestarlo desde el Bloque en la C\u00e1mara de Diputados, porque el Estado debe proteger la salud de los argentinos protegiendo la innovaci\u00f3n, la ciencia y la tecnolog\u00eda\u201d, complet\u00f3 el mercedino.<\/p>\n\n\n\n<figure class=\"wp-block-image\"><img loading=\"lazy\" decoding=\"async\" width=\"750\" height=\"562\" data-attachment-id=\"90415\" data-permalink=\"https:\/\/www.hoymercedes.com.ar\/principal\/2019\/03\/30\/selva-junto-a-massa-en-pergamino-cuestionaron-insensibilidad-de-macri\/30-selva-pergamino-1\/#main\" data-orig-file=\"https:\/\/www.hoymercedes.com.ar\/principal\/wp-content\/uploads\/2019\/03\/30-selva-pergamino-1.jpg\" data-orig-size=\"750,562\" data-comments-opened=\"0\" data-image-meta=\"{&quot;aperture&quot;:&quot;0&quot;,&quot;credit&quot;:&quot;&quot;,&quot;camera&quot;:&quot;&quot;,&quot;caption&quot;:&quot;&quot;,&quot;created_timestamp&quot;:&quot;0&quot;,&quot;copyright&quot;:&quot;&quot;,&quot;focal_length&quot;:&quot;0&quot;,&quot;iso&quot;:&quot;0&quot;,&quot;shutter_speed&quot;:&quot;0&quot;,&quot;title&quot;:&quot;&quot;,&quot;orientation&quot;:&quot;0&quot;}\" data-image-title=\"30 selva pergamino 1\" data-image-description=\"\" data-image-caption=\"\" data-large-file=\"https:\/\/www.hoymercedes.com.ar\/principal\/wp-content\/uploads\/2019\/03\/30-selva-pergamino-1.jpg\" src=\"https:\/\/www.hoymercedes.com.ar\/principal\/wp-content\/uploads\/2019\/03\/30-selva-pergamino-1.jpg\" alt=\"\" class=\"wp-image-90415\" srcset=\"https:\/\/www.hoymercedes.com.ar\/principal\/wp-content\/uploads\/2019\/03\/30-selva-pergamino-1.jpg 750w, https:\/\/www.hoymercedes.com.ar\/principal\/wp-content\/uploads\/2019\/03\/30-selva-pergamino-1-150x112.jpg 150w, https:\/\/www.hoymercedes.com.ar\/principal\/wp-content\/uploads\/2019\/03\/30-selva-pergamino-1-630x472.jpg 630w, https:\/\/www.hoymercedes.com.ar\/principal\/wp-content\/uploads\/2019\/03\/30-selva-pergamino-1-320x240.jpg 320w, https:\/\/www.hoymercedes.com.ar\/principal\/wp-content\/uploads\/2019\/03\/30-selva-pergamino-1-100x75.jpg 100w\" sizes=\"auto, (max-width: 750px) 100vw, 750px\" \/><\/figure>\n\n\n\n<p>\u201cFracas\u00f3 Macri y un equipo que sigue en esa l\u00f3gica de decir que tiremos del mismo carro cuando el carro no tiene ruedas y adem\u00e1s el que conduce no sabe a d\u00f3nde va\u201d, objet\u00f3 Massa, que visit\u00f3, este viernes 29 el Instituto Nacional de Enfermedades Virales donde dialog\u00f3 con sus autoridades y los trabajadores. En ese contexto, afirm\u00f3: \u201cVinimos para poner en la agenda pol\u00edtica nacional la advertencia de que el ajuste ha llegado a un lugar muy sensible, porque hoy no se est\u00e1n produciendo vacunas y se trabaja con el stock\u201d.<\/p>\n\n\n\n<p>\u201cProducto de un ajuste econ\u00f3mico que se aplica sobre sectores de salud, investigaci\u00f3n y de ciencia, se est\u00e1 poniendo en riesgo la salud de millones de argentinos. Es parte de esa mirada insensible e inhumana de creer que los n\u00fameros de un presupuesto son solo una ecuaci\u00f3n que se mira desde una oficina de Buenos Aires sin entender cu\u00e1l es la l\u00f3gica de cada proyecto\u201d, dijo.<\/p>\n\n\n\n<p>\u201cEl Estado tiene que cuidar y proteger, pero en esta l\u00f3gica del ajuste no lo hace, abandona y deja de invertir\u201d, indic\u00f3 y adelant\u00f3 que su espacio, desde el parlamento y desde la acci\u00f3n judicial si es necesario, va a plantear la necesidad de no abandonar la producci\u00f3n de vacunas: \u201cSon cinco millones de argentinos que est\u00e1n en riesgo, y a los que el gobierno pareciera que no les importan\u201d.<\/p>\n\n\n\n<p>Sobre la situaci\u00f3n actual que atraviesa el pa\u00eds y de cara al escenario electoral, sostuvo: \u201cNosotros lo que tenemos ahora son sesenta d\u00edas para ir a abrazar a los que est\u00e1n desilusionados y decirles que no fracasaron ellos, sino que fracas\u00f3 Macri y un equipo que viene definitivamente equivoc\u00e1ndose en el rumbo, y que adem\u00e1s sigue en esa l\u00f3gica de decir que tiremos del mismo carro cuando el carro no tiene ruedas y el que conduce no sabe a d\u00f3nde va\u201d.<\/p>\n\n\n\n<figure class=\"wp-block-image\"><img loading=\"lazy\" decoding=\"async\" width=\"750\" height=\"501\" data-attachment-id=\"90417\" data-permalink=\"https:\/\/www.hoymercedes.com.ar\/principal\/2019\/03\/30\/selva-junto-a-massa-en-pergamino-cuestionaron-insensibilidad-de-macri\/30-selva-pergamino-3\/#main\" data-orig-file=\"https:\/\/www.hoymercedes.com.ar\/principal\/wp-content\/uploads\/2019\/03\/30-selva-pergamino-3.jpg\" data-orig-size=\"750,501\" data-comments-opened=\"0\" data-image-meta=\"{&quot;aperture&quot;:&quot;0&quot;,&quot;credit&quot;:&quot;&quot;,&quot;camera&quot;:&quot;&quot;,&quot;caption&quot;:&quot;&quot;,&quot;created_timestamp&quot;:&quot;0&quot;,&quot;copyright&quot;:&quot;&quot;,&quot;focal_length&quot;:&quot;0&quot;,&quot;iso&quot;:&quot;0&quot;,&quot;shutter_speed&quot;:&quot;0&quot;,&quot;title&quot;:&quot;&quot;,&quot;orientation&quot;:&quot;0&quot;}\" data-image-title=\"30 selva pergamino 3\" data-image-description=\"\" data-image-caption=\"\" data-large-file=\"https:\/\/www.hoymercedes.com.ar\/principal\/wp-content\/uploads\/2019\/03\/30-selva-pergamino-3.jpg\" src=\"https:\/\/www.hoymercedes.com.ar\/principal\/wp-content\/uploads\/2019\/03\/30-selva-pergamino-3.jpg\" alt=\"\" class=\"wp-image-90417\" srcset=\"https:\/\/www.hoymercedes.com.ar\/principal\/wp-content\/uploads\/2019\/03\/30-selva-pergamino-3.jpg 750w, https:\/\/www.hoymercedes.com.ar\/principal\/wp-content\/uploads\/2019\/03\/30-selva-pergamino-3-150x100.jpg 150w, https:\/\/www.hoymercedes.com.ar\/principal\/wp-content\/uploads\/2019\/03\/30-selva-pergamino-3-630x421.jpg 630w, https:\/\/www.hoymercedes.com.ar\/principal\/wp-content\/uploads\/2019\/03\/30-selva-pergamino-3-720x480.jpg 720w, https:\/\/www.hoymercedes.com.ar\/principal\/wp-content\/uploads\/2019\/03\/30-selva-pergamino-3-360x240.jpg 360w\" sizes=\"auto, (max-width: 750px) 100vw, 750px\" \/><\/figure>\n","protected":false},"excerpt":{"rendered":"<p>El Diputado Carlos Selva acompa\u00f1\u00f3 a Sergio Massa, l\u00edder del Frente Renovador, en su visita al Instituto Maiztegui, de Pergamino. &#8230; <a title=\"Selva junto a Massa, en Pergamino, cuestionaron \u201cinsensibilidad\u201d de Macri\" class=\"read-more\" href=\"https:\/\/www.hoymercedes.com.ar\/principal\/2019\/03\/30\/selva-junto-a-massa-en-pergamino-cuestionaron-insensibilidad-de-macri\/\" aria-label=\"Leer m\u00e1s sobre Selva junto a Massa, en Pergamino, cuestionaron \u201cinsensibilidad\u201d de Macri\">Leer m\u00e1s<\/a><\/p>\n","protected":false},"author":1,"featured_media":90417,"comment_status":"closed","ping_status":"open","sticky":false,"template":"","format":"standard","meta":{"_monsterinsights_skip_tracking":false,"_monsterinsights_sitenote_active":false,"_monsterinsights_sitenote_note":"","_monsterinsights_sitenote_category":0,"jetpack_post_was_ever_published":false,"_jetpack_newsletter_access":"","_jetpack_dont_email_post_to_subs":false,"_jetpack_newsletter_tier_id":0,"_jetpack_memberships_contains_paywalled_content":false,"_jetpack_memberships_contains_paid_content":false,"footnotes":"","jetpack_publicize_message":"","jetpack_publicize_feature_enabled":true,"jetpack_social_post_already_shared":true,"jetpack_social_options":{"image_generator_settings":{"template":"highway","default_image_id":0,"font":"","enabled":false},"version":2},"_wpas_customize_per_network":false},"categories":[5210],"tags":[39,3537,10113],"class_list":["post-90414","post","type-post","status-publish","format-standard","has-post-thumbnail","hentry","category-politica-nacional","tag-carlos-selva","tag-frente-renovador","tag-politica-nacional","generate-columns","tablet-grid-50","mobile-grid-100","grid-parent","grid-50"],"jetpack_publicize_connections":[],"jetpack_featured_media_url":"https:\/\/www.hoymercedes.com.ar\/principal\/wp-content\/uploads\/2019\/03\/30-selva-pergamino-3.jpg","wps_subtitle":"Desde el Frente Renovador","jetpack_sharing_enabled":true,"_links":{"self":[{"href":"https:\/\/www.hoymercedes.com.ar\/principal\/wp-json\/wp\/v2\/posts\/90414","targetHints":{"allow":["GET"]}}],"collection":[{"href":"https:\/\/www.hoymercedes.com.ar\/principal\/wp-json\/wp\/v2\/posts"}],"about":[{"href":"https:\/\/www.hoymercedes.com.ar\/principal\/wp-json\/wp\/v2\/types\/post"}],"author":[{"embeddable":true,"href":"https:\/\/www.hoymercedes.com.ar\/principal\/wp-json\/wp\/v2\/users\/1"}],"replies":[{"embeddable":true,"href":"https:\/\/www.hoymercedes.com.ar\/principal\/wp-json\/wp\/v2\/comments?post=90414"}],"version-history":[{"count":0,"href":"https:\/\/www.hoymercedes.com.ar\/principal\/wp-json\/wp\/v2\/posts\/90414\/revisions"}],"wp:featuredmedia":[{"embeddable":true,"href":"https:\/\/www.hoymercedes.com.ar\/principal\/wp-json\/wp\/v2\/media\/90417"}],"wp:attachment":[{"href":"https:\/\/www.hoymercedes.com.ar\/principal\/wp-json\/wp\/v2\/media?parent=90414"}],"wp:term":[{"taxonomy":"category","embeddable":true,"href":"https:\/\/www.hoymercedes.com.ar\/principal\/wp-json\/wp\/v2\/categories?post=90414"},{"taxonomy":"post_tag","embeddable":true,"href":"https:\/\/www.hoymercedes.com.ar\/principal\/wp-json\/wp\/v2\/tags?post=90414"}],"curies":[{"name":"wp","href":"https:\/\/api.w.org\/{rel}","templated":true}]}}