{"id":9043,"date":"2011-11-12T18:13:20","date_gmt":"2011-11-12T18:13:20","guid":{"rendered":"http:\/\/www.hoymercedes.com.ar\/principal\/?p=9043"},"modified":"2011-11-12T18:13:20","modified_gmt":"2011-11-12T18:13:20","slug":"reflotaran-el-trabajo-del-instituto-historico-cultural-y-social-%e2%80%9cjuan-manuel-de-rosas%e2%80%9d","status":"publish","type":"post","link":"https:\/\/www.hoymercedes.com.ar\/principal\/2011\/11\/12\/reflotaran-el-trabajo-del-instituto-historico-cultural-y-social-%e2%80%9cjuan-manuel-de-rosas%e2%80%9d\/","title":{"rendered":"Reflotaran el trabajo del Instituto Hist\u00f3rico, Cultural y Social \u201cJuan Manuel de Rosas\u201d"},"content":{"rendered":"<p>Un grupo de vecinos de nuestra ciudad se encuentra trabajando activamente en la reactivaci\u00f3n de lo que en su momento fue la filial en Mercedes del Instituto Hist\u00f3rico, Cultural y Social \u201cJuan Manuel de Rosas\u201d contando por entonces con la participaci\u00f3n entre otros del Dr. Ignacio Garcer\u00f3n, el ex candidato a concejal Alejandro Molle, el profesor Ricardo Tabossi, el recordado Carlos Etcheh\u00fan, M\u00f3nica Brown y Mat\u00edas Marchessini solo por citar algunos.<\/p>\n<p>Con el correr del tiempo las tareas del mencionado Instituto se fue desdibujando a tal punto que en los \u00faltimos a\u00f1os sus actividades fueron virtualmente nulas pero ahora aquellos que lo integraban a quienes se suman nuevos integrante ahora se han propuesto la tarea de reflotar las actividades y como primer paso estar\u00e1n organizando para el lunes 21 el acto en conmemoraci\u00f3n del D\u00eda de la Soberan\u00eda recordando al epopeya de La Vuelta de Obligado.<\/p>\n<p>En tal sentido Juan Manuel Bories Maxwell y Juan Ignacio Gallo expresaron \u201cjunto al profesor Ricardo Tabossi y un significativo n\u00famero de vecinos de nuestra ciudad hemos decidido volver a impulsar las tareas del Instituto de Estudios Hist\u00f3ricos y Sociales \u201cJuan Manuel de Rosas\u201d en nuestro medio tratando de retomar y acrecentar las actividades que en determinado momento se llevaban a cabo con nuestra comunidad.<\/p>\n<p>Para ello estamos trabajando de manera conjunta con los responsables a nivel nacional del Instituto para que el lunes 21 de este mes, estemos organizando el acto conmemorativo del D\u00eda de la Soberan\u00eda Nacional recordando nada menos que aquel combate de la Vuelta de Obligado contra la invasi\u00f3n anglo- francesa y su flota naval que pretend\u00eda desembarcar en nuestro territorio siendo totalmente rechazados por un grupo de verdaderos patriotas que ya por entonces se jugaban sus vidas por defender a la Patria.<\/p>\n<p>Le hemos informado al Intendente carlosSelva acerca de la decisi\u00f3n de llevar adelante dicho acto en la rotonda de las avenidas 1 y 40 donde justamente se encuentra emplazado el busto del Brigadier General Don Juan Manuel de Rosas, lugar donde por cierto a lo largo de los \u00faltimos a\u00f1os se efectuaba el acto que ahora nosotros vamos concretar.<\/p>\n<p>Tenemos la palabra dada de los integrantes de la conducci\u00f3n nacional del Instituto asegurando la participaci\u00f3n de los mismos en el acto y a partir de ello en nuestro medio comenzara nuevamente la tarea hist\u00f3rica, cultural y social que siempre caracteriz\u00f3 a nuestro Instituto.<\/p>\n<p>Cabe recordar que nosotros el 20 vamos a estar presentes en San Pedro donde se har\u00e1 el acto central en el sector de la Vuelta de Obligado donde tuvo lugar aquel famoso y recordado combate naval contra las fuerzas invasoras con la presencia de autoridades nacionales y una buena cantidad de invitados especiales.<\/p>\n<p>Sinceramente creemos que est\u00e1n dadas todas las condiciones para que en nuestra ciudad de Mercedes vuelva a funcionar una filial del Instituto y para ello nos encontramos abocados a la tarea de preparar una serie de actos que a partir del d\u00eda 21 de este mes se ir\u00e1n llevando a cabo para volver a presentar en sociedad al Instituto y dar a conocer las ideas que tenemos para trabajar en la ciudad<\/p>\n<p>Como lo dijimos ya se le entreg\u00f3 al Intendente la correspondiente invitaci\u00f3n y durante el transcurso de la semana que se avecina estaremos entregando dichas invitaciones a representantes de todos los sectores de nuestra comunidad para que se sumen a esta iniciativa que pretende contar con la adhesi\u00f3n y la fuerza de todos para seguir trabajando en la plena defensa de nuestra soberan\u00eda\u201d<\/p>\n","protected":false},"excerpt":{"rendered":"<p>Un grupo de vecinos de nuestra ciudad se encuentra trabajando activamente en la reactivaci\u00f3n de lo que en su momento &#8230; <a title=\"Reflotaran el trabajo del Instituto Hist\u00f3rico, Cultural y Social \u201cJuan Manuel de Rosas\u201d\" class=\"read-more\" href=\"https:\/\/www.hoymercedes.com.ar\/principal\/2011\/11\/12\/reflotaran-el-trabajo-del-instituto-historico-cultural-y-social-%e2%80%9cjuan-manuel-de-rosas%e2%80%9d\/\" aria-label=\"Leer m\u00e1s sobre Reflotaran el trabajo del Instituto Hist\u00f3rico, Cultural y Social \u201cJuan Manuel de Rosas\u201d\">Leer m\u00e1s<\/a><\/p>\n","protected":false},"author":1,"featured_media":0,"comment_status":"open","ping_status":"open","sticky":false,"template":"","format":"standard","meta":{"_monsterinsights_skip_tracking":false,"_monsterinsights_sitenote_active":false,"_monsterinsights_sitenote_note":"","_monsterinsights_sitenote_category":0,"jetpack_post_was_ever_published":false,"_jetpack_newsletter_access":"","_jetpack_dont_email_post_to_subs":false,"_jetpack_newsletter_tier_id":0,"_jetpack_memberships_contains_paywalled_content":false,"_jetpack_memberships_contains_paid_content":false,"footnotes":"","jetpack_publicize_message":"","jetpack_publicize_feature_enabled":true,"jetpack_social_post_already_shared":false,"jetpack_social_options":{"image_generator_settings":{"template":"highway","default_image_id":0,"font":"","enabled":false},"version":2},"_wpas_customize_per_network":false},"categories":[8],"tags":[1577],"class_list":["post-9043","post","type-post","status-publish","format-standard","hentry","category-sociedad","tag-juan-manuel-de-rosas","generate-columns","tablet-grid-50","mobile-grid-100","grid-parent","grid-50"],"jetpack_publicize_connections":[],"jetpack_featured_media_url":"","wps_subtitle":"","jetpack_sharing_enabled":true,"_links":{"self":[{"href":"https:\/\/www.hoymercedes.com.ar\/principal\/wp-json\/wp\/v2\/posts\/9043","targetHints":{"allow":["GET"]}}],"collection":[{"href":"https:\/\/www.hoymercedes.com.ar\/principal\/wp-json\/wp\/v2\/posts"}],"about":[{"href":"https:\/\/www.hoymercedes.com.ar\/principal\/wp-json\/wp\/v2\/types\/post"}],"author":[{"embeddable":true,"href":"https:\/\/www.hoymercedes.com.ar\/principal\/wp-json\/wp\/v2\/users\/1"}],"replies":[{"embeddable":true,"href":"https:\/\/www.hoymercedes.com.ar\/principal\/wp-json\/wp\/v2\/comments?post=9043"}],"version-history":[{"count":0,"href":"https:\/\/www.hoymercedes.com.ar\/principal\/wp-json\/wp\/v2\/posts\/9043\/revisions"}],"wp:attachment":[{"href":"https:\/\/www.hoymercedes.com.ar\/principal\/wp-json\/wp\/v2\/media?parent=9043"}],"wp:term":[{"taxonomy":"category","embeddable":true,"href":"https:\/\/www.hoymercedes.com.ar\/principal\/wp-json\/wp\/v2\/categories?post=9043"},{"taxonomy":"post_tag","embeddable":true,"href":"https:\/\/www.hoymercedes.com.ar\/principal\/wp-json\/wp\/v2\/tags?post=9043"}],"curies":[{"name":"wp","href":"https:\/\/api.w.org\/{rel}","templated":true}]}}